{"id":22921,"date":"2026-01-24T17:48:36","date_gmt":"2026-01-24T16:48:36","guid":{"rendered":"https:\/\/monde25.info\/index.php\/2026\/01\/24\/audiovisuel-public-patrick-sebastien-sera-finalement-entendu-par-la-commission-denquete\/"},"modified":"2026-01-24T17:48:36","modified_gmt":"2026-01-24T16:48:36","slug":"audiovisuel-public-patrick-sebastien-sera-finalement-entendu-par-la-commission-denquete","status":"publish","type":"post","link":"https:\/\/monde25.info\/index.php\/2026\/01\/24\/audiovisuel-public-patrick-sebastien-sera-finalement-entendu-par-la-commission-denquete\/","title":{"rendered":"Audiovisuel public : Patrick S\u00e9bastien sera finalement entendu par la commission d&rsquo;enqu\u00eate"},"content":{"rendered":"<p> <br \/>\n<\/p>\n<div>\n<p><strong>Apr\u00e8s des semaines d\u2019h\u00e9sitation, la commission d\u2019enqu\u00eate sur l\u2019audiovisuel public s\u2019appr\u00eate \u00e0 auditionner Patrick S\u00e9bastien. Un revirement politique qui r\u00e9v\u00e8le les tensions autour de la gouvernance, de l\u2019humour et de la neutralit\u00e9 du service public.<\/strong><\/p>\n<p>Patrick S\u00e9bastien s\u2019invite \u00e0 nouveau sous les projecteurs institutionnels. Longtemps jug\u00e9e ind\u00e9sirable par le pr\u00e9sident de la commission d\u2019enqu\u00eate sur l\u2019audiovisuel public, son audition devrait finalement \u00eatre propos\u00e9e. Jusqu\u2019o\u00f9 le service public peut-il ignorer ceux qui contestent son fonctionnement de l\u2019int\u00e9rieur ?<\/p>\n<p>L\u2019ancien animateur de <em>France 2<\/em> avait pr\u00e9par\u00e9 le terrain. Le 6 janvier sur <em>CNews<\/em>, il d\u00e9clarait avoir \u00ab beaucoup de choses \u00e0 dire \u00bb et promettait m\u00eame \u00ab des choses tr\u00e8s claires et tr\u00e8s nettes \u00e0 dire sur madame Ernotte et sur tout ce syst\u00e8me \u00bb. Des propos assum\u00e9s, qui avaient crisp\u00e9 J\u00e9r\u00e9mie Patrier-Leitus. Le d\u00e9put\u00e9 confiait alors sur <em>LCP <\/em>ne pas vouloir transformer la commission en \u00ab Plus Grand cabaret du monde \u00bb.<\/p>\n<p>La digue a c\u00e9d\u00e9. \u00ab Sous la pression, le pr\u00e9sident de la commission change son fusil d\u2019\u00e9paule \u00bb, confie un proche au <a target=\"_blank\" href=\"https:\/\/www.lejdd.fr\/politique\/audiovisuel-public-le-president-de-la-commission-denquete-proposera-laudition-de-patrick-sebastien-166046\"><em>JDD<\/em><\/a>, \u00e0 l\u2019origine de l\u2019information. Sur X, le d\u00e9put\u00e9 corrige le tir, d\u00e9non\u00e7ant des \u00ab contre-v\u00e9rit\u00e9s \u00bb et rappelant que Patrick S\u00e9bastien \u00ab a apport\u00e9 beaucoup \u00e0 <em>France T\u00e9l\u00e9visions<\/em> \u00bb. Le populaire reprend soudain droit de cit\u00e9, au nom de la pluralit\u00e9 des points de vue.<\/p>\n<p>Il ne sera qu\u2019un \u00e9pisode d\u2019une enqu\u00eate plus large. Journalistes vedettes, humoristes de <em>France Inter<\/em>, anciens pr\u00e9sidents et bient\u00f4t la ministre de la Culture, Rachida Dati, sont attendus. Selon <em>Le Parisien<\/em>, la commission veut d\u00e9finir une ligne sensible : \u00ab o\u00f9 s\u2019arr\u00eate l\u2019humour et o\u00f9 commence le militantisme politique \u00bb. Un d\u00e9bat qui interroge la mission m\u00eame du service public.<\/p>\n<\/div>\n<p><script>(function(d, s, id) {  var js, fjs = d.getElementsByTagName(s)[0];  if (d.getElementById(id)) return;  js = d.createElement(s); js.id = id;  js.src = \"\/\/connect.facebook.net\/fr_FR\/sdk.js#xfbml=1&version=v2.3\";  fjs.parentNode.insertBefore(js, fjs);}(document, \"script\", \"facebook-jssdk\"));<\/script><br \/>\n<br \/><br \/>\n<br \/><a href=\"https:\/\/www.francesoir.fr\/culture-medias\/audiovisuel-public-patrick-sebastien-sera-finalement-entendu-par-la-commission-d\" target=\"_blank\"\">Source link <\/a><\/p>\n","protected":false},"excerpt":{"rendered":"<p>Apr\u00e8s des semaines d\u2019h\u00e9sitation, la commission d\u2019enqu\u00eate sur l\u2019audiovisuel public s\u2019appr\u00eate \u00e0 auditionner Patrick S\u00e9bastien. Un revirement politique qui r\u00e9v\u00e8le les tensions autour de la gouvernance, de l\u2019humour et de&hellip; <\/p>\n","protected":false},"author":1,"featured_media":22922,"comment_status":"open","ping_status":"open","sticky":false,"template":"","format":"standard","meta":{"footnotes":""},"categories":[1],"tags":[],"class_list":["post-22921","post","type-post","status-publish","format-standard","has-post-thumbnail","hentry","category-non-classe"],"_links":{"self":[{"href":"https:\/\/monde25.info\/index.php\/wp-json\/wp\/v2\/posts\/22921","targetHints":{"allow":["GET"]}}],"collection":[{"href":"https:\/\/monde25.info\/index.php\/wp-json\/wp\/v2\/posts"}],"about":[{"href":"https:\/\/monde25.info\/index.php\/wp-json\/wp\/v2\/types\/post"}],"author":[{"embeddable":true,"href":"https:\/\/monde25.info\/index.php\/wp-json\/wp\/v2\/users\/1"}],"replies":[{"embeddable":true,"href":"https:\/\/monde25.info\/index.php\/wp-json\/wp\/v2\/comments?post=22921"}],"version-history":[{"count":0,"href":"https:\/\/monde25.info\/index.php\/wp-json\/wp\/v2\/posts\/22921\/revisions"}],"wp:featuredmedia":[{"embeddable":true,"href":"https:\/\/monde25.info\/index.php\/wp-json\/wp\/v2\/media\/22922"}],"wp:attachment":[{"href":"https:\/\/monde25.info\/index.php\/wp-json\/wp\/v2\/media?parent=22921"}],"wp:term":[{"taxonomy":"category","embeddable":true,"href":"https:\/\/monde25.info\/index.php\/wp-json\/wp\/v2\/categories?post=22921"},{"taxonomy":"post_tag","embeddable":true,"href":"https:\/\/monde25.info\/index.php\/wp-json\/wp\/v2\/tags?post=22921"}],"curies":[{"name":"wp","href":"https:\/\/api.w.org\/{rel}","templated":true}]}}