{"id":22930,"date":"2026-01-24T21:06:35","date_gmt":"2026-01-24T20:06:35","guid":{"rendered":"https:\/\/monde25.info\/index.php\/2026\/01\/24\/zfe-en-sursis-le-parlement-organise-la-fin-dun-symbole-ecologique-hors-sol\/"},"modified":"2026-01-24T21:06:35","modified_gmt":"2026-01-24T20:06:35","slug":"zfe-en-sursis-le-parlement-organise-la-fin-dun-symbole-ecologique-hors-sol","status":"publish","type":"post","link":"https:\/\/monde25.info\/index.php\/2026\/01\/24\/zfe-en-sursis-le-parlement-organise-la-fin-dun-symbole-ecologique-hors-sol\/","title":{"rendered":"ZFE en sursis : le Parlement organise la fin d&rsquo;un symbole \u00e9cologique hors-sol"},"content":{"rendered":"<p> <br \/>\n<\/p>\n<div>\n<p><strong>Le 20 janvier, une commission mixte paritaire r\u00e9unissant d\u00e9put\u00e9s et s\u00e9nateurs a valid\u00e9 un compromis actant la disparition progressive des zones \u00e0 faibles \u00e9missions (ZFE). Une alliance transpartisane rebat les cartes d\u2019une politique climatique devenue explosif social, avant des votes d\u00e9cisifs fin janvier.<\/strong><\/p>\n<p>Quatorze parlementaires ont scell\u00e9 un accord qui sonne comme un d\u00e9saveu politique des ZFE, ces p\u00e9rim\u00e8tres urbains bannissant les v\u00e9hicules les plus polluants. La d\u00e9cision prolonge le vote de l\u2019Assembl\u00e9e et confirme un basculement assum\u00e9 par la droite, le Rassemblement national et une partie de l\u2019ex-majorit\u00e9 pr\u00e9sidentielle. Selon la cha\u00eene parlementaire <a target=\"_blank\" href=\"https:\/\/lcp.fr\/actualites\/vers-la-suppression-des-zfe-une-nouvelle-etape-franchie-apres-un-accord-entre-deputes-et\"><em>LCP<\/em><\/a>, la commission a \u00e9t\u00e9 \u00ab conclusive \u00bb, verrouillant un texte difficilement amendable.<\/p>\n<p>\u00c0 l\u2019origine, le projet de loi visait \u00e0 \u00ab simplifier la vie administrative des entreprises \u00bb. Il est devenu un cheval de Troie politique. L\u2019article consacr\u00e9 aux ZFE supprime le cadre national impos\u00e9 aux agglom\u00e9rations de plus de 150 000 habitants, laissant aux \u00e9lus locaux la responsabilit\u00e9 de trancher. Une r\u00e9ponse directe \u00e0 la col\u00e8re d\u2019automobilistes, de commer\u00e7ants et d\u2019\u00e9lus d\u00e9non\u00e7ant un dispositif jug\u00e9 \u00ab punitif \u00bb pour les m\u00e9nages modestes, peu aid\u00e9s pour changer de v\u00e9hicule.<\/p>\n<p>Cr\u00e9\u00e9es par la loi Climat et R\u00e9silience, les ZFE visaient \u00e0 r\u00e9duire la pollution de l\u2019air. Des \u00e9tudes publiques montrent une baisse du dioxyde d\u2019azote \u00e0 Paris ou Lyon depuis leur mise en place. Mais l\u2019argument sanitaire s\u2019est fracass\u00e9 sur la r\u00e9alit\u00e9 sociale. Aides in\u00e9gales, transports alternatifs insuffisants, d\u00e9pendance automobile hors centres-villes : le compromis r\u00e9v\u00e8le l\u2019\u00e9chec d\u2019une \u00e9cologie hors-sol.<\/p>\n<p>Les votes des 27 janvier \u00e0 l\u2019Assembl\u00e9e et 29 janvier au S\u00e9nat peuvent encore infl\u00e9chir le texte, avant un \u00e9ventuel contr\u00f4le du Conseil constitutionnel. Pour l&rsquo;heure, face \u00e0 l\u2019arbitrage entre climat et pouvoir d\u2019achat, le Parlement a choisi de desserrer l\u2019\u00e9tau, quitte \u00e0 laisser aux m\u00e9tropoles le soin d\u2019assumer seules la contrainte.<\/p>\n<\/div>\n<p><script>(function(d, s, id) {  var js, fjs = d.getElementsByTagName(s)[0];  if (d.getElementById(id)) return;  js = d.createElement(s); js.id = id;  js.src = \"\/\/connect.facebook.net\/fr_FR\/sdk.js#xfbml=1&version=v2.3\";  fjs.parentNode.insertBefore(js, fjs);}(document, \"script\", \"facebook-jssdk\"));<\/script><br \/>\n<br \/><br \/>\n<br \/><a href=\"https:\/\/www.francesoir.fr\/politique-france\/zfe-en-sursis-le-parlement-organise-la-fin-d-un-symbole-ecologique-hors-sol\" target=\"_blank\"\">Source link <\/a><\/p>\n","protected":false},"excerpt":{"rendered":"<p>Le 20 janvier, une commission mixte paritaire r\u00e9unissant d\u00e9put\u00e9s et s\u00e9nateurs a valid\u00e9 un compromis actant la disparition progressive des zones \u00e0 faibles \u00e9missions (ZFE). Une alliance transpartisane rebat les&hellip; <\/p>\n","protected":false},"author":1,"featured_media":22931,"comment_status":"open","ping_status":"open","sticky":false,"template":"","format":"standard","meta":{"footnotes":""},"categories":[1],"tags":[],"class_list":["post-22930","post","type-post","status-publish","format-standard","has-post-thumbnail","hentry","category-non-classe"],"_links":{"self":[{"href":"https:\/\/monde25.info\/index.php\/wp-json\/wp\/v2\/posts\/22930","targetHints":{"allow":["GET"]}}],"collection":[{"href":"https:\/\/monde25.info\/index.php\/wp-json\/wp\/v2\/posts"}],"about":[{"href":"https:\/\/monde25.info\/index.php\/wp-json\/wp\/v2\/types\/post"}],"author":[{"embeddable":true,"href":"https:\/\/monde25.info\/index.php\/wp-json\/wp\/v2\/users\/1"}],"replies":[{"embeddable":true,"href":"https:\/\/monde25.info\/index.php\/wp-json\/wp\/v2\/comments?post=22930"}],"version-history":[{"count":0,"href":"https:\/\/monde25.info\/index.php\/wp-json\/wp\/v2\/posts\/22930\/revisions"}],"wp:featuredmedia":[{"embeddable":true,"href":"https:\/\/monde25.info\/index.php\/wp-json\/wp\/v2\/media\/22931"}],"wp:attachment":[{"href":"https:\/\/monde25.info\/index.php\/wp-json\/wp\/v2\/media?parent=22930"}],"wp:term":[{"taxonomy":"category","embeddable":true,"href":"https:\/\/monde25.info\/index.php\/wp-json\/wp\/v2\/categories?post=22930"},{"taxonomy":"post_tag","embeddable":true,"href":"https:\/\/monde25.info\/index.php\/wp-json\/wp\/v2\/tags?post=22930"}],"curies":[{"name":"wp","href":"https:\/\/api.w.org\/{rel}","templated":true}]}}