{"id":22936,"date":"2026-01-24T23:20:35","date_gmt":"2026-01-24T22:20:35","guid":{"rendered":"https:\/\/monde25.info\/index.php\/2026\/01\/24\/dans-ce-supermarche-tout-est-local-et-vendu-au-prix-juste-pour-les-agriculteurs\/"},"modified":"2026-01-24T23:20:35","modified_gmt":"2026-01-24T22:20:35","slug":"dans-ce-supermarche-tout-est-local-et-vendu-au-prix-juste-pour-les-agriculteurs","status":"publish","type":"post","link":"https:\/\/monde25.info\/index.php\/2026\/01\/24\/dans-ce-supermarche-tout-est-local-et-vendu-au-prix-juste-pour-les-agriculteurs\/","title":{"rendered":"Dans ce supermarch\u00e9, tout est local et vendu au prix juste pour les agriculteurs"},"content":{"rendered":"<p> <br \/>\n<br \/><img loading=\"lazy\" decoding=\"async\" src=\"https:\/\/reporterre.net\/local\/cache-vignettes\/L700xH467\/masdesagriculteurs_c_estellepereira-14-42818.jpg?1769148002\" class=\"spip_logo\" width=\"700\" height=\"467\" alt=\"\" \/><\/p>\n<p>\u00c0 N\u00eemes, le Mas des agriculteurs, un supermarch\u00e9 100<small class=\"fine d-inline\">\u00a0<\/small>% local g\u00e9r\u00e9 par des agriculteurs gardois, regroupe plus de 600 producteurs et prouve qu&rsquo;une alternative \u00e0 la grande distribution et une v\u00e9ritable relocalisation alimentaire sont possibles. <br class=\"autobr\" \/><br \/>\nN\u00eemes (Gard), reportage <br class=\"autobr\" \/><br \/>\nDans la plaine du Vistre au sud de N\u00eemes, peu \u00e0 peu grignot\u00e9e par les zones commerciales, une b\u00e2tisse en pierres du pont du Gard fait le pari du retour \u00e0 la terre. Derri\u00e8re les portes coulissantes du Mas des agriculteurs, des\u00a0(\u2026)<\/p>\n<p>                    <a target=\"_blank\" href=\"https:\/\/reporterre.net\/Dans-ce-supermarche-tout-est-local-et-vendu-au-prix-juste-pour-les-agriculteurs?utm_source=RSS&amp;utm_medium=RSS\">Lire la suite<\/a><\/p>\n<p>                    &#8211;<br \/>\n                        <a target=\"_blank\" href=\"https:\/\/reporterre.net\/Reportage\" rel=\"directory\">Reportage<\/a><\/p>\n<p>                    \/<br \/>\n                        <a target=\"_blank\" href=\"https:\/\/reporterre.net\/Agriculture\" rel=\"tag\">Agriculture<\/a><br \/>\n                    ,<br \/>\n                        <a target=\"_blank\" href=\"https:\/\/reporterre.net\/Quotidien\" rel=\"tag\">Quotidien<\/a><br \/>\n                    ,<br \/>\n                        <a target=\"_blank\" href=\"https:\/\/reporterre.net\/Alimentation\" rel=\"tag\">Alimentation<\/a><br \/>\n                    ,<br \/>\n                        <a target=\"_blank\" href=\"https:\/\/reporterre.net\/Alternatives\" rel=\"tag\">Alternatives<\/a><br \/>\n<br \/><br \/>\n<br \/><a href=\"https:\/\/reporterre.net\/Dans-ce-supermarche-tout-est-local-et-vendu-au-prix-juste-pour-les-agriculteurs\" target=\"_blank\"\">Source link <\/a><\/p>\n","protected":false},"excerpt":{"rendered":"<p>\u00c0 N\u00eemes, le Mas des agriculteurs, un supermarch\u00e9 100\u00a0% local g\u00e9r\u00e9 par des agriculteurs gardois, regroupe plus de 600 producteurs et prouve qu&rsquo;une alternative \u00e0 la grande distribution et une&hellip; <\/p>\n","protected":false},"author":1,"featured_media":0,"comment_status":"open","ping_status":"open","sticky":false,"template":"","format":"standard","meta":{"footnotes":""},"categories":[1],"tags":[],"class_list":["post-22936","post","type-post","status-publish","format-standard","hentry","category-non-classe"],"_links":{"self":[{"href":"https:\/\/monde25.info\/index.php\/wp-json\/wp\/v2\/posts\/22936","targetHints":{"allow":["GET"]}}],"collection":[{"href":"https:\/\/monde25.info\/index.php\/wp-json\/wp\/v2\/posts"}],"about":[{"href":"https:\/\/monde25.info\/index.php\/wp-json\/wp\/v2\/types\/post"}],"author":[{"embeddable":true,"href":"https:\/\/monde25.info\/index.php\/wp-json\/wp\/v2\/users\/1"}],"replies":[{"embeddable":true,"href":"https:\/\/monde25.info\/index.php\/wp-json\/wp\/v2\/comments?post=22936"}],"version-history":[{"count":0,"href":"https:\/\/monde25.info\/index.php\/wp-json\/wp\/v2\/posts\/22936\/revisions"}],"wp:attachment":[{"href":"https:\/\/monde25.info\/index.php\/wp-json\/wp\/v2\/media?parent=22936"}],"wp:term":[{"taxonomy":"category","embeddable":true,"href":"https:\/\/monde25.info\/index.php\/wp-json\/wp\/v2\/categories?post=22936"},{"taxonomy":"post_tag","embeddable":true,"href":"https:\/\/monde25.info\/index.php\/wp-json\/wp\/v2\/tags?post=22936"}],"curies":[{"name":"wp","href":"https:\/\/api.w.org\/{rel}","templated":true}]}}