{"id":22939,"date":"2026-01-25T00:26:39","date_gmt":"2026-01-24T23:26:39","guid":{"rendered":"https:\/\/monde25.info\/index.php\/2026\/01\/25\/coup-de-pression-sur-la-cr-le-president-de-la-coordination-rurale-convoque-par-la-gendarmerie-de-limoges\/"},"modified":"2026-01-25T00:26:39","modified_gmt":"2026-01-24T23:26:39","slug":"coup-de-pression-sur-la-cr-le-president-de-la-coordination-rurale-convoque-par-la-gendarmerie-de-limoges","status":"publish","type":"post","link":"https:\/\/monde25.info\/index.php\/2026\/01\/25\/coup-de-pression-sur-la-cr-le-president-de-la-coordination-rurale-convoque-par-la-gendarmerie-de-limoges\/","title":{"rendered":"Coup de pression sur la CR, le pr\u00e9sident de la Coordination rurale convoqu\u00e9 par la gendarmerie de Limoges"},"content":{"rendered":"<p> <br \/>\n<\/p>\n<div>\n<p>La CR prend de l&rsquo;ampleur\u2026 alors on fait monter la pression sur son pr\u00e9sident.<\/p>\n<p>Le pr\u00e9sident national de la Coordination rurale (CR) Bertrand Venteau, qui fait l&rsquo;objet d&rsquo;une enqu\u00eate pour avoir d\u00e9clar\u00e9 vouloir \u00ab\u00a0faire la peau aux \u00e9colos\u00a0\u00bb lors du congr\u00e8s de l&rsquo;organisation en novembre, est convoqu\u00e9 lundi \u00e0 14H30 par la gendarmerie de la Haute-Vienne, a-t-on appris aupr\u00e8s du syndicat agricole.<\/p>\n<p>La CR 87, qui pointe des propos \u00ab\u00a0largement sortis de leur contexte\u00a0\u00bb, appelle de son c\u00f4t\u00e9 \u00e0 un \u00ab\u00a0large rassemblement de soutien\u00a0\u00bb lundi \u00e0 14H00 devant les locaux de la brigade de recherche de Limoges.<\/p>\n<p>\u00ab\u00a0Lors de son \u00e9lection \u00e0 la pr\u00e9sidence nationale, Bertrand Venteau a exprim\u00e9 avec d\u00e9termination la volont\u00e9 de d\u00e9fendre les int\u00e9r\u00eats\u00a0des paysans face \u00e0 des politiques qu&rsquo;il juge d\u00e9connect\u00e9es des r\u00e9alit\u00e9s du terrain\u00a0\u00bb, \u00e9crit la CR 87 dans un communiqu\u00e9.<\/p>\n<p>\u00ab\u00a0Dans ce cadre, il d\u00e9non\u00e7ait l&rsquo;\u00e9cologie punitive, une approche qui entrave l&rsquo;activit\u00e9 agricole, fragilise les exploitations et menace l&rsquo;avenir du monde rural\u00a0\u00bb, pr\u00e9cise le syndicat agricole, qui appelle \u00ab\u00a0\u00e0 se mobiliser massivement\u00a0\u00bb.<\/p>\n<p>Le 19 novembre, Bertrand Venteau avait d\u00e9clar\u00e9, sous les applaudissements: \u00ab\u00a0les \u00e9colos, la d\u00e9croissance, veulent nous crever, nous devons leur faire la peau\u00a0\u00bb.<\/p>\n<p>L&rsquo;\u00e9leveur nouvellement \u00e9lu et pr\u00e9sident de la chambre d&rsquo;agriculture de la Haute-Vienne avait \u00e9tay\u00e9 son propos en lan\u00e7ant: \u00ab\u00a0Il va falloir sortir et combattre les \u00e9colos, en les attaquant en justice. Nous devons les combattre (\u2026) Ceux qui veulent notre mort sont partout, nous devons les combattre au quotidien, dans les d\u00e9partements, les r\u00e9gions, jusqu&rsquo;au minist\u00e8re\u00a0\u00bb.<\/p>\n<p>Destinataire de nombreuses plaintes d&rsquo;\u00e9lus et associations \u00e9cologistes, le parquet d&rsquo;Auch avait ouvert quelques jours plus tard une enqu\u00eate du chef de \u00ab\u00a0provocation publique non suivie d&rsquo;effet \u00e0 commettre un crime ou un d\u00e9lit\u00a0\u00bb.<\/p>\n<p>La ministre de l&rsquo;Agriculture, Annie Genevard, avait condamn\u00e9 \u00ab\u00a0la violence\u00a0\u00bb de cette d\u00e9claration, la jugeant \u00ab\u00a0profond\u00e9ment choquante et inacceptable\u00a0\u00bb.<\/p>\n<p>Bertrand Venteau, partisan d&rsquo;une ligne dure sur le mod\u00e8le des actions coups de poing de la Coordination rurale du Lot-et-Garonne, avait assum\u00e9 sa sortie : \u00ab\u00a0Je ne regrette rien du tout. Si je suis convoqu\u00e9, j&rsquo;irai, je n&rsquo;ai pas de probl\u00e8me avec \u00e7a\u00a0\u00bb, avait-t-il dit fin novembre au micro d&rsquo;<em>Ici Limousin<\/em>.<\/p>\n<\/div>\n<p><script>(function(d, s, id) {  var js, fjs = d.getElementsByTagName(s)[0];  if (d.getElementById(id)) return;  js = d.createElement(s); js.id = id;  js.src = \"\/\/connect.facebook.net\/fr_FR\/sdk.js#xfbml=1&version=v2.3\";  fjs.parentNode.insertBefore(js, fjs);}(document, \"script\", \"facebook-jssdk\"));<\/script><br \/>\n<br \/><br \/>\n<br \/><a href=\"https:\/\/www.francesoir.fr\/societe-justice\/le-president-de-la-coordination-rurale-convoque-par-la-gendarmerie-de-limoges\" target=\"_blank\"\">Source link <\/a><\/p>\n","protected":false},"excerpt":{"rendered":"<p>La CR prend de l&rsquo;ampleur\u2026 alors on fait monter la pression sur son pr\u00e9sident. Le pr\u00e9sident national de la Coordination rurale (CR) Bertrand Venteau, qui fait l&rsquo;objet d&rsquo;une enqu\u00eate pour&hellip; <\/p>\n","protected":false},"author":1,"featured_media":22940,"comment_status":"open","ping_status":"open","sticky":false,"template":"","format":"standard","meta":{"footnotes":""},"categories":[1],"tags":[],"class_list":["post-22939","post","type-post","status-publish","format-standard","has-post-thumbnail","hentry","category-non-classe"],"_links":{"self":[{"href":"https:\/\/monde25.info\/index.php\/wp-json\/wp\/v2\/posts\/22939","targetHints":{"allow":["GET"]}}],"collection":[{"href":"https:\/\/monde25.info\/index.php\/wp-json\/wp\/v2\/posts"}],"about":[{"href":"https:\/\/monde25.info\/index.php\/wp-json\/wp\/v2\/types\/post"}],"author":[{"embeddable":true,"href":"https:\/\/monde25.info\/index.php\/wp-json\/wp\/v2\/users\/1"}],"replies":[{"embeddable":true,"href":"https:\/\/monde25.info\/index.php\/wp-json\/wp\/v2\/comments?post=22939"}],"version-history":[{"count":0,"href":"https:\/\/monde25.info\/index.php\/wp-json\/wp\/v2\/posts\/22939\/revisions"}],"wp:featuredmedia":[{"embeddable":true,"href":"https:\/\/monde25.info\/index.php\/wp-json\/wp\/v2\/media\/22940"}],"wp:attachment":[{"href":"https:\/\/monde25.info\/index.php\/wp-json\/wp\/v2\/media?parent=22939"}],"wp:term":[{"taxonomy":"category","embeddable":true,"href":"https:\/\/monde25.info\/index.php\/wp-json\/wp\/v2\/categories?post=22939"},{"taxonomy":"post_tag","embeddable":true,"href":"https:\/\/monde25.info\/index.php\/wp-json\/wp\/v2\/tags?post=22939"}],"curies":[{"name":"wp","href":"https:\/\/api.w.org\/{rel}","templated":true}]}}