{"id":2294,"date":"2024-12-16T05:07:00","date_gmt":"2024-12-16T04:07:00","guid":{"rendered":"https:\/\/monde25.info\/index.php\/2024\/12\/16\/la-france-va-envoyer-une-mission-diplomatique-a-damas-pour-la-premiere-fois-depuis-12-ans-rt-en-francais\/"},"modified":"2024-12-16T05:07:00","modified_gmt":"2024-12-16T04:07:00","slug":"la-france-va-envoyer-une-mission-diplomatique-a-damas-pour-la-premiere-fois-depuis-12-ans-rt-en-francais","status":"publish","type":"post","link":"https:\/\/monde25.info\/index.php\/2024\/12\/16\/la-france-va-envoyer-une-mission-diplomatique-a-damas-pour-la-premiere-fois-depuis-12-ans-rt-en-francais\/","title":{"rendered":"La France va envoyer une mission diplomatique \u00e0 Damas pour la premi\u00e8re fois depuis 12 ans \u2014 RT en fran\u00e7ais"},"content":{"rendered":"<p> <br \/>\n<br \/><img decoding=\"async\" src=\"https:\/\/mf.b37mrtl.ru\/french\/images\/2024.12\/thumbnail\/675f05376f7ccc5e9d26ecba.jpg\" \/><\/p>\n<div>\n<p class=\"text__summary\">\n                                        La France va reprendre ses relations diplomatiques avec la Syrie apr\u00e8s 12 ans par l&rsquo;envoi d&rsquo;une mission \u00e0 Damas. Jean-No\u00ebl Barrot, ministre des Affaires \u00e9trang\u00e8res, a annonc\u00e9 que cette d\u00e9l\u00e9gation de quatre diplomates se chargerait de reprendre le contr\u00f4le des installations fran\u00e7aises et d&rsquo;\u00e9valuer les besoins humanitaires urgents.\n                                    <\/p>\n<p>Le 17 d\u00e9cembre, la France reprendra ses relations diplomatiques avec la Syrie par l&rsquo;envoi d&rsquo;une mission \u00e0 Damas, la premi\u00e8re en\u00a012 ans, a annonc\u00e9 le ministre des Affaires \u00e9trang\u00e8res, Jean-No\u00ebl Barrot, lors d&rsquo;une interview accord\u00e9e \u00e0\u00a0une radio fran\u00e7aise ce 15 d\u00e9cembre. Cette d\u00e9l\u00e9gation de quatre diplomates aura pour mission de reprendre le contr\u00f4le des installations fran\u00e7aises, d&rsquo;initier des contacts avec les nouvelles autorit\u00e9s syriennes et d&rsquo;\u00e9valuer les besoins humanitaires urgents de la population. Jean-No\u00ebl Barrot a \u00e9galement mentionn\u00e9 l&rsquo;implication de l&rsquo;Union europ\u00e9enne dans ce processus et n&rsquo;a pas \u00e9cart\u00e9 la possibilit\u00e9 d&rsquo;une r\u00e9vision des politiques de l&rsquo;Office fran\u00e7ais de protection des r\u00e9fugi\u00e9s et apatrides concernant les demandes d&rsquo;asile des Syriens.<\/p>\n<p>Concernant l&rsquo;\u00e9volution r\u00e9cente en Syrie, notamment la chute de Bachar el-Assad, le ministre fran\u00e7ais des Affaires \u00e9trang\u00e8res a fait la d\u00e9claration suivante\u00a0: \u00abNous abordons cette p\u00e9riode nouvelle avec l&rsquo;espoir que la Syrie puisse \u00eatre restitu\u00e9e aux Syriens. Nous nous mobilisons pour pr\u00e9parer l&rsquo;avenir de la Syrie. Les autorit\u00e9s nouvelles doivent tr\u00e8s vite c\u00e9der la place \u00e0 une autorit\u00e9 de transition qui soit repr\u00e9sentative de l&rsquo;ensemble des communaut\u00e9s, des confessions de la Syrie et qui puisse progressivement faire avancer la Syrie vers une nouvelle constitution et \u00e0 terme vers des \u00e9lections.\u00bb<\/p>\n<p>Le 27 novembre, des formations du groupe Hayat Tahrir al-Cham (HTC) et leurs alli\u00e9s ont lanc\u00e9 une vaste offensive contre les positions des forces gouvernementales. Dans la soir\u00e9e du 7 d\u00e9cembre, les adversaires du ex-pr\u00e9sident syrien ont pris plusieurs grandes villes, notamment Alep, Hama, Deir ez-Zor, Deraa et Homs. Le 8 d\u00e9cembre, les rebelles syriens sont entr\u00e9s \u00e0 Damas et les unit\u00e9s de l&rsquo;arm\u00e9e ont quitt\u00e9 la ville. Le chef du gouvernement, Mohammed Ghazi el-Jalali, a exprim\u00e9 sa volont\u00e9 de transf\u00e9rer le pouvoir par des moyens pacifiques et d\u2019organiser des \u00e9lections dans le pays. Le m\u00eame jour, le minist\u00e8re russe des Affaires \u00e9trang\u00e8res a annonc\u00e9 dans un communiqu\u00e9 que Bachar el-Assad avait d\u00e9cid\u00e9 de d\u00e9missionner de ses fonctions et de quitter le pays, l&rsquo;enjoignant \u00e0 proc\u00e9der au transfert du pouvoir de mani\u00e8re pacifique.<\/p>\n<\/div>\n<p><br \/>\n<br \/><a href=\"https:\/\/francais.rt.com\/international\/115377-france-enverra-mission-diplomatique-a-damas\" target=\"_blank\"\">Source link <\/a><\/p>\n","protected":false},"excerpt":{"rendered":"<p>La France va reprendre ses relations diplomatiques avec la Syrie apr\u00e8s 12 ans par l&rsquo;envoi d&rsquo;une mission \u00e0 Damas. Jean-No\u00ebl Barrot, ministre des Affaires \u00e9trang\u00e8res, a annonc\u00e9 que cette d\u00e9l\u00e9gation&hellip; <\/p>\n","protected":false},"author":1,"featured_media":2295,"comment_status":"open","ping_status":"open","sticky":false,"template":"","format":"standard","meta":{"footnotes":""},"categories":[1],"tags":[],"class_list":["post-2294","post","type-post","status-publish","format-standard","has-post-thumbnail","hentry","category-non-classe"],"_links":{"self":[{"href":"https:\/\/monde25.info\/index.php\/wp-json\/wp\/v2\/posts\/2294","targetHints":{"allow":["GET"]}}],"collection":[{"href":"https:\/\/monde25.info\/index.php\/wp-json\/wp\/v2\/posts"}],"about":[{"href":"https:\/\/monde25.info\/index.php\/wp-json\/wp\/v2\/types\/post"}],"author":[{"embeddable":true,"href":"https:\/\/monde25.info\/index.php\/wp-json\/wp\/v2\/users\/1"}],"replies":[{"embeddable":true,"href":"https:\/\/monde25.info\/index.php\/wp-json\/wp\/v2\/comments?post=2294"}],"version-history":[{"count":0,"href":"https:\/\/monde25.info\/index.php\/wp-json\/wp\/v2\/posts\/2294\/revisions"}],"wp:featuredmedia":[{"embeddable":true,"href":"https:\/\/monde25.info\/index.php\/wp-json\/wp\/v2\/media\/2295"}],"wp:attachment":[{"href":"https:\/\/monde25.info\/index.php\/wp-json\/wp\/v2\/media?parent=2294"}],"wp:term":[{"taxonomy":"category","embeddable":true,"href":"https:\/\/monde25.info\/index.php\/wp-json\/wp\/v2\/categories?post=2294"},{"taxonomy":"post_tag","embeddable":true,"href":"https:\/\/monde25.info\/index.php\/wp-json\/wp\/v2\/tags?post=2294"}],"curies":[{"name":"wp","href":"https:\/\/api.w.org\/{rel}","templated":true}]}}