{"id":22945,"date":"2026-01-25T02:38:43","date_gmt":"2026-01-25T01:38:43","guid":{"rendered":"https:\/\/monde25.info\/index.php\/2026\/01\/25\/arnaud-apoteker-pivot-de-la-bataille-contre-les-ogm-est-mort\/"},"modified":"2026-01-25T02:38:43","modified_gmt":"2026-01-25T01:38:43","slug":"arnaud-apoteker-pivot-de-la-bataille-contre-les-ogm-est-mort","status":"publish","type":"post","link":"https:\/\/monde25.info\/index.php\/2026\/01\/25\/arnaud-apoteker-pivot-de-la-bataille-contre-les-ogm-est-mort\/","title":{"rendered":"Arnaud Apoteker, pivot de la bataille contre les OGM, est mort"},"content":{"rendered":"<p> <br \/>\n<br \/><img loading=\"lazy\" decoding=\"async\" src=\"https:\/\/reporterre.net\/local\/cache-vignettes\/L700xH467\/_dsc5432_copie2-afa89.jpg?1769073454\" class=\"spip_logo\" width=\"700\" height=\"467\" alt=\"\" \/><\/p>\n<p>Avec son allure d&rsquo;\u00e9tudiant et sa t\u00eate de savant Cosinus, Arnaud Apoteker n&rsquo;en imposait pas. Sa parole \u00e9tait pr\u00e9cise mais affable, le sourire revenait sans cesse sur son visage, mais la douceur de l&rsquo;homme recouvrait une d\u00e9termination sans faille. Il a \u00e9t\u00e9 dans les ann\u00e9es 1990 et 2000 un pivot de la bataille \u2014 remport\u00e9e en Europe \u2014 contre les <span class=\"caps\">OGM<\/span>. <br class=\"autobr\" \/><br \/>\nN\u00e9 en 1956, il avait grandi au V\u00e9sinet (Yvelines) dans un des rares immeubles populaires de cette banlieue chic. Il d\u00e9couvrit l&rsquo;environnement en\u00a0(\u2026)<\/p>\n<p>                    <a target=\"_blank\" href=\"https:\/\/reporterre.net\/Arnaud-Apoteker-pivot-de-la-bataille-contre-les-OGM-est-mort?utm_source=RSS&amp;utm_medium=RSS\">Lire la suite<\/a><\/p>\n<p>                    &#8211;<br \/>\n                        <a target=\"_blank\" href=\"https:\/\/reporterre.net\/Breves-20\" rel=\"directory\">En bref<\/a><\/p>\n<p>                    \/<br \/>\n                        <a target=\"_blank\" href=\"https:\/\/reporterre.net\/OGM\" rel=\"tag\"><span class=\"caps\">OGM<\/span><\/a><br \/>\n                    ,<br \/>\n                        <a target=\"_blank\" href=\"https:\/\/reporterre.net\/Luttes\" rel=\"tag\">Luttes<\/a><br \/>\n<br \/><br \/>\n<br \/><a href=\"https:\/\/reporterre.net\/Arnaud-Apoteker-pivot-de-la-bataille-contre-les-OGM-est-mort\" target=\"_blank\"\">Source link <\/a><\/p>\n","protected":false},"excerpt":{"rendered":"<p>Avec son allure d&rsquo;\u00e9tudiant et sa t\u00eate de savant Cosinus, Arnaud Apoteker n&rsquo;en imposait pas. Sa parole \u00e9tait pr\u00e9cise mais affable, le sourire revenait sans cesse sur son visage, mais&hellip; <\/p>\n","protected":false},"author":1,"featured_media":0,"comment_status":"open","ping_status":"open","sticky":false,"template":"","format":"standard","meta":{"footnotes":""},"categories":[1],"tags":[],"class_list":["post-22945","post","type-post","status-publish","format-standard","hentry","category-non-classe"],"_links":{"self":[{"href":"https:\/\/monde25.info\/index.php\/wp-json\/wp\/v2\/posts\/22945","targetHints":{"allow":["GET"]}}],"collection":[{"href":"https:\/\/monde25.info\/index.php\/wp-json\/wp\/v2\/posts"}],"about":[{"href":"https:\/\/monde25.info\/index.php\/wp-json\/wp\/v2\/types\/post"}],"author":[{"embeddable":true,"href":"https:\/\/monde25.info\/index.php\/wp-json\/wp\/v2\/users\/1"}],"replies":[{"embeddable":true,"href":"https:\/\/monde25.info\/index.php\/wp-json\/wp\/v2\/comments?post=22945"}],"version-history":[{"count":0,"href":"https:\/\/monde25.info\/index.php\/wp-json\/wp\/v2\/posts\/22945\/revisions"}],"wp:attachment":[{"href":"https:\/\/monde25.info\/index.php\/wp-json\/wp\/v2\/media?parent=22945"}],"wp:term":[{"taxonomy":"category","embeddable":true,"href":"https:\/\/monde25.info\/index.php\/wp-json\/wp\/v2\/categories?post=22945"},{"taxonomy":"post_tag","embeddable":true,"href":"https:\/\/monde25.info\/index.php\/wp-json\/wp\/v2\/tags?post=22945"}],"curies":[{"name":"wp","href":"https:\/\/api.w.org\/{rel}","templated":true}]}}