{"id":22946,"date":"2026-01-25T03:11:35","date_gmt":"2026-01-25T02:11:35","guid":{"rendered":"https:\/\/monde25.info\/index.php\/2026\/01\/25\/et-si-le-groenland-etait-un-territoire-tchouktche\/"},"modified":"2026-01-25T03:11:35","modified_gmt":"2026-01-25T02:11:35","slug":"et-si-le-groenland-etait-un-territoire-tchouktche","status":"publish","type":"post","link":"https:\/\/monde25.info\/index.php\/2026\/01\/25\/et-si-le-groenland-etait-un-territoire-tchouktche\/","title":{"rendered":"Et si le Groenland \u00e9tait un territoire tchouktche ?"},"content":{"rendered":"<p> <br \/>\n<\/p>\n<div>\n<ol class=\"campaign-loop campaign-list\">\n<li id=\"campaign-482494\" class=\"post-482494 campaign type-campaign status-publish hentry campaign-has-goal campaign-has-achieved-goal campaign-has-end-date campaign-has-not-ended\">\n\t<a target=\"_blank\" href=\"https:\/\/reseauinternational.net\/campaigns\/campagne-de-dons-septembre-octobre-2025\/\"><\/p>\n<h3>Soutenez-nous<\/h3>\n<p>\t\t\t<\/a><\/p>\n<p>\n\tVotre soutien nous est indispensable pour continuer \u00e0 vous fournir le meilleur de l\u2019information internationale alternative. C\u2019est gr\u00e2ce \u00e0 vos dons que nous pourrons maintenir le cap pour une information plurielle et r\u00e9ellement alternative. Nous comptons sur vous.<\/p>\n<\/li>\n<\/ol>\n<h6 class=\"wp-block-heading\"><strong>Et que le Ve Reich<\/strong><strong> agonisait enfin ?<\/strong><\/h6>\n<p>par <strong>Bertrand H\u00e9douin<\/strong><\/p>\n<p>Dans le cadre de la derni\u00e8re r\u00e9union du Forum \u00e9conomique mondial du Grand Ma\u00eetre \u00abdisparu\u00bb ou \u00abplanqu\u00e9\u00bb Klaus Schwab \u00e0 Davos qui se tient du 19 au 23 janvier 2026 avec pour th\u00e8me central \u00abUn esprit de dialogue\u00bb, nous pouvons voir et \u00e9couter dans la vid\u00e9o ci-apr\u00e8s de 9 minutes le commentaire d\u2019Oleg Morozov prononc\u00e9 le 20 janvier au cours de l\u2019\u00e9mission-d\u00e9bat russe \u00ab<em>60 Minutes<\/em>\u00bb. Il r\u00e9sume parfaitement certains points saillants et les enjeux des relations internationales au XXIe si\u00e8cle.<\/p>\n<p>Vous trouverez le texte de cette prise de parole <a target=\"_blank\" href=\"http:\/\/60min_20012026_OlegMorozov_Texte.docx\" target=\"_blank\" rel=\"noopener\" title=\"\">en cliquant ici<\/a>.<\/p>\n<p>Oleg est un homme politique fameux, d\u2019abord sovi\u00e9tique puis russe, Docteur en philosophie qui peut se caract\u00e9riser par la finesse de ses analyses personnelles de la politique internationale et ses acc\u00e8s d\u2019humour tout aussi fins.<\/p>\n<p>Dans la premi\u00e8re phrase de sa prise de parole, il parle du sauna comme unique lieu o\u00f9 il est possible de discuter. Vous l\u2019aurez compris, il fait effectivement r\u00e9f\u00e9rence aux propos particuli\u00e8rement intelligents tenus il y a peu par le pr\u00e9sident de la Finlande, Alexander Stubb et \u00e0 cette coutume r\u00e9gionale de signer les contrats dans le sauna aid\u00e9s de rhum ou de vodka.<\/p>\n<p>Au milieu de sa prise de parole, il fait humblement remarquer que les premiers habitants de l\u2019\u00eele du Groenland sont apparus il y a de cela plus de 5000 ans. Ce sont des <a target=\"_blank\" href=\"http:\/\/Qui_sont_les_Tchouktches.docx\" target=\"_blank\" rel=\"noopener\" title=\"\">Koriaks-Tchouktches<\/a> qui forment aujourd\u2019hui une ethnie habitant le nord de l\u2019Extr\u00eame-Orient russe. Les Koriaks-Tchouktches sont donc russes.<\/p>\n<p>Au beau milieu de la \u00abprise de t\u00eate\u00bb occidentale pour savoir \u00e0 qui appartient le Groenland, on pourrait finalement se reporter \u00e0 l\u2019histoire et \u00e0 l\u2019homme. Dans ce cas, le Groenland est russe et l\u2019affaire est conclue. Non ? Le sort du \u00abgros morceau de glace\u00bb, comme dit Trump, serait finalement r\u00e9solu. N\u00e9anmoins, je serais tr\u00e8s \u00e9tonn\u00e9 de voir la Russie vouloir s\u2019en occuper.<\/p>\n<div class=\"wp-block-image\">\n<figure class=\"aligncenter size-full is-resized\"><a target=\"_blank\" href=\"https:\/\/i0.wp.com\/reseauinternational.net\/wp-content\/uploads\/2026\/01\/image-346.png?ssl=1\"><img data-recalc-dims=\"1\" decoding=\"async\" width=\"910\" height=\"490\" src=\"https:\/\/i0.wp.com\/reseauinternational.net\/wp-content\/uploads\/2026\/01\/image-346.png?resize=910%2C490&amp;ssl=1\" alt=\"\" class=\"wp-image-507824\" style=\"width:600px\" loading=\"lazy\" srcset=\"https:\/\/i0.wp.com\/reseauinternational.net\/wp-content\/uploads\/2026\/01\/image-346.png?w=910&amp;ssl=1 910w, https:\/\/i0.wp.com\/reseauinternational.net\/wp-content\/uploads\/2026\/01\/image-346.png?resize=300%2C162&amp;ssl=1 300w, https:\/\/i0.wp.com\/reseauinternational.net\/wp-content\/uploads\/2026\/01\/image-346.png?resize=768%2C414&amp;ssl=1 768w\" sizes=\"auto, (max-width: 910px) 100vw, 910px\"\/><\/a><figcaption class=\"wp-element-caption\"><em>La r\u00e9gion de Tchoukotka et la r\u00e9gion de l\u2019Alaska encore russe \u00e0 la fin du XVIIIe si\u00e8cle.<\/em><\/figcaption><\/figure>\n<\/div>\n<p>Si vous vous y retrouvez quelque peu dans l\u2019histoire russe, dans la Russie elle-m\u00eame et les relations internationales, la remarque inopin\u00e9e d\u2019Oleg Morozov dite, qui plus, avec le ton ad\u00e9quat est hilarante. Entre [03:42.20] et [04:12.12], veuillez, s\u2019il vous pla\u00eet, \u00e9clater de rire.<\/p>\n<p>Revenons un peu \u00e0 ce \u00abbig forum\u00bb. Dans le cadre de la guerre men\u00e9e par l\u2019Occident contre la Russie en r\u00e9gion ukrainienne, la petite ville suisse se fait \u00abcentre du monde\u00bb. Selon les m\u00e9dias occidentaux, le forum donnerait lieu aujourd\u2019hui \u00e0 une Europe qui se r\u00e9veillerait, notamment apr\u00e8s le \u00abdiscours\u00bb de Donald Trump du 21 janvier. Voyons cela.<\/p>\n<p>Remarquons d\u2019abord que les phrases prononc\u00e9es par Donald Trump \u00e0 ce forum, comme \u00e0 son habitude, rel\u00e8vent de mots \u00e9parpill\u00e9s tous riv\u00e9s \u00e0 une seule chose : le sort de l\u2019humanit\u00e9 n\u2019est que <em>business<\/em>.<\/p>\n<p>Ensuite, la trame de son \u00abdiscours\u00bb se r\u00e9sume \u00e0 : \u00abJe t\u2019aide, tu paies et tu fais ce qu\u2019on te dit de faire !\u00bb. Qu\u2019y a-t-il de nouveau l\u00e0-dedans de la part de l\u2019esp\u00e8ce Yankee ? C\u2019\u00e9tait strictement la m\u00eame chose avec les plans Marshall, Dulles et j\u2019en passe. Pourquoi tout \u00e0 coup cette crise d\u2019hyst\u00e9rie face \u00e0 un soudain acc\u00e8s dictatorial de la \u00abpuissance am\u00e9ricaine\u00bb ? Pour s\u00fbr, le wokisme fait des ravages.<\/p>\n<p>Alors qu\u2019au moins 32 \u00c9tats dits les plus puissants au monde sont en train de se ramasser lamentablement une racl\u00e9e en Ukraine contre la Russie. Comme en 1812, comme en 1945\u2026<\/p>\n<p>La truie am\u00e9ricaine r\u00e9p\u00e8te toujours la m\u00eame chose aux porcelets depuis d\u00e9j\u00e0 des si\u00e8cles : \u00abTu continues de me t\u00e9ter les mamelles, seulement si tu\u2026 Bon, vous avez compris ! Ok, les petits Macrounet, Starmer, Mertz et Tusk ? T\u00e9tez !\u00bb<\/p>\n<p>En d\u00e9cembre 2025, la quasi-totalit\u00e9 des m\u00e9dias occidentaux ont tous tent\u00e9 de comprendre ce qu\u2019avait voulu dire Vladimir Poutine par \u00abpodsvinki\u00bb lors de l\u2019assembl\u00e9e du minist\u00e8re de la D\u00e9fense russe le 17 d\u00e9cembre. Je n\u2019ai trouv\u00e9 aucune bonne interpr\u00e9tation du mot valable alors qu\u2019il a une d\u00e9finition pr\u00e9cise, notamment dans le c\u00e9l\u00e8bre dictionnaire russo-russe Ojegov, mais qui est employ\u00e9 par une certaine personne dans un certain contexte \u00e0 un certain moment. La traduction n\u2019est pas un travail purement m\u00e9canique pouvant se fier enti\u00e8rement \u00e0 l\u2019IA.<\/p>\n<p>Selon la d\u00e9finition officielle, le \u00abpodsvinok\u00bb (singulier de \u00abpodsvinki\u00bb) est un porcelet apr\u00e8s l\u2019\u00e2ge de 10 mois, quand il est sevr\u00e9 des mamelles de la maman truie mais qui continue, dans le cadre de notre histoire, \u00e0 vouloir et avoir besoin de t\u00e9ter les mamelles de Big Truie. Il suffit de voir \u00e9voluer les Macron, Starmer, Mertz, Tusk\u2026<\/p>\n<p>Aucune remarque n\u2019est faite depuis sur les mamelles et les porcelets ! L\u2019Europe se r\u00e9veille ?<\/p>\n<p>De toute \u00e9vidence, le \u00abDavos nouveau\u00bb 2026 fait savoir au centre du monde qu\u2019il n\u2019est pas (ou plus) forc\u00e9ment \u00abcentre du monde\u00bb. Ils peuvent toujours \u00abt\u00e9ter au temps chaud\u00bb, cela ne changera pour autant rien \u00e0 l\u2019affaire. Est-ce que l\u2019Europe et ses \u00e9lites comprennent \u00e7a ? Non.<\/p>\n<p>L\u2019Europe commencerait-elle son agonie dans les Alpes suisses en 2024 ? Du moins cette Europe. Ce n\u2019est apr\u00e8s tout qu\u2019un type d\u2019Europe, une marque d\u2019Europe. Celle de von der Leyen et de Hallstein, le Ve Reich, celle dans laquelle le <em>Arbeit<\/em> te <em>macht<\/em> <em>frei<\/em>. L\u2019Europe totalitaire fasciste arriv\u00e9e \u00e0 son apog\u00e9e aujourd\u2019hui. L\u2019Europe le comprend ? \u00c7a n\u2019en a pas l\u2019air.<\/p>\n<p>Qu\u2019\u00e0 cela ne tienne, l\u2019Europe est quelque chose d\u2019important qui peut \u00eatre une association de pays totalement diff\u00e9rente, de pays parfaitement souverains qui, \u00e0 certaines occasions, entre certains pays de l\u2019alliance, d\u00e9cideront de coop\u00e9rer dans un cadre respectueux des nations, dans un monde pluriel, une Europe plurielle parfaitement assum\u00e9e, justement riche de cette pluralit\u00e9.<\/p>\n<p>Allez, \u00e9coutons Oleg !<\/p>\n<p><iframe id=\"odysee-iframe\" style=\"width:100%; aspect-ratio:16 \/ 9;\" src=\"https:\/\/odysee.com\/%24\/embed\/%40EurasiaPerspective%3Ac%2F60min_20012026_OlegMorozov1%3Af?r=CwN9fCs6HpwkWneXTmw1zCB7rvb3eE2D\" allowfullscreen=\"\"><\/iframe><\/p>\n<p>Rappel : <a target=\"_blank\" href=\"http:\/\/60min_20012026_OlegMorozov_Texte.docx\" target=\"_blank\" rel=\"noopener\" title=\"\">texte de la communication de Morozov<\/a><\/p>\n<p>Kinisou toumguytouri ! (Merci les amis ! en tchouktche)<\/p>\n<div class=\"sharedaddy sd-block sd-like jetpack-likes-widget-wrapper jetpack-likes-widget-unloaded\" id=\"like-post-wrapper-237719536-507812-697576cf4523f\" data-src=\"https:\/\/widgets.wp.com\/likes\/?ver=15.2#blog_id=237719536&amp;post_id=507812&amp;origin=reseauinternational.net&amp;obj_id=237719536-507812-697576cf4523f\" data-name=\"like-post-frame-237719536-507812-697576cf4523f\" data-title=\"Aimer ou rebloguer\">\n<h3 class=\"sd-title\">J\u2019aime \u00e7a\u00a0:<\/h3>\n<p><span class=\"button\"><span>J\u2019aime<\/span><\/span> <span class=\"loading\">chargement\u2026<\/span><\/p>\n<p><span class=\"sd-text-color\"\/><a target=\"_blank\" class=\"sd-link-color\"\/><\/div>\n<p><meta itemscope=\"\" itemprop=\"mainEntityOfPage\" itemtype=\"https:\/\/schema.org\/WebPage\" itemid=\"https:\/\/reseauinternational.net\/et-si-le-groenland-etait-un-territoire-tchouktche\/\"\/><meta itemprop=\"headline\" content=\"Et si le Groenland \u00e9tait un territoire tchouktche ?\"\/><span style=\"display: none;\" itemprop=\"author\" itemscope=\"\" itemtype=\"https:\/\/schema.org\/Person\"><meta itemprop=\"name\" content=\"R\u00e9seau International\"\/><\/span><span style=\"display: none;\" itemprop=\"image\" itemscope=\"\" itemtype=\"https:\/\/schema.org\/ImageObject\"><meta itemprop=\"url\" content=\"https:\/\/i0.wp.com\/reseauinternational.net\/wp-content\/uploads\/2026\/01\/Sans-titre-35-3.png?fit=800%2C467&amp;ssl=1\"\/><meta itemprop=\"width\" content=\"800\"\/><meta itemprop=\"height\" content=\"467\"\/><\/span><span style=\"display: none;\" itemprop=\"publisher\" itemscope=\"\" itemtype=\"https:\/\/schema.org\/Organization\"><span style=\"display: none;\" itemprop=\"logo\" itemscope=\"\" itemtype=\"https:\/\/schema.org\/ImageObject\"><meta itemprop=\"url\" content=\"https:\/\/reseauinternational.net\/wp-content\/uploads\/2022\/06\/Capture-de\u0301cran-2022-06-14-a\u0300-16.51.07.png\"\/><\/span><meta itemprop=\"name\" content=\"R\u00e9seau International\"\/><\/span><meta itemprop=\"datePublished\" content=\"2026-01-24T12:21:53+00:00\"\/><meta itemprop=\"dateModified\" content=\"2026-01-24T12:22:15+00:00\"\/><\/div>\n<p><br \/>\n<br \/><a href=\"https:\/\/reseauinternational.net\/et-si-le-groenland-etait-un-territoire-tchouktche\/\" target=\"_blank\"\">Source link <\/a><\/p>\n","protected":false},"excerpt":{"rendered":"<p>Soutenez-nous Votre soutien nous est indispensable pour continuer \u00e0 vous fournir le meilleur de l\u2019information internationale alternative. C\u2019est gr\u00e2ce \u00e0 vos dons que nous pourrons maintenir le cap pour une&hellip; <\/p>\n","protected":false},"author":1,"featured_media":22947,"comment_status":"open","ping_status":"open","sticky":false,"template":"","format":"standard","meta":{"footnotes":""},"categories":[1],"tags":[],"class_list":["post-22946","post","type-post","status-publish","format-standard","has-post-thumbnail","hentry","category-non-classe"],"_links":{"self":[{"href":"https:\/\/monde25.info\/index.php\/wp-json\/wp\/v2\/posts\/22946","targetHints":{"allow":["GET"]}}],"collection":[{"href":"https:\/\/monde25.info\/index.php\/wp-json\/wp\/v2\/posts"}],"about":[{"href":"https:\/\/monde25.info\/index.php\/wp-json\/wp\/v2\/types\/post"}],"author":[{"embeddable":true,"href":"https:\/\/monde25.info\/index.php\/wp-json\/wp\/v2\/users\/1"}],"replies":[{"embeddable":true,"href":"https:\/\/monde25.info\/index.php\/wp-json\/wp\/v2\/comments?post=22946"}],"version-history":[{"count":0,"href":"https:\/\/monde25.info\/index.php\/wp-json\/wp\/v2\/posts\/22946\/revisions"}],"wp:featuredmedia":[{"embeddable":true,"href":"https:\/\/monde25.info\/index.php\/wp-json\/wp\/v2\/media\/22947"}],"wp:attachment":[{"href":"https:\/\/monde25.info\/index.php\/wp-json\/wp\/v2\/media?parent=22946"}],"wp:term":[{"taxonomy":"category","embeddable":true,"href":"https:\/\/monde25.info\/index.php\/wp-json\/wp\/v2\/categories?post=22946"},{"taxonomy":"post_tag","embeddable":true,"href":"https:\/\/monde25.info\/index.php\/wp-json\/wp\/v2\/tags?post=22946"}],"curies":[{"name":"wp","href":"https:\/\/api.w.org\/{rel}","templated":true}]}}