{"id":22948,"date":"2026-01-25T03:44:36","date_gmt":"2026-01-25T02:44:36","guid":{"rendered":"https:\/\/monde25.info\/index.php\/2026\/01\/25\/creation-dun-fonds-emeutes-au-lieu-dune-taxe-sur-les-assures-rt-en-francais\/"},"modified":"2026-01-25T03:44:36","modified_gmt":"2026-01-25T02:44:36","slug":"creation-dun-fonds-emeutes-au-lieu-dune-taxe-sur-les-assures-rt-en-francais","status":"publish","type":"post","link":"https:\/\/monde25.info\/index.php\/2026\/01\/25\/creation-dun-fonds-emeutes-au-lieu-dune-taxe-sur-les-assures-rt-en-francais\/","title":{"rendered":"cr\u00e9ation d&rsquo;un \u00abfonds \u00e9meutes\u00bb au lieu d&rsquo;une taxe sur les assur\u00e9s \u2014 RT en fran\u00e7ais"},"content":{"rendered":"<p> <br \/>\n<br \/><img decoding=\"async\" src=\"https:\/\/mf.b37mrtl.ru\/french\/images\/2026.01\/thumbnail\/6974cc916f7ccc462c3ad326.jpg\" \/><\/p>\n<div>\n<p class=\"text__summary\">\n                                        L\u2019amendement pr\u00e9voyant une taxe sur tous les contrats d\u2019assurance a \u00e9t\u00e9 supprim\u00e9. Le nouveau projet pr\u00e9voit un fonds aliment\u00e9 par les assureurs volontaires pour couvrir les zones sensibles, sous la gestion de la Caisse centrale de r\u00e9assurance, afin de ne pas p\u00e9naliser les m\u00e9nages.\n                                    <\/p>\n<p>Le gouvernement fran\u00e7ais a renonc\u00e9 \u00e0 l&rsquo;amendement du projet de budget 2026 pr\u00e9voyant l&rsquo;introduction d&rsquo;une majoration sur tous les contrats d&rsquo;assurance pour couvrir les dommages caus\u00e9s par les \u00e9meutes, <a target=\"_blank\" href=\"https:\/\/www.bfmtv.com\/economie\/entreprises\/assurance-banque\/le-gouvernement-renonce-a-imposer-une-surprime-de-5-sur-les-contrats-d-assurance-pour-couvrir-les-degats-lies-aux-emeutes-mais-veut-toujours-creer-un-fonds-emeutes-pour-les-assureurs_AD-202601240208.html?at_brand=BFMTV&amp;at_compte=BFMTV&amp;at_plateforme=twitter&amp;at_campaign=Fan_pages&amp;at_medium=Community_Management\" target=\"_blank\" rel=\"noopener noreferrer\">a annonc\u00e9<\/a> BFMTV ce 24 janvier. Cette mesure pr\u00e9voyait une contribution syst\u00e9matique d&rsquo;au moins 2\u00a0% du montant des contrats d&rsquo;assurance automobile et habitation, similaire au syst\u00e8me existant pour le fonds de garantie des victimes.<\/p>\n<p>\u00c0 la place, il est pr\u00e9vu de cr\u00e9er ce que la cha\u00eene fran\u00e7aise a appel\u00e9 un \u00ab\u00a0fonds \u00e9meutes\u00a0\u00bb, qui sera aliment\u00e9 par les compagnies d&rsquo;assurance. Selon BFMTV, le gouvernement, toujours d\u00e9termin\u00e9 \u00e0 augmenter la couverture des dommages caus\u00e9s par les \u00e9meutes par les assureurs, souhaite que le fonds soit aliment\u00e9 par les cotisations des assureurs volontaires. Le fonds lui-m\u00eame sera transf\u00e9r\u00e9 \u00e0 la gestion du Fonds central de r\u00e9assurance.<\/p>\n<p>Le journal<em> Les \u00c9chos<\/em>\u00a0<a target=\"_blank\" href=\"https:\/\/www.lesechos.fr\/finance-marches\/banque-assurances\/taxe-casseurs-face-aux-critiques-le-gouvernement-recentre-le-dispositif-sur-les-zones-les-plus-exposees-2211632\" target=\"_blank\" rel=\"noopener noreferrer\">a confirm\u00e9<\/a> l&rsquo;information concernant l&rsquo;inclusion d&rsquo;une garantie modifi\u00e9e en cas de troubles dans la deuxi\u00e8me partie du projet de budget le 23 janvier. Selon\u00a0lui, le m\u00e9canisme a \u00e9t\u00e9 enti\u00e8rement remani\u00e9 afin de le concentrer sur les communaut\u00e9s et les territoires les plus expos\u00e9s, ainsi que pour apaiser les critiques \u00e0 l&rsquo;\u00e9gard de la \u00ab taxe casseurs \u00bb, car la version pr\u00e9c\u00e9dente de l&rsquo;amendement mena\u00e7ait les assur\u00e9s d&rsquo;une augmentation du prix de leurs polices.<\/p>\n<p>Le gouvernement fran\u00e7ais se bat depuis l&rsquo;\u00e9t\u00e9 pour faire adopter le budget 2026. Incapable de trouver un compromis, le 20 janvier, le Premier ministre fran\u00e7ais S\u00e9bastien Lecornu a fait devant l&rsquo;Assembl\u00e9e nationale ce qu&rsquo;il s&rsquo;\u00e9tait engag\u00e9 \u00e0 ne pas faire \u00e0 l&rsquo;automne\u00a0: il a invoqu\u00e9 l&rsquo;article 49.3 de la Constitution, qui permet au gouvernement d&rsquo;adopter une loi si le Parlement ne parvient pas \u00e0 se mettre d&rsquo;accord.<\/p>\n<p>\u00c0 cet \u00e9gard, La France insoumise et le Rassemblement national <a target=\"_blank\" href=\"https:\/\/francais.rt.com\/france\/129723-france-deux-motions-censure-lecornu\">ont annonc\u00e9<\/a> qu&rsquo;ils d\u00e9poseraient deux motions de censure contre\u00a0le Premier ministre et son gouvernement, tandis que Marine Le Pen, pr\u00e9sidente du RN, a qualifi\u00e9 le projet de budget fran\u00e7ais pour 2026 de \u00ab\u00a0Tchernobyl budg\u00e9taire\u00a0\u00bb, un couvercle de b\u00e9ton sous lequel, selon elle,\u00a0S\u00e9bastien Lecornu tentait de dissimuler des \u00ab\u00a0\u00e9l\u00e9ments hautement radioactifs\u00a0\u00bb.<\/p>\n<\/div>\n<p><br \/>\n<br \/><a href=\"https:\/\/francais.rt.com\/france\/129759-budget-2026-creation-fonds-emeutes-lieu-taxe-assures\" target=\"_blank\"\">Source link <\/a><\/p>\n","protected":false},"excerpt":{"rendered":"<p>L\u2019amendement pr\u00e9voyant une taxe sur tous les contrats d\u2019assurance a \u00e9t\u00e9 supprim\u00e9. Le nouveau projet pr\u00e9voit un fonds aliment\u00e9 par les assureurs volontaires pour couvrir les zones sensibles, sous la&hellip; <\/p>\n","protected":false},"author":1,"featured_media":22949,"comment_status":"open","ping_status":"open","sticky":false,"template":"","format":"standard","meta":{"footnotes":""},"categories":[1],"tags":[],"class_list":["post-22948","post","type-post","status-publish","format-standard","has-post-thumbnail","hentry","category-non-classe"],"_links":{"self":[{"href":"https:\/\/monde25.info\/index.php\/wp-json\/wp\/v2\/posts\/22948","targetHints":{"allow":["GET"]}}],"collection":[{"href":"https:\/\/monde25.info\/index.php\/wp-json\/wp\/v2\/posts"}],"about":[{"href":"https:\/\/monde25.info\/index.php\/wp-json\/wp\/v2\/types\/post"}],"author":[{"embeddable":true,"href":"https:\/\/monde25.info\/index.php\/wp-json\/wp\/v2\/users\/1"}],"replies":[{"embeddable":true,"href":"https:\/\/monde25.info\/index.php\/wp-json\/wp\/v2\/comments?post=22948"}],"version-history":[{"count":0,"href":"https:\/\/monde25.info\/index.php\/wp-json\/wp\/v2\/posts\/22948\/revisions"}],"wp:featuredmedia":[{"embeddable":true,"href":"https:\/\/monde25.info\/index.php\/wp-json\/wp\/v2\/media\/22949"}],"wp:attachment":[{"href":"https:\/\/monde25.info\/index.php\/wp-json\/wp\/v2\/media?parent=22948"}],"wp:term":[{"taxonomy":"category","embeddable":true,"href":"https:\/\/monde25.info\/index.php\/wp-json\/wp\/v2\/categories?post=22948"},{"taxonomy":"post_tag","embeddable":true,"href":"https:\/\/monde25.info\/index.php\/wp-json\/wp\/v2\/tags?post=22948"}],"curies":[{"name":"wp","href":"https:\/\/api.w.org\/{rel}","templated":true}]}}