{"id":22950,"date":"2026-01-25T06:29:36","date_gmt":"2026-01-25T05:29:36","guid":{"rendered":"https:\/\/monde25.info\/index.php\/2026\/01\/25\/des-jardins-potagers-contamines-par-un-pesticide-juge-incontrolable\/"},"modified":"2026-01-25T06:29:36","modified_gmt":"2026-01-25T05:29:36","slug":"des-jardins-potagers-contamines-par-un-pesticide-juge-incontrolable","status":"publish","type":"post","link":"https:\/\/monde25.info\/index.php\/2026\/01\/25\/des-jardins-potagers-contamines-par-un-pesticide-juge-incontrolable\/","title":{"rendered":"Des jardins potagers contamin\u00e9s par un pesticide jug\u00e9 \u00ab\u00a0incontr\u00f4lable\u00a0\u00bb"},"content":{"rendered":"<p> <br \/>\n<br \/><img loading=\"lazy\" decoding=\"async\" src=\"https:\/\/reporterre.net\/local\/cache-vignettes\/L700xH467\/afp__20230718__33j43cx__v1__highres__franceenvironmenturbanismagriculture_1_-e92e9.jpg?1769070322\" class=\"spip_logo\" width=\"700\" height=\"467\" alt=\"\" \/><\/p>\n<p>Du prosulfocarbe, un herbicide utilis\u00e9 dans les grandes cultures c\u00e9r\u00e9ali\u00e8res, a \u00e9t\u00e9 retrouv\u00e9 dans les fruits et l\u00e9gumes cultiv\u00e9s chez des particuliers, r\u00e9v\u00e8lent des analyses men\u00e9es dans le Loir-et-Cher. <br class=\"autobr\" \/> Son nom ne vous dit peut-\u00eatre rien, pourtant, le prosulfocarbe est devenu le deuxi\u00e8me herbicide le plus utilis\u00e9 en France, juste derri\u00e8re le glyphosate. En 2023, 6\u00a0326 tonnes de ce d\u00e9sherbant utilis\u00e9 en agriculture conventionnelle y ont \u00e9t\u00e9 vendues. <br class=\"autobr\" \/><br \/>\nCommercialis\u00e9 par la multinationale\u00a0(\u2026)<\/p>\n<p>                    <a target=\"_blank\" href=\"https:\/\/reporterre.net\/Des-jardins-potagers-contamines-par-du-prosulfocarbe-un-pesticide-juge-incontrolable?utm_source=RSS&amp;utm_medium=RSS\">Lire la suite<\/a><\/p>\n<p>                    &#8211;<br \/>\n                        <a target=\"_blank\" href=\"https:\/\/reporterre.net\/Autres-infos\" rel=\"directory\">Info<\/a><\/p>\n<p>                    \/<br \/>\n                        <a target=\"_blank\" href=\"https:\/\/reporterre.net\/Pesticides\" rel=\"tag\">Pesticides<\/a><br \/>\n<br \/><br \/>\n<br \/><a href=\"https:\/\/reporterre.net\/Des-jardins-potagers-contamines-par-du-prosulfocarbe-un-pesticide-juge-incontrolable\" target=\"_blank\"\">Source link <\/a><\/p>\n","protected":false},"excerpt":{"rendered":"<p>Du prosulfocarbe, un herbicide utilis\u00e9 dans les grandes cultures c\u00e9r\u00e9ali\u00e8res, a \u00e9t\u00e9 retrouv\u00e9 dans les fruits et l\u00e9gumes cultiv\u00e9s chez des particuliers, r\u00e9v\u00e8lent des analyses men\u00e9es dans le Loir-et-Cher. Son&hellip; <\/p>\n","protected":false},"author":1,"featured_media":0,"comment_status":"open","ping_status":"open","sticky":false,"template":"","format":"standard","meta":{"footnotes":""},"categories":[1],"tags":[],"class_list":["post-22950","post","type-post","status-publish","format-standard","hentry","category-non-classe"],"_links":{"self":[{"href":"https:\/\/monde25.info\/index.php\/wp-json\/wp\/v2\/posts\/22950","targetHints":{"allow":["GET"]}}],"collection":[{"href":"https:\/\/monde25.info\/index.php\/wp-json\/wp\/v2\/posts"}],"about":[{"href":"https:\/\/monde25.info\/index.php\/wp-json\/wp\/v2\/types\/post"}],"author":[{"embeddable":true,"href":"https:\/\/monde25.info\/index.php\/wp-json\/wp\/v2\/users\/1"}],"replies":[{"embeddable":true,"href":"https:\/\/monde25.info\/index.php\/wp-json\/wp\/v2\/comments?post=22950"}],"version-history":[{"count":0,"href":"https:\/\/monde25.info\/index.php\/wp-json\/wp\/v2\/posts\/22950\/revisions"}],"wp:attachment":[{"href":"https:\/\/monde25.info\/index.php\/wp-json\/wp\/v2\/media?parent=22950"}],"wp:term":[{"taxonomy":"category","embeddable":true,"href":"https:\/\/monde25.info\/index.php\/wp-json\/wp\/v2\/categories?post=22950"},{"taxonomy":"post_tag","embeddable":true,"href":"https:\/\/monde25.info\/index.php\/wp-json\/wp\/v2\/tags?post=22950"}],"curies":[{"name":"wp","href":"https:\/\/api.w.org\/{rel}","templated":true}]}}