{"id":22955,"date":"2026-01-25T08:08:46","date_gmt":"2026-01-25T07:08:46","guid":{"rendered":"https:\/\/monde25.info\/index.php\/2026\/01\/25\/ce-que-le-danemark-avait-prepare-au-groenland-rt-en-francais\/"},"modified":"2026-01-25T08:08:46","modified_gmt":"2026-01-25T07:08:46","slug":"ce-que-le-danemark-avait-prepare-au-groenland-rt-en-francais","status":"publish","type":"post","link":"https:\/\/monde25.info\/index.php\/2026\/01\/25\/ce-que-le-danemark-avait-prepare-au-groenland-rt-en-francais\/","title":{"rendered":"ce que le Danemark avait pr\u00e9par\u00e9 au Groenland \u2014 RT en fran\u00e7ais"},"content":{"rendered":"<p> <br \/>\n<br \/><img decoding=\"async\" src=\"https:\/\/mf.b37mrtl.ru\/french\/images\/2026.01\/thumbnail\/6974d26687f3ec42c6412f67.jpg\" \/><\/p>\n<div>\n<p class=\"text__summary\">\n                                        Des soldats danois ont \u00e9t\u00e9 d\u00e9ploy\u00e9s au Groenland dans le cadre de l\u2019op\u00e9ration Arctic Endurance, avec pour mission de se tenir pr\u00eats \u00e0 un engagement militaire en cas d\u2019attaque inattendue, et dot\u00e9s de munitions r\u00e9elles, selon les m\u00e9dias nationaux.\n                                    <\/p>\n<p>Des soldats danois ont re\u00e7u, la semaine derni\u00e8re, un ordre les enjoignant \u00e0 se tenir pr\u00eats \u00e0 un engagement arm\u00e9 si le Groenland venait \u00e0 \u00eatre attaqu\u00e9 de mani\u00e8re impr\u00e9vue, <a target=\"_blank\" href=\"https:\/\/www.dr.dk\/nyheder\/indland\/groenland\/danske-soldater-fik-ordre-om-goere-klar-til-kamp-i-groenland-bad-ogsaa-sverige-om-hjaelp\" target=\"_blank\" rel=\"noopener noreferrer\">rapporte le m\u00e9dia danois DR<\/a>. Cet ordre s\u2019inscrivait dans l\u2019op\u00e9ration militaire Arctic Endurance, dans le cadre de laquelle des troupes ont \u00e9t\u00e9 d\u00e9ploy\u00e9es sur le territoire groenlandais avec des munitions r\u00e9elles.<\/p>\n<p>Dans le m\u00eame temps, une demande officielle de coop\u00e9ration a \u00e9t\u00e9 adress\u00e9e \u00e0 la Su\u00e8de. D\u2019apr\u00e8s le m\u00e9dia su\u00e9dois SVT, cit\u00e9 par DR, les autorit\u00e9s militaires de Stockholm ont \u00e9t\u00e9 sollicit\u00e9es d\u00e8s le d\u00e9but de la semaine derni\u00e8re. Apr\u00e8s consultation du gouvernement su\u00e9dois, l\u2019\u00e9tat-major a d\u00e9cid\u00e9 de participer \u00e0 l\u2019op\u00e9ration en envoyant, \u00e0 tr\u00e8s court pr\u00e9avis, plusieurs officiers sp\u00e9cialis\u00e9s dans la planification.<\/p>\n<p>L\u2019op\u00e9ration Arctic Endurance se d\u00e9roule toujours sur le territoire groenlandais. Les forces su\u00e9doises proc\u00e8dent actuellement \u00e0 l\u2019analyse des donn\u00e9es recueillies sur place. Comme l\u2019indique \u00e0 DR le porte-parole su\u00e9dois de la D\u00e9fense, Jonas Beltrame-Linn\u00e9, l\u2019objectif est de participer aux exercices danois \u00e0 venir, en s\u2019adaptant aux besoins exprim\u00e9s par Copenhague quant aux modalit\u00e9s et au calendrier de l\u2019engagement su\u00e9dois.<\/p>\n<p>Depuis le 14 janvier, des avions militaires et civils assurent de mani\u00e8re continue le transport de soldats et d\u2019\u00e9quipements depuis le Danemark vers le Groenland. Toujours d&rsquo;apr\u00e8s la m\u00eame source, l\u2019ordre transmis aux forces arm\u00e9es danoises d\u00e9crit une op\u00e9ration structur\u00e9e en plusieurs phases, avec la possibilit\u00e9 d\u2019un renforcement progressif des effectifs et des capacit\u00e9s militaires d\u00e9ploy\u00e9es. Si cette op\u00e9ration \u00e9tait planifi\u00e9e de longue date et r\u00e9partie sur l\u2019ensemble de l\u2019ann\u00e9e, elle a toutefois \u00e9t\u00e9 acc\u00e9l\u00e9r\u00e9e de fa\u00e7on \u00ab\u00a0soudaine\u00a0\u00bb.<\/p>\n<p>Les autorit\u00e9s soulignent que l\u2019augmentation de la pr\u00e9sence militaire danoise vise \u00ab\u00a0exclusivement \u00e0 mener des exercices conjoints avec des forces alli\u00e9es\u00a0\u00bb, dans les conditions particuli\u00e8res de l\u2019Arctique.<\/p>\n<p>Le minist\u00e8re danois de la D\u00e9fense pr\u00e9cise \u00e9galement que l\u2019op\u00e9ration Arctic Endurance se poursuivra tout au long de l\u2019ann\u00e9e 2026, sur terre, en mer et dans les airs.<\/p>\n<p>Depuis le d\u00e9but de son second mandat, le pr\u00e9sident am\u00e9ricain Donald Trump a affirm\u00e9 \u00e0 plusieurs reprises que le Groenland devrait devenir une partie des \u00c9tats-Unis. Apr\u00e8s l\u2019op\u00e9ration militaire men\u00e9e au Venezuela, ces d\u00e9clarations ont pris un ton plus insistant. Il justifie cette position par la pr\u00e9sence suppos\u00e9e de sous-marins russes et chinois autour de cette r\u00e9gion autonome du royaume danois, alors que la d\u00e9fense locale se limiterait, selon lui, \u00e0 deux attelages de chiens.<\/p>\n<p>Le Groenland est une ancienne colonie danoise devenu territoire autonome du Royaume du Danemark, qui continue de contr\u00f4ler sa politique \u00e9trang\u00e8re et de s\u00e9curit\u00e9. Avec ses 2,166\u00a0millions\u00a0de\u00a0kilom\u00e8tres\u00a0carr\u00e9s, c&rsquo;est la plus grande \u00eele du monde, dont pr\u00e8s de 80\u00a0% du territoire est recouvert de glace. Elle est situ\u00e9e au nord-est de l&rsquo;Am\u00e9rique du Nord. L&rsquo;\u00eele compte un peu plus de 50\u00a0000 habitants, pour la plupart des Inuits (Eskimos).<\/p>\n<\/div>\n<p><br \/>\n<br \/><a href=\"https:\/\/francais.rt.com\/international\/129762-ordres-combat-munitions-reelles-que-danemark-avait-prepare-au-groenland\" target=\"_blank\"\">Source link <\/a><\/p>\n","protected":false},"excerpt":{"rendered":"<p>Des soldats danois ont \u00e9t\u00e9 d\u00e9ploy\u00e9s au Groenland dans le cadre de l\u2019op\u00e9ration Arctic Endurance, avec pour mission de se tenir pr\u00eats \u00e0 un engagement militaire en cas d\u2019attaque inattendue,&hellip; <\/p>\n","protected":false},"author":1,"featured_media":22956,"comment_status":"open","ping_status":"open","sticky":false,"template":"","format":"standard","meta":{"footnotes":""},"categories":[1],"tags":[],"class_list":["post-22955","post","type-post","status-publish","format-standard","has-post-thumbnail","hentry","category-non-classe"],"_links":{"self":[{"href":"https:\/\/monde25.info\/index.php\/wp-json\/wp\/v2\/posts\/22955","targetHints":{"allow":["GET"]}}],"collection":[{"href":"https:\/\/monde25.info\/index.php\/wp-json\/wp\/v2\/posts"}],"about":[{"href":"https:\/\/monde25.info\/index.php\/wp-json\/wp\/v2\/types\/post"}],"author":[{"embeddable":true,"href":"https:\/\/monde25.info\/index.php\/wp-json\/wp\/v2\/users\/1"}],"replies":[{"embeddable":true,"href":"https:\/\/monde25.info\/index.php\/wp-json\/wp\/v2\/comments?post=22955"}],"version-history":[{"count":0,"href":"https:\/\/monde25.info\/index.php\/wp-json\/wp\/v2\/posts\/22955\/revisions"}],"wp:featuredmedia":[{"embeddable":true,"href":"https:\/\/monde25.info\/index.php\/wp-json\/wp\/v2\/media\/22956"}],"wp:attachment":[{"href":"https:\/\/monde25.info\/index.php\/wp-json\/wp\/v2\/media?parent=22955"}],"wp:term":[{"taxonomy":"category","embeddable":true,"href":"https:\/\/monde25.info\/index.php\/wp-json\/wp\/v2\/categories?post=22955"},{"taxonomy":"post_tag","embeddable":true,"href":"https:\/\/monde25.info\/index.php\/wp-json\/wp\/v2\/tags?post=22955"}],"curies":[{"name":"wp","href":"https:\/\/api.w.org\/{rel}","templated":true}]}}