{"id":22957,"date":"2026-01-25T10:53:42","date_gmt":"2026-01-25T09:53:42","guid":{"rendered":"https:\/\/monde25.info\/index.php\/2026\/01\/25\/sur-lile-de-paques-tourisme-et-crise-climatique-fragilisent-les-statues-ancestrales\/"},"modified":"2026-01-25T10:53:42","modified_gmt":"2026-01-25T09:53:42","slug":"sur-lile-de-paques-tourisme-et-crise-climatique-fragilisent-les-statues-ancestrales","status":"publish","type":"post","link":"https:\/\/monde25.info\/index.php\/2026\/01\/25\/sur-lile-de-paques-tourisme-et-crise-climatique-fragilisent-les-statues-ancestrales\/","title":{"rendered":"Sur l&#039;\u00eele de P\u00e2ques, tourisme et crise climatique fragilisent les statues ancestrales"},"content":{"rendered":"<p> <br \/>\n<br \/><img loading=\"lazy\" decoding=\"async\" src=\"https:\/\/reporterre.net\/local\/cache-vignettes\/L700xH467\/selection_rapa_nui_-_reporterre-_marion-esnault-23-6272a.jpg?1769320802\" class=\"spip_logo\" width=\"700\" height=\"467\" alt=\"\" \/><\/p>\n<p>En plein milieu du Pacifique, l&rsquo;\u00eele de P\u00e2ques vit des bouleversements environnementaux et climatiques sans pr\u00e9c\u00e9dent. Tr\u00e8s d\u00e9pendante du tourisme, elle est aujourd&rsquo;hui en qu\u00eate d&rsquo;un mod\u00e8le plus soutenable. <br class=\"autobr\" \/><br \/>\n\u00cele de P\u00e2ques (Chili), reportage <br class=\"autobr\" \/><br \/>\nDans le sud-ouest de l&rsquo;\u00eele de P\u00e2ques, plusieurs mini-bus sont stationn\u00e9s \u00e0 quelques m\u00e8tres d&rsquo;un des trois crat\u00e8res volcaniques qui a form\u00e9 l&rsquo;\u00eele il y a plus de 2\u00a0millions d&rsquo;ann\u00e9es. <br class=\"autobr\" \/><br \/>\n\u00ab<small class=\"fine d-inline\">\u00a0<\/small>Bienvenue sur le site arch\u00e9ologique d&rsquo;Orongo<small class=\"fine d-inline\">\u00a0<\/small>\u00bb, s&rsquo;exclame Luis\u00a0(\u2026)<\/p>\n<p>                    <a target=\"_blank\" href=\"https:\/\/reporterre.net\/Sur-l-ile-de-Paques-tourisme-et-crise-climatique-fragilisent-les-statues-ancestrales?utm_source=RSS&amp;utm_medium=RSS\">Lire la suite<\/a><\/p>\n<p>                    &#8211;<br \/>\n                        <a target=\"_blank\" href=\"https:\/\/reporterre.net\/Reportage\" rel=\"directory\">Reportage<\/a><\/p>\n<p>                    \/<br \/>\n                        <a target=\"_blank\" href=\"https:\/\/reporterre.net\/Climat-18\" rel=\"tag\">Climat <\/a><br \/>\n                    ,<br \/>\n                        <a target=\"_blank\" href=\"https:\/\/reporterre.net\/International\" rel=\"tag\">Monde<\/a><br \/>\n<br \/><br \/>\n<br \/><a href=\"https:\/\/reporterre.net\/Sur-l-ile-de-Paques-tourisme-et-crise-climatique-fragilisent-les-statues-ancestrales\" target=\"_blank\"\">Source link <\/a><\/p>\n","protected":false},"excerpt":{"rendered":"<p>En plein milieu du Pacifique, l&rsquo;\u00eele de P\u00e2ques vit des bouleversements environnementaux et climatiques sans pr\u00e9c\u00e9dent. Tr\u00e8s d\u00e9pendante du tourisme, elle est aujourd&rsquo;hui en qu\u00eate d&rsquo;un mod\u00e8le plus soutenable. \u00cele&hellip; <\/p>\n","protected":false},"author":1,"featured_media":0,"comment_status":"open","ping_status":"open","sticky":false,"template":"","format":"standard","meta":{"footnotes":""},"categories":[1],"tags":[],"class_list":["post-22957","post","type-post","status-publish","format-standard","hentry","category-non-classe"],"_links":{"self":[{"href":"https:\/\/monde25.info\/index.php\/wp-json\/wp\/v2\/posts\/22957","targetHints":{"allow":["GET"]}}],"collection":[{"href":"https:\/\/monde25.info\/index.php\/wp-json\/wp\/v2\/posts"}],"about":[{"href":"https:\/\/monde25.info\/index.php\/wp-json\/wp\/v2\/types\/post"}],"author":[{"embeddable":true,"href":"https:\/\/monde25.info\/index.php\/wp-json\/wp\/v2\/users\/1"}],"replies":[{"embeddable":true,"href":"https:\/\/monde25.info\/index.php\/wp-json\/wp\/v2\/comments?post=22957"}],"version-history":[{"count":0,"href":"https:\/\/monde25.info\/index.php\/wp-json\/wp\/v2\/posts\/22957\/revisions"}],"wp:attachment":[{"href":"https:\/\/monde25.info\/index.php\/wp-json\/wp\/v2\/media?parent=22957"}],"wp:term":[{"taxonomy":"category","embeddable":true,"href":"https:\/\/monde25.info\/index.php\/wp-json\/wp\/v2\/categories?post=22957"},{"taxonomy":"post_tag","embeddable":true,"href":"https:\/\/monde25.info\/index.php\/wp-json\/wp\/v2\/tags?post=22957"}],"curies":[{"name":"wp","href":"https:\/\/api.w.org\/{rel}","templated":true}]}}