{"id":22968,"date":"2026-01-25T15:51:42","date_gmt":"2026-01-25T14:51:42","guid":{"rendered":"https:\/\/monde25.info\/index.php\/2026\/01\/25\/giga-incendie-au-chili-lindustrialisation-des-forets-pointee-du-doigt\/"},"modified":"2026-01-25T15:51:42","modified_gmt":"2026-01-25T14:51:42","slug":"giga-incendie-au-chili-lindustrialisation-des-forets-pointee-du-doigt","status":"publish","type":"post","link":"https:\/\/monde25.info\/index.php\/2026\/01\/25\/giga-incendie-au-chili-lindustrialisation-des-forets-pointee-du-doigt\/","title":{"rendered":"Giga incendie au Chili\u00a0: l&#039;industrialisation des for\u00eats point\u00e9e du doigt"},"content":{"rendered":"<p> <br \/>\n<br \/><img loading=\"lazy\" decoding=\"async\" src=\"https:\/\/reporterre.net\/local\/cache-vignettes\/L700xH467\/afp__20260118__934u6bm__v1__highres__chileenvironmentclimatefire-493b9.jpg?1769069044\" class=\"spip_logo\" width=\"700\" height=\"467\" alt=\"\" \/><\/p>\n<p>Voil\u00e0 6 jours que le sud du Chili est en proie aux flammes. 20 personnes sont mortes et 38 000 ha ont d\u00e9j\u00e0 br\u00fbl\u00e9. \u00ab<small class=\"fine d-inline\">\u00a0<\/small>Cette trag\u00e9die est la cons\u00e9quence du mod\u00e8le extractiviste\u00a0forestier<small class=\"fine d-inline\">\u00a0<\/small>\u00bb, dit une militante \u00e9cologiste. <br class=\"autobr\" \/><br \/>\nChili, correspondance <br class=\"autobr\" \/><br \/>\n\u00ab<small class=\"fine d-inline\">\u00a0<\/small>Quand je suis arriv\u00e9e dans mon quartier, construit sur les collines du bord de mer, tous les voisins observaient la colonne de feu qui se dirigeait tout droit vers nous<small class=\"fine d-inline\">\u00a0<\/small>\u00bb, raconte Relmu Color, une jeune femme qui vivait au deuxi\u00e8me \u00e9tage d&rsquo;un immeuble\u00a0(\u2026)<\/p>\n<p>                    <a target=\"_blank\" href=\"https:\/\/reporterre.net\/Une-colonne-de-feu-se-dirigeait-sur-nous-le-Chili-en-proie-aux-flammes?utm_source=RSS&amp;utm_medium=RSS\">Lire la suite<\/a><\/p>\n<p>                    &#8211;<br \/>\n                        <a target=\"_blank\" href=\"https:\/\/reporterre.net\/Autres-infos\" rel=\"directory\">Info<\/a><\/p>\n<p>                    \/<br \/>\n                        <a target=\"_blank\" href=\"https:\/\/reporterre.net\/International\" rel=\"tag\">Monde<\/a><br \/>\n                    ,<br \/>\n                        <a target=\"_blank\" href=\"https:\/\/reporterre.net\/Megafeux\" rel=\"tag\">Incendies<\/a><br \/>\n<br \/><br \/>\n<br \/><a href=\"https:\/\/reporterre.net\/Une-colonne-de-feu-se-dirigeait-sur-nous-le-Chili-en-proie-aux-flammes\" target=\"_blank\"\">Source link <\/a><\/p>\n","protected":false},"excerpt":{"rendered":"<p>Voil\u00e0 6 jours que le sud du Chili est en proie aux flammes. 20 personnes sont mortes et 38 000 ha ont d\u00e9j\u00e0 br\u00fbl\u00e9. \u00ab\u00a0Cette trag\u00e9die est la cons\u00e9quence du&hellip; <\/p>\n","protected":false},"author":1,"featured_media":0,"comment_status":"open","ping_status":"open","sticky":false,"template":"","format":"standard","meta":{"footnotes":""},"categories":[1],"tags":[],"class_list":["post-22968","post","type-post","status-publish","format-standard","hentry","category-non-classe"],"_links":{"self":[{"href":"https:\/\/monde25.info\/index.php\/wp-json\/wp\/v2\/posts\/22968","targetHints":{"allow":["GET"]}}],"collection":[{"href":"https:\/\/monde25.info\/index.php\/wp-json\/wp\/v2\/posts"}],"about":[{"href":"https:\/\/monde25.info\/index.php\/wp-json\/wp\/v2\/types\/post"}],"author":[{"embeddable":true,"href":"https:\/\/monde25.info\/index.php\/wp-json\/wp\/v2\/users\/1"}],"replies":[{"embeddable":true,"href":"https:\/\/monde25.info\/index.php\/wp-json\/wp\/v2\/comments?post=22968"}],"version-history":[{"count":0,"href":"https:\/\/monde25.info\/index.php\/wp-json\/wp\/v2\/posts\/22968\/revisions"}],"wp:attachment":[{"href":"https:\/\/monde25.info\/index.php\/wp-json\/wp\/v2\/media?parent=22968"}],"wp:term":[{"taxonomy":"category","embeddable":true,"href":"https:\/\/monde25.info\/index.php\/wp-json\/wp\/v2\/categories?post=22968"},{"taxonomy":"post_tag","embeddable":true,"href":"https:\/\/monde25.info\/index.php\/wp-json\/wp\/v2\/tags?post=22968"}],"curies":[{"name":"wp","href":"https:\/\/api.w.org\/{rel}","templated":true}]}}