{"id":22982,"date":"2026-01-25T21:54:43","date_gmt":"2026-01-25T20:54:43","guid":{"rendered":"https:\/\/monde25.info\/index.php\/2026\/01\/25\/censure-sioniste-philippe-bilger-dezingue-le-systeme-cnews-bollore-praud\/"},"modified":"2026-01-25T21:54:43","modified_gmt":"2026-01-25T20:54:43","slug":"censure-sioniste-philippe-bilger-dezingue-le-systeme-cnews-bollore-praud","status":"publish","type":"post","link":"https:\/\/monde25.info\/index.php\/2026\/01\/25\/censure-sioniste-philippe-bilger-dezingue-le-systeme-cnews-bollore-praud\/","title":{"rendered":"Censure sioniste : Philippe Bilger d\u00e9zingue le syst\u00e8me CNEWS-Bollor\u00e9-Praud"},"content":{"rendered":"<p> <br \/>\n<\/p>\n<div>\n<p><span class=\"css-1jxf684 r-bcqeeo r-1ttztb7 r-qvutc0 r-poiln3 r-1adg3ll r-1g7jtus r-1x3r274\"><span class=\"css-1jxf684 r-bcqeeo r-1ttztb7 r-qvutc0 r-poiln3\"><span class=\"css-1jxf684 r-bcqeeo r-1ttztb7 r-qvutc0 r-poiln3 r-1x3r274\"><span class=\"dropcap \" style=\"background-color: #ffffff; color: #000000; border-color: #ffffff;\"><strong>P<\/strong><\/span>hilippe Bilger le pestif\u00e9r\u00e9 perd ses derniers plateaux sur CNews. Le directeur g\u00e9n\u00e9ral Serge Nedjar ne souhaite plus sa pr\u00e9sence. Cela concerne le mercredi midi avec Sonia Mabrouk et le jeudi matin avec Pascal Praud.<\/span><\/span><\/span><\/p>\n<p><span class=\"css-1jxf684 r-bcqeeo r-1ttztb7 r-qvutc0 r-poiln3 r-1adg3ll r-1g7jtus r-1x3r274\"><span class=\"css-1jxf684 r-bcqeeo r-1ttztb7 r-qvutc0 r-poiln3\"><span class=\"css-1jxf684 r-bcqeeo r-1ttztb7 r-qvutc0 r-poiln3 r-1x3r274\">L\u2019ancien magistrat s\u2019exprime sans d\u00e9tour dans une enqu\u00eate du <\/span><em><span class=\"css-1jxf684 r-bcqeeo r-1ttztb7 r-qvutc0 r-poiln3 r-1x3r274 r-36ujnk\"><span class=\"css-1jxf684 r-bcqeeo r-1ttztb7 r-qvutc0 r-poiln3 r-1x3r274\">Monde<\/span><\/span><\/em><span class=\"css-1jxf684 r-bcqeeo r-1ttztb7 r-qvutc0 r-poiln3 r-1x3r274\"> dat\u00e9e du 23 janvier 2026. Il accuse Praud de l\u2019avoir trait\u00e9 avec m\u00e9pris. \u00ab <em>J\u2019ai \u00e9t\u00e9 trait\u00e9 comme de la merde<\/em> \u00bb, d\u00e9clare-t-il. Praud aurait r\u00e9pondu : \u00ab <em>C\u2019est comme \u00e7a<\/em>. \u00bb ! La grande classe !<\/span><\/span><\/span><\/p>\n<p><span class=\"css-1jxf684 r-bcqeeo r-1ttztb7 r-qvutc0 r-poiln3 r-1adg3ll r-1g7jtus r-1x3r274\"><span class=\"css-1jxf684 r-bcqeeo r-1ttztb7 r-qvutc0 r-poiln3\"><span class=\"css-1jxf684 r-bcqeeo r-1ttztb7 r-qvutc0 r-poiln3 r-1x3r274\">Bilger pointe deux lignes intouchables sur la cha\u00eene. Nicolas Sarkozy reste innocent de tout. L\u2019isra\u00ebl b\u00e9n\u00e9ficie du m\u00eame traitement. Il regrette ce dogme rigide et l\u2019impossibilit\u00e9 de dire l\u2019inverse \u00e0 l\u2019antenne.<\/span><\/span><\/span><\/p>\n<hr\/>\n<p><span class=\"css-1jxf684 r-bcqeeo r-1ttztb7 r-qvutc0 r-poiln3 r-1adg3ll r-1g7jtus r-1x3r274\"><span class=\"css-1jxf684 r-bcqeeo r-1ttztb7 r-qvutc0 r-poiln3\"><span class=\"css-1jxf684 r-bcqeeo r-1ttztb7 r-qvutc0 r-poiln3 r-1x3r274\"><a target=\"_blank\" href=\"https:\/\/www.lelibrepenseur.org\/wp-content\/uploads\/2026\/01\/cnews-censure-sioniste-1.jpg\"><img loading=\"lazy\" decoding=\"async\" class=\" wp-image-6062657 aligncenter\" data-pagespeed-lazy-src=\"https:\/\/www.lelibrepenseur.org\/wp-content\/uploads\/2026\/01\/cnews-censure-sioniste-1.jpg\" alt=\"\" width=\"524\" height=\"340\" data-pagespeed-lazy-srcset=\"https:\/\/www.lelibrepenseur.org\/wp-content\/uploads\/2026\/01\/cnews-censure-sioniste-1.jpg 900w, https:\/\/www.lelibrepenseur.org\/wp-content\/uploads\/2026\/01\/cnews-censure-sioniste-1-300x195.jpg 300w, https:\/\/www.lelibrepenseur.org\/wp-content\/uploads\/2026\/01\/cnews-censure-sioniste-1-768x498.jpg 768w, https:\/\/www.lelibrepenseur.org\/wp-content\/uploads\/2026\/01\/cnews-censure-sioniste-1-24x16.jpg 24w, https:\/\/www.lelibrepenseur.org\/wp-content\/uploads\/2026\/01\/cnews-censure-sioniste-1-36x23.jpg 36w, https:\/\/www.lelibrepenseur.org\/wp-content\/uploads\/2026\/01\/cnews-censure-sioniste-1-48x31.jpg 48w, https:\/\/www.lelibrepenseur.org\/wp-content\/uploads\/2026\/01\/cnews-censure-sioniste-1-600x389.jpg 600w, https:\/\/www.lelibrepenseur.org\/wp-content\/uploads\/2026\/01\/cnews-censure-sioniste-1-750x487.jpg 750w\" sizes=\"auto, (max-width: 524px) 100vw, 524px\" src=\"\/pagespeed_static\/1.JiBnMqyl6S.gif\" onload=\"pagespeed.lazyLoadImages.loadIfVisibleAndMaybeBeacon(this);\" onerror=\"this.onerror=null;pagespeed.lazyLoadImages.loadIfVisibleAndMaybeBeacon(this);\"\/><\/a><\/span><\/span><\/span><\/p>\n<hr\/>\n<p><span class=\"css-1jxf684 r-bcqeeo r-1ttztb7 r-qvutc0 r-poiln3 r-1adg3ll r-1g7jtus r-1x3r274\"><span class=\"css-1jxf684 r-bcqeeo r-1ttztb7 r-qvutc0 r-poiln3\"><span class=\"css-1jxf684 r-bcqeeo r-1ttztb7 r-qvutc0 r-poiln3 r-1x3r274\">De plus, il d\u00e9nonce un m\u00e9pris envers Andr\u00e9 Vallini sur certains plateaux. Les dirigeants vantent une \u00ab <em>cha\u00eene d\u2019opinions<\/em> \u00bb au pluriel. Bilger soupire : l\u2019opinion devient singuli\u00e8re, unique.<\/span><\/span><\/span><\/p>\n<p><span class=\"css-1jxf684 r-bcqeeo r-1ttztb7 r-qvutc0 r-poiln3 r-1adg3ll r-1g7jtus r-1x3r274\"><span class=\"css-1jxf684 r-bcqeeo r-1ttztb7 r-qvutc0 r-poiln3\"><span class=\"css-1jxf684 r-bcqeeo r-1ttztb7 r-qvutc0 r-poiln3 r-1x3r274\">Pourquoi rester malgr\u00e9 tout ? Il avoue franchement : sans ces interventions, \u00ab <em>je suis cuit<\/em> \u00bb. Chaque prestation rapporte environ 250 euros en moyenne.<\/span><\/span><\/span><\/p>\n<p><span class=\"css-1jxf684 r-bcqeeo r-1ttztb7 r-qvutc0 r-poiln3 r-1adg3ll r-1x3r274 r-p1pxzi\"><span class=\"css-1jxf684 r-bcqeeo r-1ttztb7 r-qvutc0 r-poiln3\"><span class=\"css-1jxf684 r-bcqeeo r-1ttztb7 r-qvutc0 r-poiln3 r-1x3r274\">Ainsi, ce t\u00e9moignage expose les fractures internes \u00e0 CNews. Bilger choisit la sortie plut\u00f4t que la soumission. On est tr\u00e8s loin du slogan de la cha\u00eene qui vante tant la libert\u00e9 d\u2019expression. Nous ne pouvons que lui conseiller de faire comme Jean-Marc Morandini et de multiplier les agressions sexuelles, il aurait eu plus de chances de garder son poste de chroniqueur\u2026<\/span><\/span><\/span><\/p>\n<\/div>\n<p><br \/>\n<br \/><a href=\"https:\/\/www.lelibrepenseur.org\/censure-sioniste-philippe-bilger-dezingue-le-systeme-cnews-bollore-praud\/\" target=\"_blank\"\">Source link <\/a><\/p>\n","protected":false},"excerpt":{"rendered":"<p>Philippe Bilger le pestif\u00e9r\u00e9 perd ses derniers plateaux sur CNews. Le directeur g\u00e9n\u00e9ral Serge Nedjar ne souhaite plus sa pr\u00e9sence. Cela concerne le mercredi midi avec Sonia Mabrouk et le&hellip; <\/p>\n","protected":false},"author":1,"featured_media":0,"comment_status":"open","ping_status":"open","sticky":false,"template":"","format":"standard","meta":{"footnotes":""},"categories":[1],"tags":[],"class_list":["post-22982","post","type-post","status-publish","format-standard","hentry","category-non-classe"],"_links":{"self":[{"href":"https:\/\/monde25.info\/index.php\/wp-json\/wp\/v2\/posts\/22982","targetHints":{"allow":["GET"]}}],"collection":[{"href":"https:\/\/monde25.info\/index.php\/wp-json\/wp\/v2\/posts"}],"about":[{"href":"https:\/\/monde25.info\/index.php\/wp-json\/wp\/v2\/types\/post"}],"author":[{"embeddable":true,"href":"https:\/\/monde25.info\/index.php\/wp-json\/wp\/v2\/users\/1"}],"replies":[{"embeddable":true,"href":"https:\/\/monde25.info\/index.php\/wp-json\/wp\/v2\/comments?post=22982"}],"version-history":[{"count":0,"href":"https:\/\/monde25.info\/index.php\/wp-json\/wp\/v2\/posts\/22982\/revisions"}],"wp:attachment":[{"href":"https:\/\/monde25.info\/index.php\/wp-json\/wp\/v2\/media?parent=22982"}],"wp:term":[{"taxonomy":"category","embeddable":true,"href":"https:\/\/monde25.info\/index.php\/wp-json\/wp\/v2\/categories?post=22982"},{"taxonomy":"post_tag","embeddable":true,"href":"https:\/\/monde25.info\/index.php\/wp-json\/wp\/v2\/tags?post=22982"}],"curies":[{"name":"wp","href":"https:\/\/api.w.org\/{rel}","templated":true}]}}