{"id":22997,"date":"2026-01-26T07:15:40","date_gmt":"2026-01-26T06:15:40","guid":{"rendered":"https:\/\/monde25.info\/index.php\/2026\/01\/26\/cancer-dire-quil-ny-a-pas-de-lien-avec-lenvironnement-releve-de-la-desinformation\/"},"modified":"2026-01-26T07:15:40","modified_gmt":"2026-01-26T06:15:40","slug":"cancer-dire-quil-ny-a-pas-de-lien-avec-lenvironnement-releve-de-la-desinformation","status":"publish","type":"post","link":"https:\/\/monde25.info\/index.php\/2026\/01\/26\/cancer-dire-quil-ny-a-pas-de-lien-avec-lenvironnement-releve-de-la-desinformation\/","title":{"rendered":"Cancer\u00a0: \u00ab\u00a0Dire qu&#039;il n&#039;y a pas de lien avec l&#039;environnement rel\u00e8ve de la d\u00e9sinformation\u00a0\u00bb"},"content":{"rendered":"<p> <br \/>\n<br \/><img loading=\"lazy\" decoding=\"async\" src=\"https:\/\/reporterre.net\/local\/cache-vignettes\/L700xH467\/26-01-21_-_cancer_backlash_1_1_-546e2.jpg?1769407802\" class=\"spip_logo\" width=\"700\" height=\"467\" alt=\"\" \/><\/p>\n<p>Alors que les \u00e9tudes sur les causes de cancer se multiplient, une offensive les r\u00e9duisant \u00e0 des comportements individuels prend de la place dans le d\u00e9bat public. Un \u00ab\u00a0cancer backlash\u00a0\u00bb d\u00e9nonc\u00e9 par le chercheur Marc Billaud. <br class=\"autobr\" \/> \u00ab<small class=\"fine d-inline\">\u00a0<\/small>Un tsunami auquel il faut se pr\u00e9parer.<small class=\"fine d-inline\">\u00a0<\/small>\u00bb Le 5\u00a0f\u00e9vrier, le P<sup class=\"typo_exposants\">r<\/sup> Fabrice Barlesi, oncologue et directeur g\u00e9n\u00e9ral de l&rsquo;Institut Gustave Roussy, alertait sur l&rsquo;inqui\u00e9tante augmentation du nombre de cancers chez les moins de 50\u00a0ans. <br class=\"autobr\" \/><br \/>\nSept\u00a0jours plus tard, le journal Le Point\u00a0(\u2026)<\/p>\n<p>                    <a target=\"_blank\" href=\"https:\/\/reporterre.net\/Cancer-Dire-qu-il-n-y-a-pas-de-lien-avec-l-environnement-releve-de-la-desinformation?utm_source=RSS&amp;utm_medium=RSS\">Lire la suite<\/a><\/p>\n<p>                    &#8211;<br \/>\n                        <a target=\"_blank\" href=\"https:\/\/reporterre.net\/Entretien-19\" rel=\"directory\">Entretien<\/a><\/p>\n<p>                    \/<br \/>\n                        <a target=\"_blank\" href=\"https:\/\/reporterre.net\/Sante\" rel=\"tag\">Sant\u00e9<\/a><br \/>\n<br \/><br \/>\n<br \/><a href=\"https:\/\/reporterre.net\/Cancer-Dire-qu-il-n-y-a-pas-de-lien-avec-l-environnement-releve-de-la-desinformation\" target=\"_blank\"\">Source link <\/a><\/p>\n","protected":false},"excerpt":{"rendered":"<p>Alors que les \u00e9tudes sur les causes de cancer se multiplient, une offensive les r\u00e9duisant \u00e0 des comportements individuels prend de la place dans le d\u00e9bat public. Un \u00ab\u00a0cancer backlash\u00a0\u00bb&hellip; <\/p>\n","protected":false},"author":1,"featured_media":0,"comment_status":"open","ping_status":"open","sticky":false,"template":"","format":"standard","meta":{"footnotes":""},"categories":[1],"tags":[],"class_list":["post-22997","post","type-post","status-publish","format-standard","hentry","category-non-classe"],"_links":{"self":[{"href":"https:\/\/monde25.info\/index.php\/wp-json\/wp\/v2\/posts\/22997","targetHints":{"allow":["GET"]}}],"collection":[{"href":"https:\/\/monde25.info\/index.php\/wp-json\/wp\/v2\/posts"}],"about":[{"href":"https:\/\/monde25.info\/index.php\/wp-json\/wp\/v2\/types\/post"}],"author":[{"embeddable":true,"href":"https:\/\/monde25.info\/index.php\/wp-json\/wp\/v2\/users\/1"}],"replies":[{"embeddable":true,"href":"https:\/\/monde25.info\/index.php\/wp-json\/wp\/v2\/comments?post=22997"}],"version-history":[{"count":0,"href":"https:\/\/monde25.info\/index.php\/wp-json\/wp\/v2\/posts\/22997\/revisions"}],"wp:attachment":[{"href":"https:\/\/monde25.info\/index.php\/wp-json\/wp\/v2\/media?parent=22997"}],"wp:term":[{"taxonomy":"category","embeddable":true,"href":"https:\/\/monde25.info\/index.php\/wp-json\/wp\/v2\/categories?post=22997"},{"taxonomy":"post_tag","embeddable":true,"href":"https:\/\/monde25.info\/index.php\/wp-json\/wp\/v2\/tags?post=22997"}],"curies":[{"name":"wp","href":"https:\/\/api.w.org\/{rel}","templated":true}]}}