{"id":23004,"date":"2026-01-26T11:40:00","date_gmt":"2026-01-26T10:40:00","guid":{"rendered":"https:\/\/monde25.info\/index.php\/2026\/01\/26\/chaleurs-extremes-la-moitie-de-la-population-mondiale-y-sera-exposee-en-2050\/"},"modified":"2026-01-26T11:40:00","modified_gmt":"2026-01-26T10:40:00","slug":"chaleurs-extremes-la-moitie-de-la-population-mondiale-y-sera-exposee-en-2050","status":"publish","type":"post","link":"https:\/\/monde25.info\/index.php\/2026\/01\/26\/chaleurs-extremes-la-moitie-de-la-population-mondiale-y-sera-exposee-en-2050\/","title":{"rendered":"Chaleurs extr\u00eames\u00a0: la moiti\u00e9 de la population mondiale y sera expos\u00e9e en 2050"},"content":{"rendered":"<p> <br \/>\n<br \/><img loading=\"lazy\" decoding=\"async\" src=\"https:\/\/reporterre.net\/local\/cache-vignettes\/L700xH467\/afp__20250702__64kj426__v1__highres__spainclimateweatherwarming_1_-0ff9f.jpg?1769421603\" class=\"spip_logo\" width=\"700\" height=\"467\" alt=\"\" \/><\/p>\n<p>Pr\u00e8s de la moiti\u00e9 de la population mondiale, soit 3,79 milliards de personnes, conna\u00eetra des temp\u00e9ratures extr\u00eamement chaudes en 2050. C&rsquo;est le double d&rsquo;aujourd&rsquo;hui. Telle est l&rsquo;estimation de scientifiques de l&rsquo;universit\u00e9 britannique d&rsquo;Oxford, qui ont publi\u00e9 leurs r\u00e9sultats le 26\u00a0janvier dans la revue Nature Sustainability. <br class=\"autobr\" \/><br \/>\nCes chiffres ont \u00e9t\u00e9 estim\u00e9s par les chercheurs dans l&rsquo;hypoth\u00e8se o\u00f9 nous atteindrions 2\u00a0\u00b0C de r\u00e9chauffement plan\u00e9taire d\u00e8s 2050, ce qui para\u00eet de plus en plus probable,\u00a0(\u2026)<\/p>\n<p>                    <a target=\"_blank\" href=\"https:\/\/reporterre.net\/Chaleurs-extremes-la-moitie-de-la-population-mondiale-sera-exposee-en-2050?utm_source=RSS&amp;utm_medium=RSS\">Lire la suite<\/a><\/p>\n<p>                    &#8211;<br \/>\n                        <a target=\"_blank\" href=\"https:\/\/reporterre.net\/Breves-20\" rel=\"directory\">En bref<\/a><\/p>\n<p>                    \/<br \/>\n                        <a target=\"_blank\" href=\"https:\/\/reporterre.net\/Climat-18\" rel=\"tag\">Climat <\/a><br \/>\n<br \/><br \/>\n<br \/><a href=\"https:\/\/reporterre.net\/Chaleurs-extremes-la-moitie-de-la-population-mondiale-sera-exposee-en-2050\" target=\"_blank\"\">Source link <\/a><\/p>\n","protected":false},"excerpt":{"rendered":"<p>Pr\u00e8s de la moiti\u00e9 de la population mondiale, soit 3,79 milliards de personnes, conna\u00eetra des temp\u00e9ratures extr\u00eamement chaudes en 2050. C&rsquo;est le double d&rsquo;aujourd&rsquo;hui. Telle est l&rsquo;estimation de scientifiques de&hellip; <\/p>\n","protected":false},"author":1,"featured_media":0,"comment_status":"open","ping_status":"open","sticky":false,"template":"","format":"standard","meta":{"footnotes":""},"categories":[1],"tags":[],"class_list":["post-23004","post","type-post","status-publish","format-standard","hentry","category-non-classe"],"_links":{"self":[{"href":"https:\/\/monde25.info\/index.php\/wp-json\/wp\/v2\/posts\/23004","targetHints":{"allow":["GET"]}}],"collection":[{"href":"https:\/\/monde25.info\/index.php\/wp-json\/wp\/v2\/posts"}],"about":[{"href":"https:\/\/monde25.info\/index.php\/wp-json\/wp\/v2\/types\/post"}],"author":[{"embeddable":true,"href":"https:\/\/monde25.info\/index.php\/wp-json\/wp\/v2\/users\/1"}],"replies":[{"embeddable":true,"href":"https:\/\/monde25.info\/index.php\/wp-json\/wp\/v2\/comments?post=23004"}],"version-history":[{"count":0,"href":"https:\/\/monde25.info\/index.php\/wp-json\/wp\/v2\/posts\/23004\/revisions"}],"wp:attachment":[{"href":"https:\/\/monde25.info\/index.php\/wp-json\/wp\/v2\/media?parent=23004"}],"wp:term":[{"taxonomy":"category","embeddable":true,"href":"https:\/\/monde25.info\/index.php\/wp-json\/wp\/v2\/categories?post=23004"},{"taxonomy":"post_tag","embeddable":true,"href":"https:\/\/monde25.info\/index.php\/wp-json\/wp\/v2\/tags?post=23004"}],"curies":[{"name":"wp","href":"https:\/\/api.w.org\/{rel}","templated":true}]}}