{"id":23005,"date":"2026-01-26T12:12:36","date_gmt":"2026-01-26T11:12:36","guid":{"rendered":"https:\/\/monde25.info\/index.php\/2026\/01\/26\/pour-que-la-gauche-se-regarde-en-face\/"},"modified":"2026-01-26T12:12:36","modified_gmt":"2026-01-26T11:12:36","slug":"pour-que-la-gauche-se-regarde-en-face","status":"publish","type":"post","link":"https:\/\/monde25.info\/index.php\/2026\/01\/26\/pour-que-la-gauche-se-regarde-en-face\/","title":{"rendered":"pour que la gauche se regarde en face"},"content":{"rendered":"<p> <br \/>\n<\/p>\n<div>\n<h4><b>\u00c0 travers une collaboration in\u00e9dite entre <\/b><b><em>Mr Mondialisation <\/em>et <\/b><b><i>Lisbeth, <\/i>le m\u00e9dia des luttes, des voix et des territoires, la journaliste Sarah Andres explore la dimension des violences sexistes et sexuelles\u2026 dans les milieux dits progressistes. Apr\u00e8s un premier volet sur la mani\u00e8re dont le patriarcat ronge les milieux militants, l\u2019enqu\u00eate se poursuit ici dans un deuxi\u00e8me volet autour de la responsabilisation n\u00e9cessaire de la gauche. Illustrations par <span class=\"x1lliihq x1plvlek xryxfnj x1n2onr6 xyejjpt x15dsfln x193iq5w xeuugli x1fj9vlw x13faqbe x1vvkbs x1s928wv xhkezso x1gmr53x x1cpjm7i x1fgarty x1943h6x x1i0vuye xvs91rp xo1l8bm x5n08af x10wh9bi xpm28yp x8viiok x1o7cslx\" dir=\"auto\"><a target=\"_blank\" href=\"https:\/\/www.instagram.com\/cocoroupi\/\">Coco Roupi<\/a> et <a target=\"_blank\" href=\"https:\/\/www.instagram.com\/pau.iesis\">Pau Iesis.<\/a><\/span><\/b><span id=\"more-1368033\"\/><\/h4>\n<p data-start=\"559\" data-end=\"1044\">Cael, Gaby, Manon et Johanna Silva ont toustes \u00e9t\u00e9 confront\u00e9\u00b7es au masculinisme de gauche. Face \u00e0 <strong>la n\u00e9cessit\u00e9 de cr\u00e9er des espaces de lib\u00e9ration de la parole,<\/strong> la journaliste Sarah Andres s\u2019est entretenue avec elles, \u00e0 partir d\u2019une proposition de Victoria Berni-Andr\u00e9, journaliste et militante pour une \u00e9cologie libertaire, <a target=\"_blank\" href=\"https:\/\/mrmondialisation.org\/lutter-vivre-dignite-ecologie-politique\/\">autrice de <em>Vivant\u00b7es et dignes<\/em>,<\/a> <strong>formatrice en justice communautaire et gestion de VSS dans les milieux militants.<\/strong><\/p>\n<p data-start=\"559\" data-end=\"1044\">Gaby est <strong>militant\u00b7e f\u00e9ministe ;<\/strong> Cael est form\u00e9e \u00e0 l\u2019analyse et \u00e0 la prise en charge des violences ; Manon a \u00e9tudi\u00e9 <strong>les impacts psychosociologiques des VSS et poursuit ses recherches en sociologie du genre sur l\u2019impact des VSS sur les trajectoires militantes ;<\/strong> Johanna Silva a \u00e9t\u00e9 militante \u00e0 Nuit debout,<strong> coordinatrice du journal Fakir, attach\u00e9e parlementaire, productrice du film Merci Patron !, <\/strong>et elle est <strong>autrice de <em>L\u2019amour et la r\u00e9volution.<\/em><\/strong><\/p>\n<p data-start=\"559\" data-end=\"1044\">Apr\u00e8s <a target=\"_blank\" href=\"https:\/\/lisbethmedia.com\/violences-sexistes-et-sexuelles-quand-le-patriarcat-ronge-les-milieux-militants\/\"><strong>un premier entretien consacr\u00e9 aux m\u00e9canismes patriarcaux dans les milieux militants,<\/strong> <\/a>cette seconde publication s\u2019attache <strong>aux responsabilit\u00e9s politiques des milieux de gauche face \u00e0 ces violences.<\/strong><\/p>\n<figure id=\"attachment_1390639\" aria-describedby=\"caption-attachment-1390639\" style=\"width: 1024px\" class=\"wp-caption alignnone\"><img fetchpriority=\"high\" decoding=\"async\" class=\"wp-image-1390639 size-medium\" src=\"https:\/\/mrmondialisation.org\/wp-content\/uploads\/2026\/01\/cocoroupi-submerge-gouache-etlinogravure-sur-papier-1024-cm-x-800-janvier-2026-e1768828414967-1024x781.jpg\" alt=\"\" width=\"1024\" height=\"781\" srcset=\"https:\/\/mrmondialisation.org\/wp-content\/uploads\/2026\/01\/cocoroupi-submerge-gouache-etlinogravure-sur-papier-1024-cm-x-800-janvier-2026-e1768828414967-1024x781.jpg 1024w, https:\/\/mrmondialisation.org\/wp-content\/uploads\/2026\/01\/cocoroupi-submerge-gouache-etlinogravure-sur-papier-1024-cm-x-800-janvier-2026-e1768828414967-768x586.jpg 768w, https:\/\/mrmondialisation.org\/wp-content\/uploads\/2026\/01\/cocoroupi-submerge-gouache-etlinogravure-sur-papier-1024-cm-x-800-janvier-2026-e1768828414967-696x531.jpg 696w, https:\/\/mrmondialisation.org\/wp-content\/uploads\/2026\/01\/cocoroupi-submerge-gouache-etlinogravure-sur-papier-1024-cm-x-800-janvier-2026-e1768828414967-1068x815.jpg 1068w, https:\/\/mrmondialisation.org\/wp-content\/uploads\/2026\/01\/cocoroupi-submerge-gouache-etlinogravure-sur-papier-1024-cm-x-800-janvier-2026-e1768828414967-551x420.jpg 551w, https:\/\/mrmondialisation.org\/wp-content\/uploads\/2026\/01\/cocoroupi-submerge-gouache-etlinogravure-sur-papier-1024-cm-x-800-janvier-2026-e1768828414967-80x60.jpg 80w, https:\/\/mrmondialisation.org\/wp-content\/uploads\/2026\/01\/cocoroupi-submerge-gouache-etlinogravure-sur-papier-1024-cm-x-800-janvier-2026-e1768828414967.jpg 1122w\" sizes=\"(max-width: 1024px) 100vw, 1024px\"\/><figcaption id=\"caption-attachment-1390639\" class=\"wp-caption-text\"><em>\u00ab <\/em>Submerge\u0301 <em>\u00bb <\/em>Gouache et linogravure sur papier 10,24 cm x 8 cm. Janvier 2026. <a target=\"_blank\" href=\"https:\/\/www.instagram.com\/cocoroupi\/\">@cocoroupi<\/a><\/figcaption><\/figure>\n<p data-start=\"0\" data-end=\"445\"><a target=\"_blank\" href=\"https:\/\/www.editionstextuel.com\/livre\/les_hommes_et_le_feminisme\">Dans <em data-start=\"123\" data-end=\"184\">Les hommes et le f\u00e9minisme : faux amis, poseurs ou alli\u00e9s ?, <\/em><\/a>Francis Dupuis-D\u00e9ri met en lumi\u00e8re une tension centrale du prof\u00e9minisme. <strong>M\u00eame lorsqu\u2019ils soutiennent les revendications f\u00e9ministes, les hommes gardent souvent les avantages et le pouvoir attach\u00e9s \u00e0 leur statut masculin dans une soci\u00e9t\u00e9 misogyne :<\/strong><\/p>\n<blockquote>\n<p><strong><em>\u00ab <\/em>Qu\u2019on suive la mode du \u201cnouvel homme\u201d et qu\u2019on soit h\u00e9t\u00e9rosexuel, homosexuel ou trans, lib\u00e9ral, r\u00e9publicain, communiste ou anarchiste, se dire prof\u00e9ministe ne nous emp\u00eache pas de continuer de b\u00e9n\u00e9ficier des avantages \u2013 et du pouvoir \u2013 d\u2019\u00eatre un homme dans une soci\u00e9t\u00e9 misogyne. <em>\u00bb<\/em><\/strong><\/p>\n<\/blockquote>\n<p><b>Le capital symbolique<\/b> a \u00e9t\u00e9 d\u00e9fini par le sociologue Pierre Bourdieu comme \u00e9tant <strong>toute forme de capital (\u00e9conomique, culturel, associatif\u2026 ) ayant une reconnaissance particuli\u00e8re au sein de la soci\u00e9t\u00e9.<\/strong> Ces capitaux octroient \u00e0 la personne qui en est d\u00e9tentrice <strong>une certaine autorit\u00e9 et un prestige aupr\u00e8s de ses pairs, et <\/strong><b>lui permettent d\u2019acc\u00e9der \u00e0 une position sociale reconnue, valoris\u00e9e et l\u00e9gitim\u00e9e<\/b>. Ainsi, plus on poss\u00e8de de capital social, \u00e9conomique ou encore culturel, et plus on sera valoris\u00e9\u00b7e et visibilis\u00e9\u00b7e.<\/p>\n<p><strong>Le poids du capital symbolique est tr\u00e8s important dans les milieux militants,<\/strong> mais ce sujet est pourtant peu abord\u00e9, comme l\u2019affirme Manon : <em>\u00ab Le capital symbolique dans les milieux militants joue un r\u00f4le \u00e9norme, car il b\u00e9n\u00e9ficie toujours aux m\u00eames \u00bb. <\/em>Elle poursuit :<em> \u00ab Dans beaucoup d\u2019organisations politiques, <strong>ce sont souvent les m\u00eames mecs \u201cd\u00e9construits\u201d qui occupent les r\u00f4les les plus visibles,<\/strong> qui vont prendre la parole en public, qui vont repr\u00e9senter le collectif aupr\u00e8s des m\u00e9dias\u2026 <strong>La visibilit\u00e9 cr\u00e9e de la reconnaissance, car on retient leurs noms, leurs voix, et \u00e7a leur donne du pouvoir. \u00bb<\/strong><\/em><\/p>\n<p>La militante et \u00e9tudiante en sociologie du genre ajoute qu\u2019en parall\u00e8le, le travail logistique, la gestion des conflits, le soin, la prise de notes\u2026 reposent en grande majorit\u00e9 sur les femmes, et plus globalement sur les personnes marginalis\u00e9es (par exemple : LGBTQIA+, pr\u00e9caires, racis\u00e9es, en situation de handicap)<i><em> : \u00ab <\/em>Dans nos milieux, on assiste \u00e0 <\/i><b><i>une division genr\u00e9e du travail militant,<\/i><\/b><i> avec une hi\u00e9rarchisation qui donne plus de pouvoir \u00e0 certains, et o\u00f9 des masculinistes de gauche renforcent leur place. <strong>Ils ma\u00eetrisent le vocabulaire, en surface ils se montrent solidaires, mais ils \u00e9cartent les personnes qui osent remettre \u00e7a en question <em>\u00bb<\/em>.<\/strong> <\/i><\/p>\n<p><iframe loading=\"lazy\" title=\"Les gourous de la r\u00e9volution (1\/2)\" width=\"1110\" height=\"833\" src=\"https:\/\/www.youtube.com\/embed\/dKbBhaOW1wo?feature=oembed\" frameborder=\"0\" allow=\"accelerometer; autoplay; clipboard-write; encrypted-media; gyroscope; picture-in-picture; web-share\" referrerpolicy=\"strict-origin-when-cross-origin\" allowfullscreen><\/iframe><\/p>\n<p>Dans son livre, Francis Dupuis-D\u00e9ri s\u2019appuie \u00e9galement sur <strong><a target=\"_blank\" href=\"https:\/\/www.revue-ballast.fr\/melissa-blais-le-masculinisme-est-un-contre-mouvement-social\/\">les travaux de la sociologue qu\u00e9b\u00e9coise M\u00e9lissa Blais, <\/a><\/strong>qui a \u00e9tudi\u00e9 l\u2019engagement d\u2019hommes prof\u00e9ministes dans la coalition anti-masculiniste de Montr\u00e9al.<\/p>\n<p>Il \u00e9crit : <i><strong><em>\u00ab <\/em>La pr\u00e9sence d\u2019hommes, en majorit\u00e9 anarchistes ou communistes, avait finalement repr\u00e9sent\u00e9 une perte de temps et d\u2019\u00e9nergie pour les f\u00e9ministes de la coalition (\u2026)<\/strong> car elles avaient d\u00fb g\u00e9rer des tensions et r\u00e9gler des conflits qui d\u00e9coulaient de cet engagement bien intentionn\u00e9. Les militantes constataient aussi que ces \u201cbons gars\u201d avaient pris trop de place quant \u00e0 la prise de parole publique, m\u00eame si des proc\u00e9dures avaient \u00e9t\u00e9 pens\u00e9es pour \u00e9viter ce probl\u00e8me. Ils avaient m\u00eame \u00e9t\u00e9 chaudement f\u00e9licit\u00e9s pour avoir nettoy\u00e9 la vaisselle en retrait lors d\u2019\u00e9v\u00e9nements publics, alors m\u00eame que personne ne f\u00e9licitait les f\u00e9ministes qui effectuaient des t\u00e2ches de mani\u00e8re bien visible. La pr\u00e9sence d\u2019hommes s\u00e9ducteurs peut aussi fissurer la solidarit\u00e9 entre femmes. (\u2026) <\/i><b><i>La bonne intention ne suffit donc pas \u00e0 \u00e9liminer la hi\u00e9rarchie<\/i><\/b><i><strong>. <em>\u00bb<\/em><\/strong><\/i><\/p>\n<p>Des constats qu\u2019ont aussi fait nos quatre interlocuteur\u00b7ices dans leurs propres exp\u00e9riences militantes. <strong>Manon illustre : <i><em>\u00ab <\/em>Les seules fois o\u00f9 les mecs vont mettre un peu la main \u00e0 la p\u00e2te, genre faire la vaisselle, ce sera suffisant pour les valoriser. <em>\u00bb<\/em> <\/i><\/strong>Un comble, en 2025, pour des milieux cens\u00e9s \u00eatre investis dans les luttes contre les oppressions syst\u00e9miques. Elle invoque alors :<\/p>\n<blockquote>\n<p><strong><em>\u00ab <\/em>Il faut qu\u2019on arr\u00eate de sacraliser les figures militantes ! Parce qu\u2019en faisant \u00e7a, on reproduit ce qu\u2019on pr\u00e9tend combattre. Nos milieux produisent eux-m\u00eame des personnes qu\u2019on peut qualifier d\u2019ind\u00e9boulonnables, avec une aura militante, un charisme et un capital symbolique \u00e9normes. Ils ne bougent pas de cette place, m\u00eame quand leur pr\u00e9sence d\u00e9truit des personnes. <em>\u00bb<\/em><\/strong><\/p>\n<\/blockquote>\n<h2><b>Rester, parler ou partir ?\u00a0<\/b><\/h2>\n<p>En 1970, le socio-\u00e9conomiste Albert Hirschman publie un livre intitul\u00e9 <em>Exit, Voice and Loyalty <\/em>(en fran\u00e7ais : <em>Partir, parler et rester loyal<\/em>). Dans celui-ci, Hirschman analyse <strong>le fonctionnement des organisations (priv\u00e9es, \u00e9tatiques\u2026) ainsi que la r\u00e9action des consommateurs face \u00e0 la d\u00e9t\u00e9rioration de la qualit\u00e9 des biens et des services de ces organisations.<\/strong> Le cadre pr\u00e9sent\u00e9 dans son livre a, depuis, \u00e9t\u00e9 appliqu\u00e9 \u00e0 des sujets tels que les mouvements de protestation, les migrations, les partis politiques et les groupes d\u2019int\u00e9r\u00eat, ainsi qu\u2019aux relations personnelles. C\u2019est aussi ce qu\u2019a fait Manon, en <strong>transposant le<em>\u00a0<\/em>mod\u00e8le Hirschman aux victimes de VSS.<\/strong><i> <\/i><\/p>\n<div class=\"td-a-rec td-a-rec-id-content_inline  tdi_1 td_block_template_1\">\n<center><a target=\"_blank\" href=\"https:\/\/fr.tipeee.com\/mr-mondialisation\" class=\"tipeee-project-small\">Je m&rsquo;abonne \u00e0 Mr Mondialisation<\/a>&#13;<br \/>\n<\/center>&amp;nbsp<\/div>\n<p><strong><i><em>\u00ab <\/em>Les victimes sont souvent pi\u00e9g\u00e9es entre ces trois options, que sont partir, parler, ou rester <em>\u00bb<\/em><\/i>,<\/strong> explique-t-elle. <i><em>\u00ab <\/em>Dans tous les cas, peu importe l\u2019option qu\u2019elles choisissent, elle lui co\u00fbtera cher. <strong>Si elle reste, elle continue de subir des violences.<\/strong> <strong>Si elle parle et qu\u2019elle d\u00e9nonce ce qu\u2019elle a subi, la question qui se pose est : va-t-on me croire ? Je parle, mais \u00e0 quel prix ? On risque alors de s\u2019exposer \u00e0 des violences secondaires. On peut nous accuser de nuire au groupe, de \u201ccasser l\u2019ambiance\u201d, d\u2019\u00eatre celle qui brise la loyaut\u00e9.<em> \u00bb<\/em><\/strong><\/i><\/p>\n<p><figure id=\"attachment_1413233\" aria-describedby=\"caption-attachment-1413233\" style=\"width: 742px\" class=\"wp-caption alignnone\"><img loading=\"lazy\" decoding=\"async\" class=\"size-medium wp-image-1413233\" src=\"https:\/\/mrmondialisation.org\/wp-content\/uploads\/2026\/01\/photo-2026-01-26-091157-742x1024.jpeg\" alt=\"\" width=\"742\" height=\"1024\" srcset=\"https:\/\/mrmondialisation.org\/wp-content\/uploads\/2026\/01\/photo-2026-01-26-091157-742x1024.jpeg 742w, https:\/\/mrmondialisation.org\/wp-content\/uploads\/2026\/01\/photo-2026-01-26-091157-768x1060.jpeg 768w, https:\/\/mrmondialisation.org\/wp-content\/uploads\/2026\/01\/photo-2026-01-26-091157-696x961.jpeg 696w, https:\/\/mrmondialisation.org\/wp-content\/uploads\/2026\/01\/photo-2026-01-26-091157-304x420.jpeg 304w, https:\/\/mrmondialisation.org\/wp-content\/uploads\/2026\/01\/photo-2026-01-26-091157.jpeg 927w\" sizes=\"auto, (max-width: 742px) 100vw, 742px\"\/><figcaption id=\"caption-attachment-1413233\" class=\"wp-caption-text\">Juillet 2025. [De la chute au saut, 14\/14]. <a target=\"_blank\" href=\"https:\/\/www.instagram.com\/pau.iesis\/\">Pauline Blandin.<\/a><\/figcaption><\/figure>\n<p>Enfin, la troisi\u00e8me option <strong>\u2013 partir \u2013 reste\u00a0celle que choisissent le plus souvent les victimes de VSS.<\/strong> <strong>Cette auto-exclusion est une injustice suppl\u00e9mentaire et une violence qui prolonge celle initiale.<\/strong> Elle est aussi extr\u00eamement co\u00fbteuse. Johanna Silva t\u00e9moigne de sa propre exp\u00e9rience :<i> <em>\u00ab <\/em>C\u2019est diff\u00e9rent pour chaque personne bien s\u00fbr. Mais <strong>dans mon cas, quitter Fran\u00e7ois Ruffin, \u00e7a a \u00e9t\u00e9 quitter mon taf, mon gagne-pain, et le sens que je donnais \u00e0 ma vie\u2026<\/strong> Pendant un temps, je n\u2019avais plus de rep\u00e8res. Mais je reste tr\u00e8s fi\u00e8re et contente d\u2019avoir r\u00e9ussi \u00e0 me barrer ! <em>\u00bb<\/em><\/i><\/p>\n<p>Elle ajoute que des fragilit\u00e9s demeurent malgr\u00e9 tout. <i><em>\u00ab <\/em>Moi, ce qui me g\u00eane vraiment, ce sont les cons\u00e9quences sur le milieu militant. <strong>Les femmes et les personnes domin\u00e9es se prennent plus de violences, donc arr\u00eatent de militer et sortent de ces espaces.<\/strong> \u00c7a se voit aussi dans la politique plus institutionnelle des partis. <em>\u00bb<\/em><\/i><\/p>\n<p>L\u2019ancienne militante de Nuit debout cite l\u2019affaire Quatennens survenue au sein de LFI, ou encore<a target=\"_blank\" href=\"https:\/\/reporterre.net\/Affaire-Julien-Bayou-les-femmes-parlent\"> l\u2019affaire Bayou chez les Verts.<\/a> <i><strong><em>\u00ab <\/em>Plein de femmes et de personnes minoris\u00e9es se barrent, et<\/strong> <\/i><b><i>celles qui restent ont souvent des comportements toxiques et violents, car pas le choix<\/i><\/b><i>. J\u2019en ai moi-m\u00eame fait l\u2019exp\u00e9rience : la petite ann\u00e9e que j\u2019ai pass\u00e9 \u00e0 l\u2019Assembl\u00e9e nationale, je me suis vue adopter des comportements violents car il n\u2019y a que comme \u00e7a qu\u2019on survit dans ces espaces-l\u00e0. Mais \u00e7a a des cons\u00e9quences sur qui fait de la politique, comment, et sur ce que \u00e7a produit. <em>\u00bb<\/em><\/i><\/p>\n<figure id=\"attachment_1413209\" aria-describedby=\"caption-attachment-1413209\" style=\"width: 1024px\" class=\"wp-caption alignnone\"><img loading=\"lazy\" decoding=\"async\" class=\"wp-image-1413209\" src=\"https:\/\/mrmondialisation.org\/wp-content\/uploads\/2026\/01\/octobre-2023-de-la-chute-au-saut-1-14-768x1024.jpg\" alt=\"\" width=\"1024\" height=\"1365\" srcset=\"https:\/\/mrmondialisation.org\/wp-content\/uploads\/2026\/01\/octobre-2023-de-la-chute-au-saut-1-14-768x1024.jpg 768w, https:\/\/mrmondialisation.org\/wp-content\/uploads\/2026\/01\/octobre-2023-de-la-chute-au-saut-1-14-696x928.jpg 696w, https:\/\/mrmondialisation.org\/wp-content\/uploads\/2026\/01\/octobre-2023-de-la-chute-au-saut-1-14-1068x1424.jpg 1068w, https:\/\/mrmondialisation.org\/wp-content\/uploads\/2026\/01\/octobre-2023-de-la-chute-au-saut-1-14-315x420.jpg 315w, https:\/\/mrmondialisation.org\/wp-content\/uploads\/2026\/01\/octobre-2023-de-la-chute-au-saut-1-14.jpg 1080w\" sizes=\"auto, (max-width: 1024px) 100vw, 1024px\"\/><figcaption id=\"caption-attachment-1413209\" class=\"wp-caption-text\">Octobre 2023. [De la chute au saut, 1\/14]. <a target=\"_blank\" href=\"https:\/\/www.instagram.com\/pau.iesis\/\">Pauline Blandin.<\/a><\/figcaption><\/figure>\n<h2><strong>Rompre les complicit\u00e9s masculinistes<\/strong><\/h2>\n<p>Partir, c\u2019est un moyen d\u2019agir pour sa survie et cela peut \u00eatre aussi pour marquer une rupture politique. Cael affirme : <i><em>\u00ab <\/em>Quand on reste, quelque part, \u00e7a peut faire du mal aux victimes suivantes. Il ne s\u2019agit absolument pas de bl\u00e2mer celles qui font le choix de rester, car c\u2019est vraiment pas \u00e9vident, et chaque situation est diff\u00e9rente. Mais je pense que, quand les victimes partent, \u00e7a peut contribuer \u00e0 visibiliser le probl\u00e8me, car \u00e7a distille du doute sur l\u2019agresseur\u2026 mais \u00e7a peut aussi lui servir pour r\u00e9\u00e9crire l\u2019histoire. <strong>Je crois qu\u2019il faut qu\u2019on red\u00e9finisse nos loyaut\u00e9s, et certaines d\u2019entre elles doivent \u00eatre rompues.<em> \u00bb<\/em><\/strong><\/i><\/p>\n<p>\u00c0 cela, Manon rappelle l\u2019injonction qui est faite aux femmes et minorit\u00e9s de genre de rester aupr\u00e8s des personnes qui les dominent \u2013 et notamment, aupr\u00e8s des hommes : <strong><i><em>\u00ab <\/em>On nous a inculqu\u00e9 le fait de rester loyales co\u00fbte que co\u00fbte. Si on ne le fait pas, on culpabilise. <em>\u00bb<\/em> <\/i><\/strong>Johanna Silva appuie ce propos en <a target=\"_blank\" href=\"https:\/\/www.ecouteviolencesconjugales.be\/pourquoi-appeler\/victime\/cycle-de-la-violence\/\">illustrant le cycle de la violence conjugale :<\/a> <i><em>\u00ab <\/em>Mais c\u2019est aussi tr\u00e8s dur de se d\u00e9tacher de la personne une fois que tu l\u2019aimes\u2026 <em>\u00bb<\/em> <\/i>Elle compl\u00e8te : <i><em>\u00ab <\/em>Je pense qu\u2019il faut qu\u2019on soit surtout loyales \u00e0 des id\u00e9aux et \u00e0 des valeurs. En tout cas, qu\u2019on prenne le temps de s\u2019interroger au service de quoi on veut \u00eatre loyales.<em> \u00bb<\/em><\/i><\/p>\n<figure id=\"attachment_1413207\" aria-describedby=\"caption-attachment-1413207\" style=\"width: 1024px\" class=\"wp-caption alignnone\"><img loading=\"lazy\" decoding=\"async\" class=\"wp-image-1413207\" src=\"https:\/\/mrmondialisation.org\/wp-content\/uploads\/2026\/01\/aout-2024-de-la-chute-au-saut-11-14-768x1024.jpg\" alt=\"\" width=\"1024\" height=\"1365\" srcset=\"https:\/\/mrmondialisation.org\/wp-content\/uploads\/2026\/01\/aout-2024-de-la-chute-au-saut-11-14-768x1024.jpg 768w, https:\/\/mrmondialisation.org\/wp-content\/uploads\/2026\/01\/aout-2024-de-la-chute-au-saut-11-14-696x928.jpg 696w, https:\/\/mrmondialisation.org\/wp-content\/uploads\/2026\/01\/aout-2024-de-la-chute-au-saut-11-14-1068x1424.jpg 1068w, https:\/\/mrmondialisation.org\/wp-content\/uploads\/2026\/01\/aout-2024-de-la-chute-au-saut-11-14-315x420.jpg 315w, https:\/\/mrmondialisation.org\/wp-content\/uploads\/2026\/01\/aout-2024-de-la-chute-au-saut-11-14.jpg 1080w\" sizes=\"auto, (max-width: 1024px) 100vw, 1024px\"\/><figcaption id=\"caption-attachment-1413207\" class=\"wp-caption-text\">Ao\u00fbt 2024. [De la chute au saut, 11\/14]. <a target=\"_blank\" href=\"https:\/\/www.instagram.com\/pau.iesis\/\">Pauline Blandin.<\/a><\/figcaption><\/figure>\n<p data-start=\"215\" data-end=\"717\"><strong>\u00c0 qui et \u00e0 quoi \u00eatre loyal\u00b7e lorsque l\u2019on est une personne concern\u00e9e par des oppressions syst\u00e9miques, et donc socialis\u00e9e \u00e0 la loyaut\u00e9 envers celles et ceux qui nous dominent ?<\/strong> Peut-\u00eatre \u00e0 soi-m\u00eame, d\u2019abord ? <strong>Cela suppose de renverser une id\u00e9e profond\u00e9ment ancr\u00e9e : \u00eatre loyale \u00e0 soi ne fait pas des personnes domin\u00e9es des \u00eatres \u00e9go\u00efstes ou individualistes.<\/strong> Car comment esp\u00e9rer changer le monde, faire bouger les lignes ou m\u00eame prendre soin des autres, si l\u2019on s\u2019efface en permanence au profit d\u2019autrui ?<\/p>\n<p data-start=\"722\" data-end=\"1467\">En effet, <strong>exiger des femmes et des personnes minoris\u00e9es qu\u2019elles soient loyales envers leurs dominants n\u2019est pas une injonction neutre, mais un rouage central du syst\u00e8me patriarcal.<\/strong> Cette loyaut\u00e9 contrainte s\u2019inscrit dans l\u2019assignation historique au soin : maintenir le lien, prendre en charge les \u00e9motions et les besoins des autres, souvent au d\u00e9triment de sa propre s\u00e9curit\u00e9 et de son int\u00e9grit\u00e9.<\/p>\n<p data-start=\"722\" data-end=\"1467\"><strong>Dans ce cadre, \u00eatre \u00ab loyale \u00bb revient \u00e0 supporter, excuser, rester, y compris lorsque la relation est violente ou destructrice.<\/strong> S\u2019en d\u00e9tacher n\u2019est donc ni un caprice ni un repli individualiste, mais une n\u00e9cessit\u00e9 vitale voire <strong>un geste de r\u00e9sistance face \u00e0 un syst\u00e8me qui se nourrit de l\u2019effacement et de l\u2019\u00e9puisement des personnes domin\u00e9es.<\/strong><\/p>\n<p><iframe loading=\"lazy\" title=\"Episode 1: Derri\u00e8re les banderoles, le patriarcat - avec Bridgette\" width=\"1110\" height=\"624\" src=\"https:\/\/www.youtube.com\/embed\/whicg7RjAJY?feature=oembed\" frameborder=\"0\" allow=\"accelerometer; autoplay; clipboard-write; encrypted-media; gyroscope; picture-in-picture; web-share\" referrerpolicy=\"strict-origin-when-cross-origin\" allowfullscreen><\/iframe><\/p>\n<p>Aussi, se pose <strong>la question de la loyaut\u00e9 collective d\u2019un groupe militant,<\/strong> quel qu\u2019il soit. Les quatre militant\u00b7es font toutes ce constat que,<b> face \u00e0 des d\u00e9nonciations de violences au sein d\u2019un groupe, certain\u00b7es font le choix du confort, celui de mettre la t\u00eate dans le sable.<\/b><\/p>\n<blockquote>\n<p><strong><i><em>\u00ab <\/em>Certain\u00b7es vont dire qu\u2019iEls ne peuvent ou veulent pas prendre parti, sauf que ne pas prendre parti, c\u2019est prendre parti ! <em>\u00bb<\/em><\/i><\/strong><\/p>\n<\/blockquote>\n<p>L\u2019inter-personnel dans les relations militantes joue aussi un r\u00f4le : <i><strong><em>\u00ab <\/em>Il y a parfois un calcul, m\u00eame inconscient, de savoir ce qui doit \u00eatre prioris\u00e9, entre l\u2019harmonie du groupe, ou la personne qui a subi des violences.<\/strong> Surtout, quand \u00e7a arrive dans un milieu o\u00f9 tout le monde se conna\u00eet ! <strong>Il peut y avoir des r\u00e9flexions du type : \u201coui mais ce mec m\u2019a aid\u00e9\u00b7e pendant ma d\u00e9pression, donc il est quand m\u00eame cool\u2026\u201d <em>\u00bb<\/em><\/strong><\/i><\/p>\n<h2><b>L\u2019extinction de soi<\/b><\/h2>\n<p><strong>Les violences sexistes et sexuelles ont donc pour cons\u00e9quences l\u2019effacement des victimes \u00e0 l\u2019endroit de leurs activit\u00e9s militantes, mais aussi de leur vie.<\/strong><\/p>\n<p><figure id=\"attachment_1413204\" aria-describedby=\"caption-attachment-1413204\" style=\"width: 1024px\" class=\"wp-caption alignnone\"><img loading=\"lazy\" decoding=\"async\" class=\"wp-image-1413204\" src=\"https:\/\/mrmondialisation.org\/wp-content\/uploads\/2026\/01\/photo-2026-01-24-091456-838x1024.jpeg\" alt=\"\" width=\"1024\" height=\"1251\" srcset=\"https:\/\/mrmondialisation.org\/wp-content\/uploads\/2026\/01\/photo-2026-01-24-091456-838x1024.jpeg 838w, https:\/\/mrmondialisation.org\/wp-content\/uploads\/2026\/01\/photo-2026-01-24-091456-768x938.jpeg 768w, https:\/\/mrmondialisation.org\/wp-content\/uploads\/2026\/01\/photo-2026-01-24-091456-696x850.jpeg 696w, https:\/\/mrmondialisation.org\/wp-content\/uploads\/2026\/01\/photo-2026-01-24-091456-344x420.jpeg 344w, https:\/\/mrmondialisation.org\/wp-content\/uploads\/2026\/01\/photo-2026-01-24-091456.jpeg 1048w\" sizes=\"auto, (max-width: 1024px) 100vw, 1024px\"\/><figcaption id=\"caption-attachment-1413204\" class=\"wp-caption-text\">Juin 2024. [De la chute au saut, 9\/14]. <a target=\"_blank\" href=\"https:\/\/www.instagram.com\/pau.iesis\/\">Pauline Blandin.<\/a><\/figcaption><\/figure>\n<p>Manon illustre ce ph\u00e9nom\u00e8ne :<\/p>\n<blockquote>\n<p><strong><em>\u00ab Il y a encore quelques ann\u00e9es, j\u2019\u00e9tais tellement d\u00e9truite que \u00e7a aurait \u00e9t\u00e9 impensable que je puisse prendre la parole sur ce sujet. Le <\/em>gaslighting<\/strong><em><strong> produit une extinction de soi. Si ta parole ne vaut rien, alors toi tu ne vaux plus rien non plus. Tout \u00e7a \u00e0 cause d\u2019un mec, merde. Je ne pensais pas pouvoir me faire avoir, et se rendre compte qu\u2019en fait si, c\u2019est un coup dans la confiance en soi. Tous les jours, je me dis \u00ab\u00a0Ah bah non, je ne peux pas aller \u00e0 cette manif car il sera probablement l\u00e0\u2026\u00a0\u00bb \u00c7a nous emp\u00eache de vivre. \u00bb<\/strong><\/em><\/p>\n<\/blockquote>\n<p>Dans<em> Vivre, libre<\/em> (La D\u00e9couverte, 2025), Amandine Gay d\u00e9finit ainsi le <em>gaslighting<\/em> : <em>\u00ab Cette expression est tir\u00e9e du film <\/em>Gas Light<em> (George Cukor, 1944) o\u00f9 un homme tourmente <\/em><em>psychologiquement sa conjointe (notamment en niant les variations d\u2019intensit\u00e9 de l\u2019\u00e9clairage \u00e0 gaz qu\u2019il provoque lui-m\u00eame) afin de la faire douter de sa sant\u00e9 mentale, la faire interner et lui d\u00e9rober des bijoux appartenant \u00e0 sa famille. Par extension, <strong>on appelle <\/strong><\/em><strong>gaslighting<em>, ou d\u00e9tournement cognitif, une technique d\u2019emprise qui consiste \u00e0 nier l\u2019exp\u00e9rience d\u2019une personne \u2013 ou d\u2019un groupe \u2013 afin de saper ses certitudes et la d\u00e9stabiliser. Elle a d\u2019abord \u00e9t\u00e9 identifi\u00e9e dans le cadre de violences conjugales, mais est aujourd\u2019hui \u00e9tendue \u00e0 toutes les formes de perversion sournoise et manipulatrice du langage et de la v\u00e9rit\u00e9 \u00bb.<\/em><\/strong><\/p>\n<figure id=\"attachment_1390637\" aria-describedby=\"caption-attachment-1390637\" style=\"width: 1024px\" class=\"wp-caption alignnone\"><img loading=\"lazy\" decoding=\"async\" class=\"wp-image-1390637\" src=\"https:\/\/mrmondialisation.org\/wp-content\/uploads\/2026\/01\/cocoroupi-au-dessus-gouache-et-linogravure-sur-papier-1024-cm-x-800-cm-janvier-2026-e1768828549214-787x1024.jpg\" alt=\"\" width=\"1024\" height=\"1332\" srcset=\"https:\/\/mrmondialisation.org\/wp-content\/uploads\/2026\/01\/cocoroupi-au-dessus-gouache-et-linogravure-sur-papier-1024-cm-x-800-cm-janvier-2026-e1768828549214-787x1024.jpg 787w, https:\/\/mrmondialisation.org\/wp-content\/uploads\/2026\/01\/cocoroupi-au-dessus-gouache-et-linogravure-sur-papier-1024-cm-x-800-cm-janvier-2026-e1768828549214-768x999.jpg 768w, https:\/\/mrmondialisation.org\/wp-content\/uploads\/2026\/01\/cocoroupi-au-dessus-gouache-et-linogravure-sur-papier-1024-cm-x-800-cm-janvier-2026-e1768828549214-696x906.jpg 696w, https:\/\/mrmondialisation.org\/wp-content\/uploads\/2026\/01\/cocoroupi-au-dessus-gouache-et-linogravure-sur-papier-1024-cm-x-800-cm-janvier-2026-e1768828549214-323x420.jpg 323w, https:\/\/mrmondialisation.org\/wp-content\/uploads\/2026\/01\/cocoroupi-au-dessus-gouache-et-linogravure-sur-papier-1024-cm-x-800-cm-janvier-2026-e1768828549214.jpg 880w\" sizes=\"auto, (max-width: 1024px) 100vw, 1024px\"\/><figcaption id=\"caption-attachment-1390637\" class=\"wp-caption-text\">\u00ab Au-dessus \u00bb Gouache et linogravure sur papier 10,24 cm x 8 cm. Janvier 2026. <a target=\"_blank\" href=\"https:\/\/www.instagram.com\/cocoroupi\/\">@cocoroupi<\/a><\/figcaption><\/figure>\n<p>Le <em>gaslighting<\/em> est un <strong>outil du contr\u00f4le coercitif, m\u00e9canisme de la violence psychologique.<\/strong> Un autre outil du contr\u00f4le coercitif est celui de la sur-stimulation, que Cael a v\u00e9cu avec un ex-conjoint \u00e9voluant dans les milieux dits progressistes : <i><em>\u00ab <\/em>Il pouvait m\u2019envoyer jusqu\u2019\u00e0 quinze textos par jour et, en plus, sur un t\u00e9l\u00e9phone \u00e0 touches \u00e7a ne fait pas comme une conversation de smartphone ! <\/i><b><i>J\u2019\u00e9tais comme une annexe de son cerveau<\/i><\/b><i><strong>.<\/strong> Il fallait absolument qu\u2019il me partage ce qu\u2019il lisait sur tel truc, sa r\u00e9flexion sur telle perspective\u2026 Sauf que moi, j\u2019avais pas toujours le temps, mais le soir, <strong>il me posait des questions sur ce que j\u2019\u00e9tais cens\u00e9e avoir bien lu dans la journ\u00e9e ! <\/strong><em>[\u2026] <\/em>J\u2019avais l\u2019impression que j\u2019allais louper quelque chose si je ne lisais pas tout [les mails] qu\u2019il m\u2019envoyait. <strong>Au bout d\u2019un moment, il n\u2019y avait plus que lui \u00e0 l\u2019int\u00e9rieur de ma t\u00eate, je n\u2019avais plus la place pour penser, r\u00eaver et r\u00e9fl\u00e9chir comme je le voulais, moi.<\/strong> En plus, avec le recul, je me suis rendue compte que ses id\u00e9es avaient toujours eu implicitement plus de valeur que les miennes, b\u00e9n\u00e9ficiaient d\u2019un ascendant hi\u00e9rarchique sur les miennes, et <strong>j\u2019ai r\u00e9alis\u00e9 qu\u2019elles n\u2019avaient finalement pas tant d\u2019int\u00e9r\u00eat si profond ou r\u00e9volutionnaire pour moi. <em>\u00bb<\/em><\/strong><\/i><strong><i>\u00a0<\/i><\/strong><\/p>\n<p>Tout comme Manon, Cael a v\u00e9cu une extinction d\u2019elle-m\u00eame :<\/p>\n<blockquote>\n<p><strong><em>\u00ab En sortant de ces relations, j\u2019avais la sensation que je n\u2019avais plus de cerveau. Pendant plusieurs mois, j\u2019\u00e9tais vide int\u00e9rieurement, je ne savais plus ce que je pensais, ce n\u2019\u00e9tait plus que lui dans ma t\u00eate. Il m\u2019avait colonis\u00e9E le cerveau. Et il m\u2019a fallu un temps fou pour d\u00e9bunker ses id\u00e9es et r\u00e9ussir \u00e0 me retrouver. <i>\u00bb<\/i><\/em><\/strong><\/p>\n<\/blockquote>\n<h2><b>Le mythe de la r\u00e9silience flamboyante<\/b><\/h2>\n<p>Toustes ont d\u00fb \u00ab se remettre \u00bb, \u00ab gu\u00e9rir \u00bb, \u00ab se reconstruire \u00bb, selon les termes propres \u00e0 chacun\u00b7e\u2026 <strong>Toustes aussi font le constat amer qu\u2019iels ont d\u00fb devenir expert\u00b7es de leur propre exp\u00e9rience, bien malgr\u00e9 elleux.<\/strong><\/p>\n<p><figure id=\"attachment_1413206\" aria-describedby=\"caption-attachment-1413206\" style=\"width: 1024px\" class=\"wp-caption alignnone\"><img loading=\"lazy\" decoding=\"async\" class=\"wp-image-1413206\" src=\"https:\/\/mrmondialisation.org\/wp-content\/uploads\/2026\/01\/photo-2026-01-24-091504-771x1024.jpeg\" alt=\"\" width=\"1024\" height=\"1360\" srcset=\"https:\/\/mrmondialisation.org\/wp-content\/uploads\/2026\/01\/photo-2026-01-24-091504-771x1024.jpeg 771w, https:\/\/mrmondialisation.org\/wp-content\/uploads\/2026\/01\/photo-2026-01-24-091504-768x1020.jpeg 768w, https:\/\/mrmondialisation.org\/wp-content\/uploads\/2026\/01\/photo-2026-01-24-091504-696x924.jpeg 696w, https:\/\/mrmondialisation.org\/wp-content\/uploads\/2026\/01\/photo-2026-01-24-091504-316x420.jpeg 316w, https:\/\/mrmondialisation.org\/wp-content\/uploads\/2026\/01\/photo-2026-01-24-091504.jpeg 964w\" sizes=\"auto, (max-width: 1024px) 100vw, 1024px\"\/><figcaption id=\"caption-attachment-1413206\" class=\"wp-caption-text\">F\u00e9vrier 2024. [De la chute au saut, 4\/14]. <a target=\"_blank\" href=\"https:\/\/www.instagram.com\/pau.iesis\/\">Pauline Blandin.<\/a><\/figcaption><\/figure>\n<p>Gaby raconte que si avant, iel militait sur la critique du travail, de l\u2019ing\u00e9nierie, ce sont d\u00e9sormais des choses qu\u2019iel ne fait plus : <i><em>\u00ab <\/em>J\u2019ai eu besoin de comprendre et de mettre des mots sur mon v\u00e9cu. J\u2019ai donc pass\u00e9 du temps \u00e0 bosser sur ces questions-l\u00e0, mais c\u2019est forc\u00e9ment moins de temps pour faire autre chose. <strong>Je ne peux pas \u00e9crire sur la critique du travail quand je lis la th\u00e8se de L\u00e9o Thiers-Vidal. Quelque part, je l\u2019ai choisi, mais sans choisir vraiment. Mon v\u00e9cu et les violences que j\u2019ai subies m\u2019ont impos\u00e9 un sujet de travail. \u00bb<\/strong> <\/i><\/p>\n<p>\u00a0<\/p>\n<p>Cael ajoute, \u00e0 l\u2019instar de Gaby, qu\u2019elle n\u2019a pas eu non plus la libert\u00e9 de choisir : <strong><i><em>\u00ab <\/em>Les violences patriarcales sont devenues mon domaine d\u2019expertise par contrainte, parce qu\u2019il a fallu que je m\u2019y plonge pour pouvoir m\u2019en sortir. \u00bb\u00a0<\/i><\/strong>Ainsi, \u00e0 la violence initiale, \u00e0 l\u2019effacement de soi dans les activit\u00e9s militantes et politiques et \u00e0 l\u2019extinction subjective, s\u2019ajoute la n\u00e9cessit\u00e9 d\u2019acqu\u00e9rir une expertise impos\u00e9e pour survivre.<\/p>\n<p>L\u00e0 encore, c\u2019est le milieu militant et politique qui est perdant, car non seulement les femmes et minorit\u00e9s de genre ont tendance \u00e0 d\u00e9serter les collectifs et organisations pour se prot\u00e9ger, <b>mais elles d\u00e9sertent aussi certains terrains de la r\u00e9flexion politique. De nombreux champs sont ainsi tr\u00e8s largement occup\u00e9s par des hommes, avec tous les biais sociaux de genre que cela peut comporter dans l\u2019analyse.\u00a0<\/b><\/p>\n<figure id=\"attachment_1390640\" aria-describedby=\"caption-attachment-1390640\" style=\"width: 1024px\" class=\"wp-caption alignnone\"><img loading=\"lazy\" decoding=\"async\" class=\"wp-image-1390640 size-medium\" src=\"https:\/\/mrmondialisation.org\/wp-content\/uploads\/2026\/01\/cocoroupi-temps-gouache-et-linogravure-sur-papier-1024-cm-x-800-cm-janvier-2026-e1768829312658-1024x787.jpg\" alt=\"\" width=\"1024\" height=\"787\" srcset=\"https:\/\/mrmondialisation.org\/wp-content\/uploads\/2026\/01\/cocoroupi-temps-gouache-et-linogravure-sur-papier-1024-cm-x-800-cm-janvier-2026-e1768829312658-1024x787.jpg 1024w, https:\/\/mrmondialisation.org\/wp-content\/uploads\/2026\/01\/cocoroupi-temps-gouache-et-linogravure-sur-papier-1024-cm-x-800-cm-janvier-2026-e1768829312658-768x590.jpg 768w, https:\/\/mrmondialisation.org\/wp-content\/uploads\/2026\/01\/cocoroupi-temps-gouache-et-linogravure-sur-papier-1024-cm-x-800-cm-janvier-2026-e1768829312658-696x535.jpg 696w, https:\/\/mrmondialisation.org\/wp-content\/uploads\/2026\/01\/cocoroupi-temps-gouache-et-linogravure-sur-papier-1024-cm-x-800-cm-janvier-2026-e1768829312658-1068x821.jpg 1068w, https:\/\/mrmondialisation.org\/wp-content\/uploads\/2026\/01\/cocoroupi-temps-gouache-et-linogravure-sur-papier-1024-cm-x-800-cm-janvier-2026-e1768829312658-547x420.jpg 547w, https:\/\/mrmondialisation.org\/wp-content\/uploads\/2026\/01\/cocoroupi-temps-gouache-et-linogravure-sur-papier-1024-cm-x-800-cm-janvier-2026-e1768829312658-80x60.jpg 80w, https:\/\/mrmondialisation.org\/wp-content\/uploads\/2026\/01\/cocoroupi-temps-gouache-et-linogravure-sur-papier-1024-cm-x-800-cm-janvier-2026-e1768829312658.jpg 1140w\" sizes=\"auto, (max-width: 1024px) 100vw, 1024px\"\/><figcaption id=\"caption-attachment-1390640\" class=\"wp-caption-text\">\u00ab Temps <i><em>\u00bb<\/em><\/i> Gouache et linogravure sur papier 10,24 cm x 8 cm. Janvier 2026. <a target=\"_blank\" href=\"https:\/\/www.instagram.com\/cocoroupi\/\">@cocoroupi<\/a><\/figcaption><\/figure>\n<p>Les militant\u00b7es parlent aussi <strong>du fantasme autour de la victime qui remonte la pente, qui se soigne, et qui \u00ab ressort grandie de cette exp\u00e9rience \u00bb.<\/strong> Johanna Silva t\u00e9moigne : <i><em>\u00ab <\/em>Pour ma part, j\u2019ai r\u00e9ussi \u00e0 retrouver ma puissance d\u2019action. <strong>J\u2019ai pu mettre le doigt sur des choses qui pr\u00e9-existaient \u00e0 ma relation violente, donc le fait d\u2019analyser cette relation m\u2019a permis d\u2019en venir \u00e0 bout, de les briser. Mais j\u2019aurais pr\u00e9f\u00e9r\u00e9 que \u00e7a n\u2019existe pas, que \u00e7a n\u2019ait jamais lieu \u00bb.<\/strong> <\/i><\/p>\n<p>Manon rench\u00e9rit : <i><em>\u00ab <\/em>Moi <strong>j\u2019avance aussi, mais avec un boulet au pied \u00bb<\/strong>.<\/i> Cael ajoute :<\/p>\n<blockquote>\n<p><strong><i><em>\u00ab <\/em>Il y a comme un attendu de la soci\u00e9t\u00e9, qui voudrait que l\u2019on gu\u00e9risse, et que \u201c\u00e7a\u201d passera. Moi aussi, j\u2019attends que \u201c\u00e7a\u201d passe. Sauf que pendant ce temps-l\u00e0, ma vie ne tourne qu\u2019autour de \u00e7a et j\u2019ai d\u00fb mal \u00e0 faire autre chose. C\u2019est comme d\u2019\u00eatre obnubil\u00e9e par le feu. On a \u00e9t\u00e9 br\u00fbl\u00e9es, on doit \u00e9teindre ce feu et on ne peut rien faire d\u2019autre. Pas parce qu\u2019on est obsessionnelle, mais parce que c\u2019est encore en train de nous br\u00fbler. Alors comment voulez-vous qu\u2019on puisse passer \u00e0 autre chose\u2026 \u00bb<\/i><\/strong><\/p>\n<\/blockquote>\n<h2><b>Le r\u00f4le de la communaut\u00e9\u00a0<\/b><\/h2>\n<p>Selon Audre Lorde, dans <em data-start=\"964\" data-end=\"1002\">Sister Outsider: Essays and Speeches <\/em>(Freedom Crossing Press, 1984), pour provoquer un v\u00e9ritable changement r\u00e9volutionnaire, <strong>il est n\u00e9cessaire de nous concentrer sur la part de l\u2019oppresseur int\u00e9rioris\u00e9e, enfouie au plus profond de chacun\u00b7e de nous.<\/strong><\/p>\n<p>D\u2019entr\u00e9e de jeu, Gaby tient \u00e0 alerter : <i><em><strong>\u00ab<\/strong> <\/em><strong>Ce probl\u00e8me ne concerne pas seulement 4 ou 5 personnes dans un coin, mais tout le monde.<\/strong> Je pense qu\u2019il faut vraiment faire gaffe \u00e0 ne pas tomber dans la facilit\u00e9 du \u201coh \u00e7a va, moi je ne suis pas concern\u00e9\u201d ; \u201cle probl\u00e8me, c\u2019est les autres\u201d. Au contraire, il faut qu\u2019on soit vigilants \u00e0 ne pas faire de monstruosification des agresseurs car <strong>ce n\u2019est jamais une histoire de monstre, mais de comportements.<\/strong> <strong>Il faut avoir la lucidit\u00e9 et le courage de se regarder bien en face. \u00bb<\/strong><\/i><\/p>\n<figure id=\"attachment_1390641\" aria-describedby=\"caption-attachment-1390641\" style=\"width: 1024px\" class=\"wp-caption alignnone\"><img loading=\"lazy\" decoding=\"async\" class=\"wp-image-1390641 size-medium\" src=\"https:\/\/mrmondialisation.org\/wp-content\/uploads\/2026\/01\/cocoroupi-vue-sure-gouache-et-linogravure-sur-papier-1024-cm-x-800-cm-janvier-2026-e1768828966607-1024x802.jpg\" alt=\"\" width=\"1024\" height=\"802\" srcset=\"https:\/\/mrmondialisation.org\/wp-content\/uploads\/2026\/01\/cocoroupi-vue-sure-gouache-et-linogravure-sur-papier-1024-cm-x-800-cm-janvier-2026-e1768828966607-1024x802.jpg 1024w, https:\/\/mrmondialisation.org\/wp-content\/uploads\/2026\/01\/cocoroupi-vue-sure-gouache-et-linogravure-sur-papier-1024-cm-x-800-cm-janvier-2026-e1768828966607-768x602.jpg 768w, https:\/\/mrmondialisation.org\/wp-content\/uploads\/2026\/01\/cocoroupi-vue-sure-gouache-et-linogravure-sur-papier-1024-cm-x-800-cm-janvier-2026-e1768828966607-696x545.jpg 696w, https:\/\/mrmondialisation.org\/wp-content\/uploads\/2026\/01\/cocoroupi-vue-sure-gouache-et-linogravure-sur-papier-1024-cm-x-800-cm-janvier-2026-e1768828966607-1068x837.jpg 1068w, https:\/\/mrmondialisation.org\/wp-content\/uploads\/2026\/01\/cocoroupi-vue-sure-gouache-et-linogravure-sur-papier-1024-cm-x-800-cm-janvier-2026-e1768828966607-536x420.jpg 536w, https:\/\/mrmondialisation.org\/wp-content\/uploads\/2026\/01\/cocoroupi-vue-sure-gouache-et-linogravure-sur-papier-1024-cm-x-800-cm-janvier-2026-e1768828966607.jpg 1136w\" sizes=\"auto, (max-width: 1024px) 100vw, 1024px\"\/><figcaption id=\"caption-attachment-1390641\" class=\"wp-caption-text\"><i><em>\u00ab <\/em><\/i>Vue su\u0302re <i>\u00bb<\/i> Gouache et linogravure sur papier 10,24 cm x 8 cm. Janvier 2026. <a target=\"_blank\" href=\"https:\/\/www.instagram.com\/cocoroupi\/\">@cocoroupi<\/a><\/figcaption><\/figure>\n<p><b>Cael pr\u00e9cise que le courage n\u2019est pas une affaire intellectuelle, mais d\u2019honn\u00eatet\u00e9<\/b>. Vis-\u00e0-vis de soi-m\u00eame, d\u2019abord. <i><em>\u00ab <\/em>Le courage, ce n\u2019est pas lire plein de livres. Ce n\u2019est pas de prendre des le\u00e7ons de f\u00e9minisme. <\/i><b><i>Le courage, c\u2019est \u00eatre capable d\u2019aller dans l\u2019inconfort, y compris de l\u2019image qu\u2019on a de soi-m\u00eame. <\/i><\/b><i>Sur le principe, je ne suis pas contre le fait que des hommes cis aillent dans des stages de communication non-violente (CNV) si, et seulement si, <strong>c\u2019est au service d\u2019\u00e9couter les critiques qui leur sont faites ensuite. Mais souvent, c\u2019est au service de prendre encore plus soin d\u2019eux \u00bb.<\/strong> <\/i><\/p>\n<p>\u00c0 cela, elle invoque :<\/p>\n<blockquote>\n<p><strong><em>\u00ab <\/em><i>Arr\u00eatez de ghoster <\/i><i>la meuf qui vous fait des reproches ou de la traiter d\u2019hyst\u00e9rique en disant qu\u2019elle vous inflige sa col\u00e8re, <\/i><i>arr\u00eatez<\/i> <i>d\u2019esquiver en permanence, de n\u00e9gocier tout, tout le temps\u2026<\/i><i> Regarder vos comportements et leurs impacts en face. C\u2019est seulement \u00e0 partir de l\u00e0, que tout commence. \u00bb<\/i><\/strong><\/p>\n<\/blockquote>\n<p>Quelles pistes pour lutter contre les rapports de domination alors ? La plupart des associations et collectifs ont mis en place des protocoles VSS en interne, afin de se doter d\u2019une feuille de route dans le cas o\u00f9 des violences sont commises et signal\u00e9es. Pour Cael : <i><em>\u00ab <\/em>C\u2019est une grosse question qu\u2019il faut se poser dans les milieux militants : <strong>que fait-on des personnes qui ont commis des violences ? Qu\u2019est-ce qui est punitif ? Est-ce qu\u2019une sanction, c\u2019est si mal ?<\/strong> Tout \u00e7a prend du temps, et il faut avoir ces \u00e9changes en amont, avant qu\u2019un probl\u00e8me ne surgisse. \u00bb<\/i><\/p>\n<figure id=\"attachment_1390638\" aria-describedby=\"caption-attachment-1390638\" style=\"width: 1024px\" class=\"wp-caption alignnone\"><img loading=\"lazy\" decoding=\"async\" class=\"wp-image-1390638 size-medium\" src=\"https:\/\/mrmondialisation.org\/wp-content\/uploads\/2026\/01\/cocoroupi-cramer-gouache-etlinogravure-sur-papier-1024-cm-x-800-cm-janvier-2026-e1768828745824-1024x778.jpg\" alt=\"\" width=\"1024\" height=\"778\" srcset=\"https:\/\/mrmondialisation.org\/wp-content\/uploads\/2026\/01\/cocoroupi-cramer-gouache-etlinogravure-sur-papier-1024-cm-x-800-cm-janvier-2026-e1768828745824-1024x778.jpg 1024w, https:\/\/mrmondialisation.org\/wp-content\/uploads\/2026\/01\/cocoroupi-cramer-gouache-etlinogravure-sur-papier-1024-cm-x-800-cm-janvier-2026-e1768828745824-768x584.jpg 768w, https:\/\/mrmondialisation.org\/wp-content\/uploads\/2026\/01\/cocoroupi-cramer-gouache-etlinogravure-sur-papier-1024-cm-x-800-cm-janvier-2026-e1768828745824-696x529.jpg 696w, https:\/\/mrmondialisation.org\/wp-content\/uploads\/2026\/01\/cocoroupi-cramer-gouache-etlinogravure-sur-papier-1024-cm-x-800-cm-janvier-2026-e1768828745824-1068x811.jpg 1068w, https:\/\/mrmondialisation.org\/wp-content\/uploads\/2026\/01\/cocoroupi-cramer-gouache-etlinogravure-sur-papier-1024-cm-x-800-cm-janvier-2026-e1768828745824-553x420.jpg 553w, https:\/\/mrmondialisation.org\/wp-content\/uploads\/2026\/01\/cocoroupi-cramer-gouache-etlinogravure-sur-papier-1024-cm-x-800-cm-janvier-2026-e1768828745824-80x60.jpg 80w, https:\/\/mrmondialisation.org\/wp-content\/uploads\/2026\/01\/cocoroupi-cramer-gouache-etlinogravure-sur-papier-1024-cm-x-800-cm-janvier-2026-e1768828745824.jpg 1145w\" sizes=\"auto, (max-width: 1024px) 100vw, 1024px\"\/><figcaption id=\"caption-attachment-1390638\" class=\"wp-caption-text\"><i><em>\u00ab<\/em><\/i> cramer <i>\u00bb<\/i> Gouache et linogravure sur papier 10,24 cm x 8 cm. Janvier 2026. <a target=\"_blank\" href=\"https:\/\/www.instagram.com\/cocoroupi\/\">@cocoroupi<\/a><\/figcaption><\/figure>\n<p>Autre probl\u00e8me : si certains outils sont mis en place \u2013 tels que les protocoles VSS \u2013 ils peuvent \u00eatre utiles aux victimes, mais ils ne changent pas le fond du probl\u00e8me, \u00e0 savoir les rapports de pouvoir. Cael explique : <strong><em>\u00ab <\/em><\/strong><i><strong>Les agresseurs ont quantit\u00e9 d\u2019outils \u00e0 leur disposition pour refuser de se remettre en question.<\/strong> Par exemple, certains vont se cacher derri\u00e8re une oppression syst\u00e9mique subie (racisme, LGBTQIA+phobie, validisme\u2026) ou des blessures personnelles pour refuser la remise en question. \u00bb <\/i>Avec, \u00e0 la cl\u00e9 : <strong>de l\u2019auto-apitoiement comme justification de comportements abusifs.<\/strong><\/p>\n<p><i><em>\u00ab <\/em>On aura droit \u00e0 des discours du type : \u201cJe suis hypersensible, j\u2019ai \u00e9t\u00e9<\/i> <i>traumatis\u00e9 dans mon enfance\u2026 Donc je peux te faire porter ma jalousie, ma l\u00e2chet\u00e9, mon anxi\u00e9t\u00e9, mon incapacit\u00e9 \u00e0 communiquer\u2026 Merci de faire taire tes \u00e9motions, n\u00e9gatives comme positives\u201d. \u00bb<\/i>, r\u00e9sume Cael. <b>La pathologisation sert toujours le discours des agresseurs car il leur permet non seulement de se cacher derri\u00e8re, mais aussi de se victimiser.\u00a0<\/b><\/p>\n<h2><strong>Comment faire justice ?<\/strong><\/h2>\n<p>Gaby, Cael, Manon et Johanna Silva \u00e9voquent le sujet de la justice restaurative (ou r\u00e9paratrice au Qu\u00e9bec), ainsi que celui de la justice transformative. Ces formes de justice concentrent leurs actions sur<strong> les faits commis et leurs r\u00e9percussions sur les personnes concern\u00e9es, plut\u00f4t que sur le tort caus\u00e9 \u00e0 la loi.<\/strong> Pens\u00e9es comme des dispositifs compl\u00e9mentaires ou alternatifs \u00e0 la justice p\u00e9nale, elles visent \u00e0 la fois <strong>la r\u00e9paration de la victime \u2014 et de ses pr\u00e9judices \u2014 et la responsabilisation de l\u2019auteur<\/strong>.<\/p>\n<p><iframe loading=\"lazy\" title=\"La justice restaurative face aux violences sexuelles\" width=\"1110\" height=\"624\" src=\"https:\/\/www.youtube.com\/embed\/LZCwq4Ux_y4?feature=oembed\" frameborder=\"0\" allow=\"accelerometer; autoplay; clipboard-write; encrypted-media; gyroscope; picture-in-picture; web-share\" referrerpolicy=\"strict-origin-when-cross-origin\" allowfullscreen><\/iframe><\/p>\n<p>Cael s\u2019est longuement pench\u00e9e sur ces dispositifs et se montre aujourd\u2019hui tr\u00e8s prudente : <i>\u00ab J\u2019en arrive \u00e0 la conclusion qu\u2019il n\u2019existe pas vraiment de protocoles totalement s\u00e9curisants. \u00bb <\/i><strong>Selon elle, tous ces outils peuvent \u00eatre d\u00e9tourn\u00e9s ou instrumentalis\u00e9s.<\/strong><\/p>\n<p><strong>Elle cite notamment la mani\u00e8re dont certains discours anti-carc\u00e9raux peuvent \u00eatre retourn\u00e9s contre les victimes :<\/strong> <i>\u00ab On va parfois leur dire : \u201cSi tu portes plainte, tu fais le jeu d\u2019un syst\u00e8me raciste et colonial.\u201d \u00bb <\/i>Un autre point de vigilance concerne la participation de l\u2019auteur aux d\u00e9marches de justice alternative. <i>\u00ab Cela suppose qu\u2019il soit r\u00e9ellement partie prenante du processus, ce qui n\u2019est pas toujours le cas \u00bb<\/i>, explique-t-elle.<\/p>\n<p>Si certains acceptent de s\u2019engager,<strong> leur motivation peut d\u2019abord relever d\u2019int\u00e9r\u00eats personnels \u2014 pr\u00e9server leur image, retrouver une respectabilit\u00e9 sociale, ou continuer \u00e0 acc\u00e9der \u00e0 certains espaces \u2014 davantage que d\u2019une r\u00e9elle intention de r\u00e9parer<\/strong> les impacts des violences commises.<\/p>\n<p>Ce d\u00e9s\u00e9quilibre, h\u00e9rit\u00e9 des rapports de domination de genre, peut alors se rejouer tout au long du processus. <strong>L\u00e0 o\u00f9 la victime cherche avant tout la reconnaissance de la violence subie, sa r\u00e9paration et la garantie qu\u2019elle ne se reproduira pas, elle s\u2019expose aussi \u00e0 des risques importants : \u00eatre confront\u00e9e \u00e0 un agresseur qui minimise ou nie ses actes, ou \u00e0 l\u2019\u00e9chec du protocole faute d\u2019engagement r\u00e9el de sa part.<\/strong> <i>\u00ab Dans tous les cas, c\u2019est encore la victime qui peut perdre \u00bb<\/i>, r\u00e9sume Cael. D\u2019o\u00f9, selon elle, la n\u00e9cessit\u00e9 de ne pas id\u00e9aliser ces dispositifs.<\/p>\n<p><iframe loading=\"lazy\" title=\"La fabrique d&#039;une impunit\u00e9 r\u00e9habilitatrice\" width=\"1110\" height=\"624\" src=\"https:\/\/www.youtube.com\/embed\/GggMxAcPNaU?feature=oembed\" frameborder=\"0\" allow=\"accelerometer; autoplay; clipboard-write; encrypted-media; gyroscope; picture-in-picture; web-share\" referrerpolicy=\"strict-origin-when-cross-origin\" allowfullscreen><\/iframe><\/p>\n<p>Au travers de ses recherches, <strong>Manon a constat\u00e9 que beaucoup d\u2019organisations, m\u00eame f\u00e9ministes, m\u00eame tr\u00e8s connues, n\u2019ont pas de protocole interne de gestion des conflits et de VSS.<\/strong> Quand elle a propos\u00e9 \u00e0 certaines de ces organisations de s\u2019en saisir, elle s\u2019est vu r\u00e9pondre : <i><em>\u00ab <\/em>l\u2019extr\u00eame droite est \u00e0 nos portes, donc ce n\u2019est pas la priorit\u00e9. \u00bb <\/i>C\u2019est, selon elle, r\u00e9v\u00e9lateur d\u2019un refus g\u00e9n\u00e9ral et structurel<i>.<\/i><\/p>\n<p><strong>Dans tous les cas, il est essentiel de faire ce que la victime demande. <em>\u00ab <\/em><i>Il faut pouvoir s\u2019adapter \u00e0 chaque situation, chaque victime, chaque contexte. Se former \u00e0 l\u2019\u00e9coute active et \u00e0 comment on recueille la parole de la victime. Car \u00e7a ne s\u2019improvise pas ! \u00bb<\/i> <\/strong>Un point de vigilance doit aussi \u00eatre port\u00e9 sur qui r\u00e9dige les chartes, car les personnes autrices de violences peuvent s\u2019emparer de ces protocoles pour les orienter \u00e0 leur avantage.<\/p>\n<p><strong><i><em>\u00ab <\/em>Nous sommes souvent dans des parcours tr\u00e8s individuels de r\u00e9paration \u00bb<\/i>, explique Johanna Silva. <\/strong><i><strong><em>\u00ab <\/em>On aime bien parler de solutions collectives,<\/strong> mais moi, comme beaucoup d\u2019autres, je n\u2019ai pas eu le choix. <strong>Si j\u2019avais demand\u00e9 \u00e0 Ruffin de faire une m\u00e9diation\u2026 bien s\u00fbr qu\u2019il aurait refus\u00e9 !<\/strong> En ce qui me concerne, mon parcours a repos\u00e9 sur deux piliers qui furent l\u2019\u00e9criture de mon livre et la th\u00e9rapie. \u00bb <\/i><\/p>\n<p><figure id=\"attachment_1413205\" aria-describedby=\"caption-attachment-1413205\" style=\"width: 1024px\" class=\"wp-caption alignnone\"><img loading=\"lazy\" decoding=\"async\" class=\"wp-image-1413205\" src=\"https:\/\/mrmondialisation.org\/wp-content\/uploads\/2026\/01\/photo-2026-01-24-091459-760x1024.jpeg\" alt=\"\" width=\"1024\" height=\"1380\" srcset=\"https:\/\/mrmondialisation.org\/wp-content\/uploads\/2026\/01\/photo-2026-01-24-091459-760x1024.jpeg 760w, https:\/\/mrmondialisation.org\/wp-content\/uploads\/2026\/01\/photo-2026-01-24-091459-768x1035.jpeg 768w, https:\/\/mrmondialisation.org\/wp-content\/uploads\/2026\/01\/photo-2026-01-24-091459-696x938.jpeg 696w, https:\/\/mrmondialisation.org\/wp-content\/uploads\/2026\/01\/photo-2026-01-24-091459-312x420.jpeg 312w, https:\/\/mrmondialisation.org\/wp-content\/uploads\/2026\/01\/photo-2026-01-24-091459.jpeg 950w\" sizes=\"auto, (max-width: 1024px) 100vw, 1024px\"\/><figcaption id=\"caption-attachment-1413205\" class=\"wp-caption-text\">Juillet 2024. Sororit\u00e9. [De la chute au saut, 10\/14]. <a target=\"_blank\" href=\"https:\/\/www.instagram.com\/pau.iesis\/\">Pauline Blandin.<\/a><\/figcaption><\/figure>\n<p>Alors que faire ? Quand la plupart des victimes sont contraintes de fuir et de d\u00e9serter certains milieux ? De s\u2019en sortir seules, de leur c\u00f4t\u00e9 ? Et qu\u2019en attendant, les violences se perp\u00e9tuent ? <strong><strong><strong>Peut-il alors y avoir une v\u00e9ritable transformation de nos rapports sociaux sans la remise en question des personnes qui produisent de la violence ?<\/strong><\/strong><\/strong><\/p>\n<p>Pour Johanna Silva, nous devons d\u2019abord nous armer nous-m\u00eames<i><em> : <strong>\u00ab <\/strong><\/em><strong>Je ne pense pas que ces hommes changeront par humanisme, mais dans un rapport de force.<\/strong> C\u2019est le but de mon bouquin, <strong>qu\u2019on puisse s\u2019armer, apprendre \u00e0 reconna\u00eetre des comportements, et arr\u00eater d\u2019\u00eatre fascin\u00e9es par le charisme de ces personnes.<\/strong> Je pense qu\u2019on doit aussi se forcer \u00e0 prendre la parole en public, et amasser nous aussi du capital symbolique. Je pense qu\u2019en \u00e9tant mieux arm\u00e9es, on peut forcer des gens \u00e0 changer. \u00bb <\/i><\/p>\n<p>En compl\u00e9ment du rapport de force, Cael invite \u00e0 imaginer d\u2019autres paradigmes relationnels que ceux de la domination patriarcale : <i><em>\u00ab <\/em><\/i><i>Il faut proposer une alternative qui soit d\u00e9sirable, ou en tout cas plus d\u00e9sirable que nos rapports habituels.<strong> Construire des rapports qui fassent plus envie que toutes ces relations de merde.<\/strong> <strong>Il faut faire en sorte que l\u2019\u00e9galit\u00e9 soit plus d\u00e9sir\u00e9e. \u00bb<\/strong><\/i><\/p>\n<p style=\"text-align: right;\">\u2013 <strong><em>Sarah Andres<\/em><\/strong><\/p>\n<hr\/>\n<p>Illustration de couverture : <a target=\"_blank\" href=\"https:\/\/www.instagram.com\/cocoroupi\/\">@cocoroupi<\/a> \u00ab Montagnes \u00bb Gouache et linogravure sur papier 10,24 cm x 8 cm. Janvier 2026<\/p>\n<div class=\"td-a-rec td-a-rec-id-content_bottom  tdi_2 td_block_template_1\">\n<span class=\"td-adspot-title\">&#8211; Cet article gratuit, ind\u00e9pendant et sans IA existe gr\u00e2ce aux abonn\u00e9s &#8211;<\/span><\/p>\n<div class=\"td-all-devices\">\n    <a target=\"_blank\" href=\"https:\/\/mrmondialisation.org\/donation\/\" title=\"Faire_un_don\"><img decoding=\"async\" class=\"donationArticle\" src=\"https:\/\/mrmondialisation.org\/wp-content\/uploads\/2022\/12\/220405-flikalicious-final.jpg\" alt=\"Donation\"\/><\/a>\n<\/div>\n<\/div><\/div>\n<p><script async defer src=\"https:\/\/platform.instagram.com\/en_US\/embeds.js\"><\/script><br \/>\n<br \/><br \/>\n<br \/><a href=\"https:\/\/mrmondialisation.org\/violences-sexistes-sexuelles-gauche\/\" target=\"_blank\"\">Source link <\/a><\/p>\n","protected":false},"excerpt":{"rendered":"<p>\u00c0 travers une collaboration in\u00e9dite entre Mr Mondialisation et Lisbeth, le m\u00e9dia des luttes, des voix et des territoires, la journaliste Sarah Andres explore la dimension des violences sexistes et&hellip; <\/p>\n","protected":false},"author":1,"featured_media":23006,"comment_status":"open","ping_status":"open","sticky":false,"template":"","format":"standard","meta":{"footnotes":""},"categories":[1],"tags":[],"class_list":["post-23005","post","type-post","status-publish","format-standard","has-post-thumbnail","hentry","category-non-classe"],"_links":{"self":[{"href":"https:\/\/monde25.info\/index.php\/wp-json\/wp\/v2\/posts\/23005","targetHints":{"allow":["GET"]}}],"collection":[{"href":"https:\/\/monde25.info\/index.php\/wp-json\/wp\/v2\/posts"}],"about":[{"href":"https:\/\/monde25.info\/index.php\/wp-json\/wp\/v2\/types\/post"}],"author":[{"embeddable":true,"href":"https:\/\/monde25.info\/index.php\/wp-json\/wp\/v2\/users\/1"}],"replies":[{"embeddable":true,"href":"https:\/\/monde25.info\/index.php\/wp-json\/wp\/v2\/comments?post=23005"}],"version-history":[{"count":0,"href":"https:\/\/monde25.info\/index.php\/wp-json\/wp\/v2\/posts\/23005\/revisions"}],"wp:featuredmedia":[{"embeddable":true,"href":"https:\/\/monde25.info\/index.php\/wp-json\/wp\/v2\/media\/23006"}],"wp:attachment":[{"href":"https:\/\/monde25.info\/index.php\/wp-json\/wp\/v2\/media?parent=23005"}],"wp:term":[{"taxonomy":"category","embeddable":true,"href":"https:\/\/monde25.info\/index.php\/wp-json\/wp\/v2\/categories?post=23005"},{"taxonomy":"post_tag","embeddable":true,"href":"https:\/\/monde25.info\/index.php\/wp-json\/wp\/v2\/tags?post=23005"}],"curies":[{"name":"wp","href":"https:\/\/api.w.org\/{rel}","templated":true}]}}