{"id":23007,"date":"2026-01-26T12:45:36","date_gmt":"2026-01-26T11:45:36","guid":{"rendered":"https:\/\/monde25.info\/index.php\/2026\/01\/26\/iran-comment-les-forces-de-lordre-ont-contrecarre-le-modus-operandi-des-emeutiers\/"},"modified":"2026-01-26T12:45:36","modified_gmt":"2026-01-26T11:45:36","slug":"iran-comment-les-forces-de-lordre-ont-contrecarre-le-modus-operandi-des-emeutiers","status":"publish","type":"post","link":"https:\/\/monde25.info\/index.php\/2026\/01\/26\/iran-comment-les-forces-de-lordre-ont-contrecarre-le-modus-operandi-des-emeutiers\/","title":{"rendered":"Iran : Comment les forces de l\u2019ordre ont contrecarr\u00e9 le modus operandi des \u00e9meutiers"},"content":{"rendered":"<p> <br \/>\n<\/p>\n<div>\n<ol class=\"campaign-loop campaign-list\">\n<li id=\"campaign-482494\" class=\"post-482494 campaign type-campaign status-publish hentry campaign-has-goal campaign-has-achieved-goal campaign-has-end-date campaign-has-not-ended\">\n\t<a target=\"_blank\" href=\"https:\/\/reseauinternational.net\/campaigns\/campagne-de-dons-septembre-octobre-2025\/\"><\/p>\n<h3>Soutenez-nous<\/h3>\n<p>\t\t\t<\/a><\/p>\n<p>\n\tVotre soutien nous est indispensable pour continuer \u00e0 vous fournir le meilleur de l\u2019information internationale alternative. C\u2019est gr\u00e2ce \u00e0 vos dons que nous pourrons maintenir le cap pour une information plurielle et r\u00e9ellement alternative. Nous comptons sur vous.<\/p>\n<\/li>\n<\/ol>\n<h6 class=\"wp-block-heading\"><strong>Les \u00e9meutes de janvier 2026 ont \u00e9t\u00e9 plus meurtri\u00e8res que la guerre des 12 jours<\/strong><\/h6>\n<p>par <strong>Al-Manar<\/strong><\/p>\n<p>T\u00e9h\u00e9ran a publi\u00e9 il y a quelques jours le <a target=\"_blank\" href=\"https:\/\/french.almanar.com.lb\/article\/7062\/\" target=\"_blank\" rel=\"noopener\" title=\"\">bilan<\/a> final des pertes humaines et mat\u00e9rielles subies durant les r\u00e9centes \u00e9meutes arm\u00e9es meurtri\u00e8res soutenues par les \u00c9tats-Unis et l\u2019entit\u00e9 sioniste qui ont s\u00e9vi dans le pays. Ayant et\u00e9 d\u00e9clench\u00e9es le 8 janvier, date \u00e0 laquelle des \u00e9meutiers ont confisqu\u00e9 des manifestations spontan\u00e9es port\u00e9es par le bazar pour protester contre la d\u00e9valuation du rial afin de lancer des attaques meurtri\u00e8res dans tout le pays, elles ont \u00e9t\u00e9 maitris\u00e9es le 18 janvier. Elles se sont sold\u00e9es par la mort de 3100 personnes, dont 2427 martyrs civils et policiers et 690 \u00e9meutiers.<\/p>\n<p>Hormis la guerre impos\u00e9e entre 1979 et 1988, la R\u00e9publique islamique a subi six tentatives de renversement du pouvoir, entre 2009 et 2026. Y compris la guerre isra\u00e9lo-am\u00e9ricaine de 12 jours en juin 2025. Toutes se sont sold\u00e9es par un \u00e9chec.<\/p>\n<p>Interrog\u00e9 par al-Alam, le professeur universitaire libanais Talal Atrissi estime que le pr\u00e9sident am\u00e9ricain a \u00e9chou\u00e9 dans sa man\u0153uvre de miser sur les \u00e9meutiers pour justifier et l\u00e9gitimer son ing\u00e9rence.<\/p>\n<p>Durant les r\u00e9centes \u00e9meutes, la R\u00e9publique islamique a pu neutraliser leurs objectifs en contrecarrant leur modus operandi.<\/p>\n<h5 class=\"wp-block-heading\"><strong>Une riposte pr\u00e9cise et directe<\/strong><\/h5>\n<p>Le chiffre de 2427 martyrs \u00ab<em>est le double de celui des martyrs qui sont tomb\u00e9s pendant la guerre des 12 jours et qui \u00e9tait de 1100 martyrs<\/em>\u00bb constate le site web libanais <em>al-Ahed<\/em>, selon lequel \u00ab<em>ce paradoxe num\u00e9rique r\u00e9v\u00e8le clairement que la guerre de l\u2019int\u00e9rieur a \u00e9t\u00e9 bien plus f\u00e9roce et brutale dans son approche de la soci\u00e9t\u00e9 iranienne que n\u2019importe quelle confrontation militaire traditionnelle<\/em>\u00bb.<\/p>\n<p>Le chroniqueur du site Hassan Haydar estime que le but des commanditaires de ces \u00e9meutes arm\u00e9es \u00e9tait \u00ab<em>d\u2019entrainer un d\u00e9ploiement en force des forces de s\u00e9curit\u00e9 et militaires dans les rues, escort\u00e9 de v\u00e9hicules blind\u00e9s tout en imposant le couvre-feu pour ensuite pr\u00e9senter cette r\u00e9alit\u00e9 via les m\u00e9dias internationaux comme la preuve de la \u00abchute des villes\u00bb et de l\u2019\u00abeffondrement du contr\u00f4le\u00bb de l\u2019\u00c9tat<\/em>\u00bb.<\/p>\n<p>Ce sc\u00e9nario \u00ab<em>a \u00e9t\u00e9 avort\u00e9 en en s\u2019abstenant de tout affrontement direct et en se limitant \u00e0 des ripostes pr\u00e9cises et directes, ciblant uniquement les sources des tirs<\/em>\u00bb, d\u2019apr\u00e8s Haydar. \u00ab<em>Cette approche a priv\u00e9 les planificateurs du chaos g\u00e9n\u00e9ralis\u00e9 qui aurait pu \u00eatre exploit\u00e9 ult\u00e9rieurement comme arme de guerre psychologique pour manipuler l\u2019opinion publique internationale et intensifier la pression ext\u00e9rieure<\/em>\u00bb.<\/p>\n<h5 class=\"wp-block-heading\"><strong>\u00c9quilibre de dissuasion populaire<\/strong><\/h5>\n<p>Haydar estime que le tournant d\u00e9cisif est survenu deux jours seulement apr\u00e8s le pic de violence, lorsque \u00ab<em>quelque 26 millions de personnes sont descendues dans les rues et sur les places de plusieurs villes iraniennes<\/em>\u00bb, pour protester contre les \u00e9meutiers. \u00ab<em>Cette mobilisation massive n\u2019\u00e9tait pas une r\u00e9action \u00e9motionnelle, mais une prise de position politique et s\u00e9curitaire claire, exprimant un rejet du chaos et de la violence arm\u00e9e et confirmant que la rue oppos\u00e9e \u00e9tait pr\u00e9sente et capable de faire basculer la situation<\/em>\u00bb.<\/p>\n<p>Et <em>al-Ahed<\/em> de conclure : \u00ab<em>Cette sc\u00e8ne a redessin\u00e9 les rapports de force sur le terrain, instaurant ce que l\u2019on pourrait appeler un \u00ab\u00e9quilibre de dissuasion populaire\u00bb. Les groupes anarchiques ont battu en retraite, non seulement sous la pression des mesures de s\u00e9curit\u00e9, mais aussi par crainte d\u2019un affrontement avec une population nombreuse et organis\u00e9e qui rejetait toute atteinte \u00e0 la s\u00e9curit\u00e9 publique<\/em>\u00bb.<\/p>\n<h5 class=\"wp-block-heading\"><strong>Pertes mat\u00e9rielles<\/strong><\/h5>\n<p>Les images des biens publics, \u00e9tatiques et priv\u00e9s d\u00e9truits par les \u00e9meutiers ont \u00e9veill\u00e9 les Iraniens sur les r\u00e9els objectifs des \u00e9meutiers. Le bilan officiel des destructions mat\u00e9rielles a \u00e9t\u00e9 le suivant :<\/p>\n<ul class=\"wp-block-list\">\n<li>305 ambulances<\/li>\n<li>253 stations de bus<\/li>\n<li>800 v\u00e9hicules priv\u00e9s<\/li>\n<li>700 commerces<\/li>\n<li>750 banques<\/li>\n<li>600 ATM<\/li>\n<li>24 stations d\u2019essence<\/li>\n<li>300 unit\u00e9s r\u00e9sidentielles priv\u00e9es<\/li>\n<li>414 b\u00e2timents publics<\/li>\n<li>749 postes de police<\/li>\n<li>120 centres des Bassidj<\/li>\n<li>200 \u00e9coles<\/li>\n<li>15 biblioth\u00e8ques<\/li>\n<li>350 mosqu\u00e9es<\/li>\n<li>2 \u00e9glises arm\u00e9niennes<\/li>\n<\/ul>\n<h5 class=\"wp-block-heading\"><strong>L\u2019Internet bient\u00f4t r\u00e9tabli<\/strong><\/h5>\n<p>La coupure de l\u2019internet par les autorit\u00e9s, y compris via Starlink, a jou\u00e9 un r\u00f4le primordial pour avorter les \u00e9meutes. Elle a \u00e9t\u00e9 impos\u00e9e \u00e0 partir du 8 janvier dans le but de couper les communications entre les \u00e9meutiers et leurs commanditaires am\u00e9ricains, isra\u00e9liens ou autres.<\/p>\n<p>Samedi 25 janvier, le patron de la compagnie iranienne de t\u00e9l\u00e9communications Behzad Akbari a assur\u00e9 aux m\u00e9dias locaux que l\u2019acc\u00e8s \u00e0 internet serait r\u00e9tabli \u00ab<em>aujourd\u2019hui ou demain<\/em>\u00bb, a rapport\u00e9 l\u2019agence de presse <em>Fars<\/em>.<\/p>\n<p>Selon <em>Fars<\/em>, le Conseil supr\u00eame de la s\u00e9curit\u00e9 nationale a approuv\u00e9 vendredi soir le r\u00e9tablissement de la connexion et en a inform\u00e9 le minist\u00e8re des Communications.<\/p>\n<p><em>Fars<\/em> a fait \u00e9tat d\u2019une br\u00e8ve reprise de l\u2019acc\u00e8s \u00e0 internet international, \u00ab<em>coup\u00e9 de nouveau au bout d\u2019environ 30 minutes<\/em>\u00bb.<\/p>\n<p>Des responsables du minist\u00e8re des Communications ont toutefois indiqu\u00e9 \u00e0 <em>Fars<\/em> que la remise en service prendrait du temps \u00ab<em>en raison de complexit\u00e9s techniques<\/em>\u00bb.<\/p>\n<h5 class=\"wp-block-heading\"><strong>Yousef Pezeshkian : T\u00f4t ou tard<\/strong><\/h5>\n<p>Plus t\u00f4t samedi, Yousef Pezeshkian, fils du pr\u00e9sident iranien et conseiller \u00e0 la pr\u00e9sidence, avait appel\u00e9 les autorit\u00e9s \u00e0 r\u00e9tablir internet.<\/p>\n<p>\u00ab<em>Les services de s\u00e9curit\u00e9 craignent peut-\u00eatre que le r\u00e9tablissement d\u2019Internet ne d\u00e9stabilise le pays. Mais le plus inqui\u00e9tant est que la coupure d\u2019Internet prolong\u00e9e creuse le foss\u00e9 entre le peuple et le gouvernement. Cela signifie que ceux qui n\u2019\u00e9taient pas m\u00e9contents, et ne le sont toujours pas, rejoindront la liste des m\u00e9contents<\/em>\u00bb, a-t-il ecrit sur Telegram, selon l\u2019agence de presse officielle <em>IRNA<\/em>.<\/p>\n<p>\u00ab<em>La diffusion d\u2019images des manifestations est un probl\u00e8me auquel nous devrons faire face t\u00f4t ou tard, et la coupure d\u2019Internet ne r\u00e9soudra rien, elle ne fera que repousser l\u2019\u00e9ch\u00e9ance<\/em>\u00bb, a-t-il soutenu.<\/p>\n<p>Yousef Pezeshkian a r\u00e9it\u00e9r\u00e9 sa description des r\u00e9centes violences dans le pays comme \u00e9tant \u00ab<em>le produit d\u2019une op\u00e9ration pr\u00e9m\u00e9dit\u00e9e et de groupes entra\u00een\u00e9s professionnellement et affili\u00e9s \u00e0 des entit\u00e9s \u00e9trang\u00e8res<\/em>\u00bb.<\/p>\n<p>Selon lui, \u00ab<em>si les forces de s\u00e9curit\u00e9 et de maintien de l\u2019ordre ont peut-\u00eatre commis des erreurs, personne ne d\u00e9fendra ces violations, et c\u2019est ce qu\u2019il faut aborder<\/em>\u00bb.<\/p>\n<p>Ce dimanche matin, l\u2019Iran a r\u00e9v\u00e9l\u00e9 avoir d\u00e9pos\u00e9 une plainte p\u00e9nale contre le gouvernement des \u00c9tats-Unis et isra\u00e9lien, et plusieurs groupes terroristes, les accusant de soutenir et de financer des actes de sabotage qui ont vis\u00e9 la s\u00e9curit\u00e9 du pays.<\/p>\n<p>source : <a target=\"_blank\" href=\"https:\/\/french.almanar.com.lb\/article\/7862\/\" target=\"_blank\" rel=\"noopener\" title=\"\">Al-Manar<\/a><\/p>\n<div class=\"sharedaddy sd-block sd-like jetpack-likes-widget-wrapper jetpack-likes-widget-unloaded\" id=\"like-post-wrapper-237719536-508161-6977514c64aee\" data-src=\"https:\/\/widgets.wp.com\/likes\/?ver=15.2#blog_id=237719536&amp;post_id=508161&amp;origin=reseauinternational.net&amp;obj_id=237719536-508161-6977514c64aee\" data-name=\"like-post-frame-237719536-508161-6977514c64aee\" data-title=\"Aimer ou rebloguer\">\n<h3 class=\"sd-title\">J\u2019aime \u00e7a\u00a0:<\/h3>\n<p><span class=\"button\"><span>J\u2019aime<\/span><\/span> <span class=\"loading\">chargement\u2026<\/span><\/p>\n<p><span class=\"sd-text-color\"\/><a target=\"_blank\" class=\"sd-link-color\"\/><\/div>\n<p><meta itemscope=\"\" itemprop=\"mainEntityOfPage\" itemtype=\"https:\/\/schema.org\/WebPage\" itemid=\"https:\/\/reseauinternational.net\/iran-comment-les-forces-de-lordre-ont-contrecarre-le-modus-operandi-des-emeutiers\/\"\/><meta itemprop=\"headline\" content=\"Iran : Comment les forces de l\u2019ordre ont contrecarr\u00e9 le modus operandi des \u00e9meutiers\"\/><span style=\"display: none;\" itemprop=\"author\" itemscope=\"\" itemtype=\"https:\/\/schema.org\/Person\"><meta itemprop=\"name\" content=\"R\u00e9seau International\"\/><\/span><span style=\"display: none;\" itemprop=\"image\" itemscope=\"\" itemtype=\"https:\/\/schema.org\/ImageObject\"><meta itemprop=\"url\" content=\"https:\/\/i0.wp.com\/reseauinternational.net\/wp-content\/uploads\/2026\/01\/Sans-titre-15-18.png?fit=800%2C467&amp;ssl=1\"\/><meta itemprop=\"width\" content=\"800\"\/><meta itemprop=\"height\" content=\"467\"\/><\/span><span style=\"display: none;\" itemprop=\"publisher\" itemscope=\"\" itemtype=\"https:\/\/schema.org\/Organization\"><span style=\"display: none;\" itemprop=\"logo\" itemscope=\"\" itemtype=\"https:\/\/schema.org\/ImageObject\"><meta itemprop=\"url\" content=\"https:\/\/reseauinternational.net\/wp-content\/uploads\/2022\/06\/Capture-de\u0301cran-2022-06-14-a\u0300-16.51.07.png\"\/><\/span><meta itemprop=\"name\" content=\"R\u00e9seau International\"\/><\/span><meta itemprop=\"datePublished\" content=\"2026-01-26T12:31:37+00:00\"\/><meta itemprop=\"dateModified\" content=\"2026-01-26T12:34:23+00:00\"\/><\/div>\n<p><br \/>\n<br \/><a href=\"https:\/\/reseauinternational.net\/iran-comment-les-forces-de-lordre-ont-contrecarre-le-modus-operandi-des-emeutiers\/\" target=\"_blank\"\">Source link <\/a><\/p>\n","protected":false},"excerpt":{"rendered":"<p>Soutenez-nous Votre soutien nous est indispensable pour continuer \u00e0 vous fournir le meilleur de l\u2019information internationale alternative. C\u2019est gr\u00e2ce \u00e0 vos dons que nous pourrons maintenir le cap pour une&hellip; <\/p>\n","protected":false},"author":1,"featured_media":23008,"comment_status":"open","ping_status":"open","sticky":false,"template":"","format":"standard","meta":{"footnotes":""},"categories":[1],"tags":[],"class_list":["post-23007","post","type-post","status-publish","format-standard","has-post-thumbnail","hentry","category-non-classe"],"_links":{"self":[{"href":"https:\/\/monde25.info\/index.php\/wp-json\/wp\/v2\/posts\/23007","targetHints":{"allow":["GET"]}}],"collection":[{"href":"https:\/\/monde25.info\/index.php\/wp-json\/wp\/v2\/posts"}],"about":[{"href":"https:\/\/monde25.info\/index.php\/wp-json\/wp\/v2\/types\/post"}],"author":[{"embeddable":true,"href":"https:\/\/monde25.info\/index.php\/wp-json\/wp\/v2\/users\/1"}],"replies":[{"embeddable":true,"href":"https:\/\/monde25.info\/index.php\/wp-json\/wp\/v2\/comments?post=23007"}],"version-history":[{"count":0,"href":"https:\/\/monde25.info\/index.php\/wp-json\/wp\/v2\/posts\/23007\/revisions"}],"wp:featuredmedia":[{"embeddable":true,"href":"https:\/\/monde25.info\/index.php\/wp-json\/wp\/v2\/media\/23008"}],"wp:attachment":[{"href":"https:\/\/monde25.info\/index.php\/wp-json\/wp\/v2\/media?parent=23007"}],"wp:term":[{"taxonomy":"category","embeddable":true,"href":"https:\/\/monde25.info\/index.php\/wp-json\/wp\/v2\/categories?post=23007"},{"taxonomy":"post_tag","embeddable":true,"href":"https:\/\/monde25.info\/index.php\/wp-json\/wp\/v2\/tags?post=23007"}],"curies":[{"name":"wp","href":"https:\/\/api.w.org\/{rel}","templated":true}]}}