{"id":23011,"date":"2026-01-26T13:51:48","date_gmt":"2026-01-26T12:51:48","guid":{"rendered":"https:\/\/monde25.info\/index.php\/2026\/01\/26\/kobane-sous-assistance-humanitaire-sur-fond-de-recomposition-politique-en-syrie-rt-en-francais\/"},"modified":"2026-01-26T13:51:48","modified_gmt":"2026-01-26T12:51:48","slug":"kobane-sous-assistance-humanitaire-sur-fond-de-recomposition-politique-en-syrie-rt-en-francais","status":"publish","type":"post","link":"https:\/\/monde25.info\/index.php\/2026\/01\/26\/kobane-sous-assistance-humanitaire-sur-fond-de-recomposition-politique-en-syrie-rt-en-francais\/","title":{"rendered":"Koban\u00e9 sous assistance humanitaire, sur fond de recomposition politique en Syrie \u2014 RT en fran\u00e7ais"},"content":{"rendered":"<p> <br \/>\n<br \/><img decoding=\"async\" src=\"https:\/\/mf.b37mrtl.ru\/french\/images\/2026.01\/thumbnail\/6977214487f3ec4a44232927.jpg\" \/><\/p>\n<div>\n<p class=\"text__summary\">\n                                        Un corridor humanitaire a permis l\u2019arriv\u00e9e d\u2019une aide vitale de l\u2019ONU \u00e0 Koban\u00e9, ville kurde encercl\u00e9e. La tr\u00eave entre Damas et les forces kurdes a \u00e9t\u00e9 prolong\u00e9e, facilitant \u00e0 la fois l\u2019aide et des transferts de d\u00e9tenus de l\u2019EI. Ces \u00e9volutions s\u2019inscrivent dans un processus visant \u00e0 int\u00e9grer les structures kurdes \u00e0 l\u2019\u00c9tat syrien.\n                                    <\/p>\n<p data-start=\"646\" data-end=\"1251\">Un corridor humanitaire a \u00e9t\u00e9 mis en place en direction de Koban\u00e9, ville kurde du nord de la Syrie encercl\u00e9e par les forces gouvernementales, permettant l\u2019arriv\u00e9e d\u2019un premier convoi des Nations unies. Le 25 janvier, vingt-quatre camions charg\u00e9s de denr\u00e9es de base, de mat\u00e9riel de secours et de carburant ont atteint la ville afin de r\u00e9pondre aux besoins urgents des civils d\u00e9plac\u00e9s par les combats et confront\u00e9s \u00e0 des conditions hivernales difficiles. Selon l\u2019ONU, cette op\u00e9ration a \u00e9t\u00e9 rendue possible gr\u00e2ce \u00e0 une coordination avec les autorit\u00e9s syriennes, dans un contexte s\u00e9curitaire encore fragile.<\/p>\n<p data-start=\"1253\" data-end=\"1471\">Depuis plusieurs jours, les habitants de Koban\u00e9 alertaient sur des p\u00e9nuries s\u00e9v\u00e8res d\u2019eau, de nourriture et d\u2019\u00e9lectricit\u00e9, alors que la ville accueillait un afflux de populations fuyant l\u2019avanc\u00e9e de l\u2019arm\u00e9e syrienne.<\/p>\n<p data-start=\"1473\" data-end=\"1820\">Damas a annonc\u00e9 l\u2019ouverture de deux axes humanitaires, l\u2019un vers Koban\u00e9, l\u2019autre vers la province voisine de Hassak\u00e9, o\u00f9 les forces gouvernementales se sont \u00e9galement red\u00e9ploy\u00e9es. Les forces kurdes d\u00e9noncent toutefois un encerclement de facto de la ville, situ\u00e9e \u00e0 la fronti\u00e8re turque et \u00e0 distance du principal bastion kurde du nord-est syrien.<\/p>\n<h2 data-start=\"686\" data-end=\"1248\">Vers la fin compl\u00e8te de l&rsquo;autonomie kurde\u00a0<\/h2>\n<p data-start=\"1871\" data-end=\"2353\">Cette s\u00e9quence intervient alors qu\u2019un cessez-le-feu entre Damas et les Forces d\u00e9mocratiques syriennes (FDS), domin\u00e9es par les Kurdes, a \u00e9t\u00e9 prolong\u00e9 de quinze jours. La tr\u00eave fait suite \u00e0 la r\u00e9trocession par les FDS de plusieurs zones aux troupes gouvernementales, d\u00e9termin\u00e9es \u00e0 r\u00e9tablir leur autorit\u00e9 sur l\u2019ensemble du territoire. Koban\u00e9, symbole majeur de la lutte contre le groupe \u00c9tat islamique apr\u00e8s sa lib\u00e9ration en 2015, se retrouve ainsi au c\u0153ur d\u2019un tournant strat\u00e9gique.<\/p>\n<p data-start=\"2355\" data-end=\"2935\">Sur le plan politique, le pouvoir syrien r\u00e9clame d\u00e9sormais l\u2019int\u00e9gration compl\u00e8te des structures civiles et militaires kurdes au sein de l\u2019\u00c9tat, exigeant la dissolution des FDS. Washington partage l\u2019id\u00e9e que la mission initiale de ces forces, centr\u00e9e sur la lutte antijihadiste, touche \u00e0 sa fin dans un contexte de renforcement du pouvoir central \u00e0 Damas. La prolongation de la tr\u00eave vise aussi \u00e0 faciliter le transfert de d\u00e9tenus de l\u2019\u00c9tat islamique vers l\u2019Irak, une op\u00e9ration pilot\u00e9e par les \u00c9tats-Unis, qui redoutent des failles s\u00e9curitaires li\u00e9es aux affrontements en cours.<\/p>\n<p data-start=\"2937\" data-end=\"3199\">L\u2019accord en discussion marque un recul majeur pour les aspirations autonomistes kurdes, qui avaient \u00e9merg\u00e9 durant la guerre civile syrienne. L\u2019int\u00e9gration annonc\u00e9e \u00e0 l\u2019\u00c9tat syrien redessine en profondeur les \u00e9quilibres politiques et militaires du nord du pays.<\/p>\n<\/div>\n<p><br \/>\n<br \/><a href=\"https:\/\/francais.rt.com\/international\/129803-kobane-sous-assistance-humanitaire-sur-fond-recomposition-politique-en-syrie\" target=\"_blank\"\">Source link <\/a><\/p>\n","protected":false},"excerpt":{"rendered":"<p>Un corridor humanitaire a permis l\u2019arriv\u00e9e d\u2019une aide vitale de l\u2019ONU \u00e0 Koban\u00e9, ville kurde encercl\u00e9e. La tr\u00eave entre Damas et les forces kurdes a \u00e9t\u00e9 prolong\u00e9e, facilitant \u00e0 la&hellip; <\/p>\n","protected":false},"author":1,"featured_media":23012,"comment_status":"open","ping_status":"open","sticky":false,"template":"","format":"standard","meta":{"footnotes":""},"categories":[1],"tags":[],"class_list":["post-23011","post","type-post","status-publish","format-standard","has-post-thumbnail","hentry","category-non-classe"],"_links":{"self":[{"href":"https:\/\/monde25.info\/index.php\/wp-json\/wp\/v2\/posts\/23011","targetHints":{"allow":["GET"]}}],"collection":[{"href":"https:\/\/monde25.info\/index.php\/wp-json\/wp\/v2\/posts"}],"about":[{"href":"https:\/\/monde25.info\/index.php\/wp-json\/wp\/v2\/types\/post"}],"author":[{"embeddable":true,"href":"https:\/\/monde25.info\/index.php\/wp-json\/wp\/v2\/users\/1"}],"replies":[{"embeddable":true,"href":"https:\/\/monde25.info\/index.php\/wp-json\/wp\/v2\/comments?post=23011"}],"version-history":[{"count":0,"href":"https:\/\/monde25.info\/index.php\/wp-json\/wp\/v2\/posts\/23011\/revisions"}],"wp:featuredmedia":[{"embeddable":true,"href":"https:\/\/monde25.info\/index.php\/wp-json\/wp\/v2\/media\/23012"}],"wp:attachment":[{"href":"https:\/\/monde25.info\/index.php\/wp-json\/wp\/v2\/media?parent=23011"}],"wp:term":[{"taxonomy":"category","embeddable":true,"href":"https:\/\/monde25.info\/index.php\/wp-json\/wp\/v2\/categories?post=23011"},{"taxonomy":"post_tag","embeddable":true,"href":"https:\/\/monde25.info\/index.php\/wp-json\/wp\/v2\/tags?post=23011"}],"curies":[{"name":"wp","href":"https:\/\/api.w.org\/{rel}","templated":true}]}}