{"id":23015,"date":"2026-01-26T16:36:34","date_gmt":"2026-01-26T15:36:34","guid":{"rendered":"https:\/\/monde25.info\/index.php\/2026\/01\/26\/la-defenseure-des-droits-denonce-lusage-des-lacrymogenes-et-lbd-sur-les-exiles-de-calais\/"},"modified":"2026-01-26T16:36:34","modified_gmt":"2026-01-26T15:36:34","slug":"la-defenseure-des-droits-denonce-lusage-des-lacrymogenes-et-lbd-sur-les-exiles-de-calais","status":"publish","type":"post","link":"https:\/\/monde25.info\/index.php\/2026\/01\/26\/la-defenseure-des-droits-denonce-lusage-des-lacrymogenes-et-lbd-sur-les-exiles-de-calais\/","title":{"rendered":"La D\u00e9fenseure des droits d\u00e9nonce l&#039;usage des lacrymog\u00e8nes et LBD sur les exil\u00e9s de Calais"},"content":{"rendered":"<p> <br \/>\n<br \/><img loading=\"lazy\" decoding=\"async\" src=\"https:\/\/reporterre.net\/local\/cache-vignettes\/L700xH467\/allcepesarebolets-1b744.jpg?1769441492\" class=\"spip_logo\" width=\"700\" height=\"467\" alt=\"\" \/><\/p>\n<p>Lanceurs de balles de d\u00e9fense, grenades lacrymog\u00e8nes, grenades de d\u00e9sencerclement\u2026 Ces armes interm\u00e9diaires auraient \u00e9t\u00e9 utilis\u00e9es contre des personnes migrantes par les forces de police alors qu&rsquo;elles \u00e9taient embarqu\u00e9es aux abords des plages, entre 2022 et 2025, d&rsquo;apr\u00e8s une d\u00e9cision de la D\u00e9fenseure des droits consult\u00e9e par le journal Le Monde. <br class=\"autobr\" \/><br \/>\nSuite \u00e0 plus de 40\u00a0signalements d&rsquo;associations de lutte pour les droits des personnes migrantes depuis 2022, Utopia\u00a056 en particulier, l&rsquo;autorit\u00e9\u00a0(\u2026)<\/p>\n<p>                    <a target=\"_blank\" href=\"https:\/\/reporterre.net\/La-Defenseure-des-droits-denonce-l-usage-des-lacrymogenes-et-LBD-sur-les-exiles-de-Calais?utm_source=RSS&amp;utm_medium=RSS\">Lire la suite<\/a><\/p>\n<p>                    &#8211;<br \/>\n                        <a target=\"_blank\" href=\"https:\/\/reporterre.net\/Breves-20\" rel=\"directory\">En bref<\/a><\/p>\n<p>                    \/<br \/>\n                        <a target=\"_blank\" href=\"https:\/\/reporterre.net\/Migrations\" rel=\"tag\">Migrations<\/a><br \/>\n<br \/><br \/>\n<br \/><a href=\"https:\/\/reporterre.net\/La-Defenseure-des-droits-denonce-l-usage-des-lacrymogenes-et-LBD-sur-les-exiles-de-Calais\" target=\"_blank\"\">Source link <\/a><\/p>\n","protected":false},"excerpt":{"rendered":"<p>Lanceurs de balles de d\u00e9fense, grenades lacrymog\u00e8nes, grenades de d\u00e9sencerclement\u2026 Ces armes interm\u00e9diaires auraient \u00e9t\u00e9 utilis\u00e9es contre des personnes migrantes par les forces de police alors qu&rsquo;elles \u00e9taient embarqu\u00e9es aux&hellip; <\/p>\n","protected":false},"author":1,"featured_media":0,"comment_status":"open","ping_status":"open","sticky":false,"template":"","format":"standard","meta":{"footnotes":""},"categories":[1],"tags":[],"class_list":["post-23015","post","type-post","status-publish","format-standard","hentry","category-non-classe"],"_links":{"self":[{"href":"https:\/\/monde25.info\/index.php\/wp-json\/wp\/v2\/posts\/23015","targetHints":{"allow":["GET"]}}],"collection":[{"href":"https:\/\/monde25.info\/index.php\/wp-json\/wp\/v2\/posts"}],"about":[{"href":"https:\/\/monde25.info\/index.php\/wp-json\/wp\/v2\/types\/post"}],"author":[{"embeddable":true,"href":"https:\/\/monde25.info\/index.php\/wp-json\/wp\/v2\/users\/1"}],"replies":[{"embeddable":true,"href":"https:\/\/monde25.info\/index.php\/wp-json\/wp\/v2\/comments?post=23015"}],"version-history":[{"count":0,"href":"https:\/\/monde25.info\/index.php\/wp-json\/wp\/v2\/posts\/23015\/revisions"}],"wp:attachment":[{"href":"https:\/\/monde25.info\/index.php\/wp-json\/wp\/v2\/media?parent=23015"}],"wp:term":[{"taxonomy":"category","embeddable":true,"href":"https:\/\/monde25.info\/index.php\/wp-json\/wp\/v2\/categories?post=23015"},{"taxonomy":"post_tag","embeddable":true,"href":"https:\/\/monde25.info\/index.php\/wp-json\/wp\/v2\/tags?post=23015"}],"curies":[{"name":"wp","href":"https:\/\/api.w.org\/{rel}","templated":true}]}}