{"id":23018,"date":"2026-01-26T17:42:37","date_gmt":"2026-01-26T16:42:37","guid":{"rendered":"https:\/\/monde25.info\/index.php\/2026\/01\/26\/lue-ne-tolerera-pas-les-comportements-insenses-des-plateformes-numeriques\/"},"modified":"2026-01-26T17:42:37","modified_gmt":"2026-01-26T16:42:37","slug":"lue-ne-tolerera-pas-les-comportements-insenses-des-plateformes-numeriques","status":"publish","type":"post","link":"https:\/\/monde25.info\/index.php\/2026\/01\/26\/lue-ne-tolerera-pas-les-comportements-insenses-des-plateformes-numeriques\/","title":{"rendered":"L&rsquo;UE \u00ab\u00a0ne tol\u00e9rera pas les comportements insens\u00e9s\u00a0\u00bb des plateformes num\u00e9riques"},"content":{"rendered":"<p> <br \/>\n<\/p>\n<div>\n<p>Von der Leyen d\u00e9cid\u00e9e \u00e0 en faire baver \u00e0 X, et \u00e0 censurer au maximum les europ\u00e9ens.<\/p>\n<p>L&rsquo;Europe ne \u00ab\u00a0tol\u00e9rera pas les comportements insens\u00e9s\u00a0\u00bb des plateformes num\u00e9riques, comme \u00ab\u00a0les fausses images d\u00e9nud\u00e9es de femmes et d&rsquo;enfants\u00a0\u00bb, a affirm\u00e9 lundi la pr\u00e9sidente de la Commission europ\u00e9enne Ursula von der Leyen, apr\u00e8s l&rsquo;ouverture d&rsquo;une enqu\u00eate visant le r\u00e9seau social X.<\/p>\n<p>\u00ab\u00a0Notre position est claire : nous ne confierons pas le consentement et la protection de l&rsquo;enfance \u00e0 des plateformes technologiques pour qu&rsquo;elles les violent et les mon\u00e9tisent\u00a0\u00bb, a assur\u00e9 la cheffe de l&rsquo;ex\u00e9cutif europ\u00e9en dans une d\u00e9claration. \u00ab\u00a0Des mesures ont \u00e9t\u00e9 prises, mais nous devons en faire plus pour prot\u00e9ger les citoyens, en ligne comme hors ligne\u00a0\u00bb, a-t-elle martel\u00e9.<\/p>\n<p>Quand protection rime avec censure, c&rsquo;est le citoyen qui paye avec toujours moins de libert\u00e9.<\/p>\n<\/div>\n<p><script>(function(d, s, id) {  var js, fjs = d.getElementsByTagName(s)[0];  if (d.getElementById(id)) return;  js = d.createElement(s); js.id = id;  js.src = \"\/\/connect.facebook.net\/fr_FR\/sdk.js#xfbml=1&version=v2.3\";  fjs.parentNode.insertBefore(js, fjs);}(document, \"script\", \"facebook-jssdk\"));<\/script><br \/>\n<br \/><br \/>\n<br \/><a href=\"https:\/\/www.francesoir.fr\/politique-monde\/l-ue-ne-tolerera-pas-les-comportements-insenses-des-plateformes-numeriques-von-der\" target=\"_blank\"\">Source link <\/a><\/p>\n","protected":false},"excerpt":{"rendered":"<p>Von der Leyen d\u00e9cid\u00e9e \u00e0 en faire baver \u00e0 X, et \u00e0 censurer au maximum les europ\u00e9ens. L&rsquo;Europe ne \u00ab\u00a0tol\u00e9rera pas les comportements insens\u00e9s\u00a0\u00bb des plateformes num\u00e9riques, comme \u00ab\u00a0les fausses&hellip; <\/p>\n","protected":false},"author":1,"featured_media":23019,"comment_status":"open","ping_status":"open","sticky":false,"template":"","format":"standard","meta":{"footnotes":""},"categories":[1],"tags":[],"class_list":["post-23018","post","type-post","status-publish","format-standard","has-post-thumbnail","hentry","category-non-classe"],"_links":{"self":[{"href":"https:\/\/monde25.info\/index.php\/wp-json\/wp\/v2\/posts\/23018","targetHints":{"allow":["GET"]}}],"collection":[{"href":"https:\/\/monde25.info\/index.php\/wp-json\/wp\/v2\/posts"}],"about":[{"href":"https:\/\/monde25.info\/index.php\/wp-json\/wp\/v2\/types\/post"}],"author":[{"embeddable":true,"href":"https:\/\/monde25.info\/index.php\/wp-json\/wp\/v2\/users\/1"}],"replies":[{"embeddable":true,"href":"https:\/\/monde25.info\/index.php\/wp-json\/wp\/v2\/comments?post=23018"}],"version-history":[{"count":0,"href":"https:\/\/monde25.info\/index.php\/wp-json\/wp\/v2\/posts\/23018\/revisions"}],"wp:featuredmedia":[{"embeddable":true,"href":"https:\/\/monde25.info\/index.php\/wp-json\/wp\/v2\/media\/23019"}],"wp:attachment":[{"href":"https:\/\/monde25.info\/index.php\/wp-json\/wp\/v2\/media?parent=23018"}],"wp:term":[{"taxonomy":"category","embeddable":true,"href":"https:\/\/monde25.info\/index.php\/wp-json\/wp\/v2\/categories?post=23018"},{"taxonomy":"post_tag","embeddable":true,"href":"https:\/\/monde25.info\/index.php\/wp-json\/wp\/v2\/tags?post=23018"}],"curies":[{"name":"wp","href":"https:\/\/api.w.org\/{rel}","templated":true}]}}