{"id":23024,"date":"2026-01-26T19:54:25","date_gmt":"2026-01-26T18:54:25","guid":{"rendered":"https:\/\/monde25.info\/index.php\/2026\/01\/26\/cosmetiques-toxiques-lue-veut-retarder-leur-retrait-du-marche\/"},"modified":"2026-01-26T19:54:25","modified_gmt":"2026-01-26T18:54:25","slug":"cosmetiques-toxiques-lue-veut-retarder-leur-retrait-du-marche","status":"publish","type":"post","link":"https:\/\/monde25.info\/index.php\/2026\/01\/26\/cosmetiques-toxiques-lue-veut-retarder-leur-retrait-du-marche\/","title":{"rendered":"Cosm\u00e9tiques toxiques\u00a0: l&#039;UE veut retarder leur retrait du march\u00e9"},"content":{"rendered":"<p> <br \/>\n<br \/><img loading=\"lazy\" decoding=\"async\" src=\"https:\/\/reporterre.net\/local\/cache-vignettes\/L700xH467\/lacremedelamort-fdfef.jpg?1769447646\" class=\"spip_logo\" width=\"700\" height=\"467\" alt=\"\" \/><\/p>\n<p>L&rsquo;association G\u00e9n\u00e9rations futures se mobilise contre un texte europ\u00e9en sur les cosm\u00e9tiques. Celui-ci veut favoriser le maintien sur le march\u00e9 de substances toxiques ou canc\u00e9rog\u00e8nes sous pr\u00e9texte de simplification. <br class=\"autobr\" \/> Une substance canc\u00e9rog\u00e8ne dans les parfums, un compos\u00e9 toxique pour la reproduction dans les cr\u00e8mes de jour\u2026 C&rsquo;est le sc\u00e9nario catastrophe contre lequel G\u00e9n\u00e9rations futures a d\u00e9cid\u00e9 de se battre. Le 26\u00a0janvier, l&rsquo;association a publi\u00e9 un rapport dans lequel elle explique comment\u00a0(\u2026)<\/p>\n<p>                    <a target=\"_blank\" href=\"https:\/\/reporterre.net\/Cosmetiques-toxiques-l-UE-veut-retarder-leur-retrait-du-marche?utm_source=RSS&amp;utm_medium=RSS\">Lire la suite<\/a><\/p>\n<p>                    &#8211;<br \/>\n                        <a target=\"_blank\" href=\"https:\/\/reporterre.net\/Autres-infos\" rel=\"directory\">Info<\/a><\/p>\n<p>                    \/<br \/>\n                        <a target=\"_blank\" href=\"https:\/\/reporterre.net\/Quotidien\" rel=\"tag\">Quotidien<\/a><br \/>\n                    ,<br \/>\n                        <a target=\"_blank\" href=\"https:\/\/reporterre.net\/Sante\" rel=\"tag\">Sant\u00e9<\/a><br \/>\n<br \/><br \/>\n<br \/><a href=\"https:\/\/reporterre.net\/Cosmetiques-toxiques-l-UE-veut-retarder-leur-retrait-du-marche\" target=\"_blank\"\">Source link <\/a><\/p>\n","protected":false},"excerpt":{"rendered":"<p>L&rsquo;association G\u00e9n\u00e9rations futures se mobilise contre un texte europ\u00e9en sur les cosm\u00e9tiques. Celui-ci veut favoriser le maintien sur le march\u00e9 de substances toxiques ou canc\u00e9rog\u00e8nes sous pr\u00e9texte de simplification. Une&hellip; <\/p>\n","protected":false},"author":1,"featured_media":0,"comment_status":"open","ping_status":"open","sticky":false,"template":"","format":"standard","meta":{"footnotes":""},"categories":[1],"tags":[],"class_list":["post-23024","post","type-post","status-publish","format-standard","hentry","category-non-classe"],"_links":{"self":[{"href":"https:\/\/monde25.info\/index.php\/wp-json\/wp\/v2\/posts\/23024","targetHints":{"allow":["GET"]}}],"collection":[{"href":"https:\/\/monde25.info\/index.php\/wp-json\/wp\/v2\/posts"}],"about":[{"href":"https:\/\/monde25.info\/index.php\/wp-json\/wp\/v2\/types\/post"}],"author":[{"embeddable":true,"href":"https:\/\/monde25.info\/index.php\/wp-json\/wp\/v2\/users\/1"}],"replies":[{"embeddable":true,"href":"https:\/\/monde25.info\/index.php\/wp-json\/wp\/v2\/comments?post=23024"}],"version-history":[{"count":0,"href":"https:\/\/monde25.info\/index.php\/wp-json\/wp\/v2\/posts\/23024\/revisions"}],"wp:attachment":[{"href":"https:\/\/monde25.info\/index.php\/wp-json\/wp\/v2\/media?parent=23024"}],"wp:term":[{"taxonomy":"category","embeddable":true,"href":"https:\/\/monde25.info\/index.php\/wp-json\/wp\/v2\/categories?post=23024"},{"taxonomy":"post_tag","embeddable":true,"href":"https:\/\/monde25.info\/index.php\/wp-json\/wp\/v2\/tags?post=23024"}],"curies":[{"name":"wp","href":"https:\/\/api.w.org\/{rel}","templated":true}]}}