{"id":23033,"date":"2026-01-26T23:11:37","date_gmt":"2026-01-26T22:11:37","guid":{"rendered":"https:\/\/monde25.info\/index.php\/2026\/01\/26\/suppression-des-zfe-long-respire-attaque-letat-en-justice-pour-manquement\/"},"modified":"2026-01-26T23:11:37","modified_gmt":"2026-01-26T22:11:37","slug":"suppression-des-zfe-long-respire-attaque-letat-en-justice-pour-manquement","status":"publish","type":"post","link":"https:\/\/monde25.info\/index.php\/2026\/01\/26\/suppression-des-zfe-long-respire-attaque-letat-en-justice-pour-manquement\/","title":{"rendered":"Suppression des ZFE\u00a0: l&#039;ONG Respire attaque l&#039;\u00c9tat en justice pour \u00ab\u00a0manquement\u00a0\u00bb"},"content":{"rendered":"<p> <br \/>\n<br \/><img loading=\"lazy\" decoding=\"async\" src=\"https:\/\/reporterre.net\/local\/cache-vignettes\/L700xH467\/img_0416-poc-5-1f87c.jpg?1769446724\" class=\"spip_logo\" width=\"700\" height=\"467\" alt=\"\" \/><\/p>\n<p>La justice offrira-t-elle un second souffle aux Zones \u00e0 faibles \u00e9missions (<span class=\"caps\">ZFE<\/span>)<small class=\"fine d-inline\">\u00a0<\/small>? Alors que la suppression de ce pilier de la lutte contre la pollution doit \u00eatre valid\u00e9e lors du vote sur le projet de loi de simplification programm\u00e9 mardi\u00a0\u00e0 l&rsquo;Assembl\u00e9e nationale et jeudi au S\u00e9nat, l&rsquo;association Respire a attaqu\u00e9 l&rsquo;\u00c9tat en justice pour \u00ab<small class=\"fine d-inline\">\u00a0<\/small>manquement<small class=\"fine d-inline\">\u00a0<\/small>\u00bb de mesures prises en \u00cele-de-France pour respecter les normes de qualit\u00e9 de l&rsquo;air. <br class=\"autobr\" \/><br \/>\nSelon Le Monde, l&rsquo;<span class=\"caps\">ONG<\/span> a engag\u00e9 une action de groupe pour\u00a0(\u2026)<\/p>\n<p>                    <a target=\"_blank\" href=\"https:\/\/reporterre.net\/Suppression-des-ZFE-l-ONG-Respire-attaque-l-Etat-en-justice-pour-manquement?utm_source=RSS&amp;utm_medium=RSS\">Lire la suite<\/a><\/p>\n<p>                    &#8211;<br \/>\n                        <a target=\"_blank\" href=\"https:\/\/reporterre.net\/Breves-20\" rel=\"directory\">En bref<\/a><\/p>\n<p>                    \/<br \/>\n                        <a target=\"_blank\" href=\"https:\/\/reporterre.net\/Pollutions\" rel=\"tag\">Pollutions<\/a><br \/>\n                    ,<br \/>\n                        <a target=\"_blank\" href=\"https:\/\/reporterre.net\/ZFE\" rel=\"tag\"><span class=\"caps\">ZFE<\/span><\/a><br \/>\n<br \/><br \/>\n<br \/><a href=\"https:\/\/reporterre.net\/Suppression-des-ZFE-l-ONG-Respire-attaque-l-Etat-en-justice-pour-manquement\" target=\"_blank\"\">Source link <\/a><\/p>\n","protected":false},"excerpt":{"rendered":"<p>La justice offrira-t-elle un second souffle aux Zones \u00e0 faibles \u00e9missions (ZFE)\u00a0? Alors que la suppression de ce pilier de la lutte contre la pollution doit \u00eatre valid\u00e9e lors du&hellip; <\/p>\n","protected":false},"author":1,"featured_media":0,"comment_status":"open","ping_status":"open","sticky":false,"template":"","format":"standard","meta":{"footnotes":""},"categories":[1],"tags":[],"class_list":["post-23033","post","type-post","status-publish","format-standard","hentry","category-non-classe"],"_links":{"self":[{"href":"https:\/\/monde25.info\/index.php\/wp-json\/wp\/v2\/posts\/23033","targetHints":{"allow":["GET"]}}],"collection":[{"href":"https:\/\/monde25.info\/index.php\/wp-json\/wp\/v2\/posts"}],"about":[{"href":"https:\/\/monde25.info\/index.php\/wp-json\/wp\/v2\/types\/post"}],"author":[{"embeddable":true,"href":"https:\/\/monde25.info\/index.php\/wp-json\/wp\/v2\/users\/1"}],"replies":[{"embeddable":true,"href":"https:\/\/monde25.info\/index.php\/wp-json\/wp\/v2\/comments?post=23033"}],"version-history":[{"count":0,"href":"https:\/\/monde25.info\/index.php\/wp-json\/wp\/v2\/posts\/23033\/revisions"}],"wp:attachment":[{"href":"https:\/\/monde25.info\/index.php\/wp-json\/wp\/v2\/media?parent=23033"}],"wp:term":[{"taxonomy":"category","embeddable":true,"href":"https:\/\/monde25.info\/index.php\/wp-json\/wp\/v2\/categories?post=23033"},{"taxonomy":"post_tag","embeddable":true,"href":"https:\/\/monde25.info\/index.php\/wp-json\/wp\/v2\/tags?post=23033"}],"curies":[{"name":"wp","href":"https:\/\/api.w.org\/{rel}","templated":true}]}}