{"id":23036,"date":"2026-01-27T00:17:35","date_gmt":"2026-01-26T23:17:35","guid":{"rendered":"https:\/\/monde25.info\/index.php\/2026\/01\/27\/le-gouvernement-inscrit-le-rythme-de-rechauffement-dans-la-reglementation\/"},"modified":"2026-01-27T00:17:35","modified_gmt":"2026-01-26T23:17:35","slug":"le-gouvernement-inscrit-le-rythme-de-rechauffement-dans-la-reglementation","status":"publish","type":"post","link":"https:\/\/monde25.info\/index.php\/2026\/01\/27\/le-gouvernement-inscrit-le-rythme-de-rechauffement-dans-la-reglementation\/","title":{"rendered":"Le gouvernement inscrit le rythme de r\u00e9chauffement dans la r\u00e9glementation"},"content":{"rendered":"<p> <br \/>\n<\/p>\n<div>\n<p>\u00a0+4\u2009\u00b0C en France m\u00e9tropolitaine \u00e0 horizon 2100, +2,7\u00b0C en Martinique, +2,9\u00b0C \u00e0 La R\u00e9union&#8230; Le gouvernement a inscrit dans la r\u00e9glementation le rythme du r\u00e9chauffement climatique, bas\u00e9 sur les projections mondiales, selon un arr\u00eat\u00e9 au Journal Officiel publi\u00e9 dimanche. Il est \u00e0 noter que ce ne sont pas celles d&rsquo;Algore en 2006.<\/p>\n<p>Attendu depuis plusieurs mois, l&rsquo;arr\u00eat\u00e9 fixant la Trajectoire de r\u00e9chauffement de r\u00e9f\u00e9rence pour l&rsquo;adaptation au changement climatique, ou Tracc, a \u00e9t\u00e9 publi\u00e9 apr\u00e8s une consultation publique lanc\u00e9e en septembre.<\/p>\n<p>Cette trajectoire s&rsquo;appuie sur les travaux des scientifiques du Groupe d&rsquo;experts intergouvernemental sur l&rsquo;\u00e9volution du climat (Giec) combin\u00e9s \u00e0 ceux des chercheurs fran\u00e7ais et de M\u00e9t\u00e9o-France.<\/p>\n<p>Pour la France m\u00e9tropolitaine le r\u00e9chauffement anticip\u00e9 dans ce document est ainsi de 2\u2009\u00b0C \u00e0 l&rsquo;horizon 2030, de 2,7\u2009\u00b0C \u00e0 l&rsquo;horizon 2050 et de 4\u2009\u00b0C \u00e0 l&rsquo;horizon 2100.<\/p>\n<p>Pour la Guadeloupe, la Martinique, Saint-Martin, le r\u00e9chauffement attendu est de 1,4\u2009\u00b0C \u00e0 l&rsquo;horizon 2030, de 1,9\u2009\u00b0C \u00e0 l&rsquo;horizon 2050, et de 2,7\u2009\u00b0C \u00e0 l&rsquo;horizon 2100.<\/p>\n<p>Pour la Guyane, il est de 1,7\u2009\u00b0C \u00e0 l&rsquo;horizon 2030, 2,3\u2009\u00b0C \u00e0 l&rsquo;horizon 2050, et 3,5\u2009\u00b0C \u00e0 l&rsquo;horizon 2100. Pour La R\u00e9union, respectivement de 1,5\u2009\u00b0C, 2\u2009\u00b0C et 2,9\u2009\u00b0C. Pour Mayotte, il est de 1,5\u2009\u00b0C, 2\u00a0\u00b0C et 3\u2009\u00b0C.<\/p>\n<p>La France, comme plus g\u00e9n\u00e9ralement l&rsquo;Europe, devrait continuer, comme c&rsquo;est d\u00e9j\u00e0 le cas aujourd&rsquo;hui, \u00e0 se r\u00e9chauffer plus rapidement que la moyenne de la plan\u00e8te, d&rsquo;apr\u00e8s les projections des climatologues.<\/p>\n<p>Il est \u00e0 remarquer que la France reprend ici une phras\u00e9ologie commune \u00e0 un certain nombre de pays comme l&rsquo;Espagne, l&rsquo;Allemagne, la Suisse, la Moldavie ou l&rsquo;Ukraine pour ne citer qu&rsquo;eux, qui n&rsquo;est pas sans rappeler un certain narratif coordonn\u00e9 similaire \u00e0 celui du COVID.<\/p>\n<p>L&rsquo;ensemble des plans, nationaux ou locaux, adopt\u00e9s pour l&rsquo;adaptation au changement climatique devraient d\u00e9sormais se fier aux m\u00eames projections de temp\u00e9ratures.<\/p>\n<\/div>\n<p><script>(function(d, s, id) {  var js, fjs = d.getElementsByTagName(s)[0];  if (d.getElementById(id)) return;  js = d.createElement(s); js.id = id;  js.src = \"\/\/connect.facebook.net\/fr_FR\/sdk.js#xfbml=1&version=v2.3\";  fjs.parentNode.insertBefore(js, fjs);}(document, \"script\", \"facebook-jssdk\"));<\/script><br \/>\n<br \/><br \/>\n<br \/><a href=\"https:\/\/www.francesoir.fr\/politique-france\/le-gouvernement-inscrit-le-rythme-de-rechauffement-dans-la-reglementation\" target=\"_blank\"\">Source link <\/a><\/p>\n","protected":false},"excerpt":{"rendered":"<p>\u00a0+4\u2009\u00b0C en France m\u00e9tropolitaine \u00e0 horizon 2100, +2,7\u00b0C en Martinique, +2,9\u00b0C \u00e0 La R\u00e9union&#8230; Le gouvernement a inscrit dans la r\u00e9glementation le rythme du r\u00e9chauffement climatique, bas\u00e9 sur les projections&hellip; <\/p>\n","protected":false},"author":1,"featured_media":23037,"comment_status":"open","ping_status":"open","sticky":false,"template":"","format":"standard","meta":{"footnotes":""},"categories":[1],"tags":[],"class_list":["post-23036","post","type-post","status-publish","format-standard","has-post-thumbnail","hentry","category-non-classe"],"_links":{"self":[{"href":"https:\/\/monde25.info\/index.php\/wp-json\/wp\/v2\/posts\/23036","targetHints":{"allow":["GET"]}}],"collection":[{"href":"https:\/\/monde25.info\/index.php\/wp-json\/wp\/v2\/posts"}],"about":[{"href":"https:\/\/monde25.info\/index.php\/wp-json\/wp\/v2\/types\/post"}],"author":[{"embeddable":true,"href":"https:\/\/monde25.info\/index.php\/wp-json\/wp\/v2\/users\/1"}],"replies":[{"embeddable":true,"href":"https:\/\/monde25.info\/index.php\/wp-json\/wp\/v2\/comments?post=23036"}],"version-history":[{"count":0,"href":"https:\/\/monde25.info\/index.php\/wp-json\/wp\/v2\/posts\/23036\/revisions"}],"wp:featuredmedia":[{"embeddable":true,"href":"https:\/\/monde25.info\/index.php\/wp-json\/wp\/v2\/media\/23037"}],"wp:attachment":[{"href":"https:\/\/monde25.info\/index.php\/wp-json\/wp\/v2\/media?parent=23036"}],"wp:term":[{"taxonomy":"category","embeddable":true,"href":"https:\/\/monde25.info\/index.php\/wp-json\/wp\/v2\/categories?post=23036"},{"taxonomy":"post_tag","embeddable":true,"href":"https:\/\/monde25.info\/index.php\/wp-json\/wp\/v2\/tags?post=23036"}],"curies":[{"name":"wp","href":"https:\/\/api.w.org\/{rel}","templated":true}]}}