{"id":2307,"date":"2024-12-16T10:48:34","date_gmt":"2024-12-16T09:48:34","guid":{"rendered":"https:\/\/monde25.info\/index.php\/2024\/12\/16\/netanyahou-affirme-avoir-change-la-face-du-moyen-orient-rt-en-francais\/"},"modified":"2024-12-16T10:48:34","modified_gmt":"2024-12-16T09:48:34","slug":"netanyahou-affirme-avoir-change-la-face-du-moyen-orient-rt-en-francais","status":"publish","type":"post","link":"https:\/\/monde25.info\/index.php\/2024\/12\/16\/netanyahou-affirme-avoir-change-la-face-du-moyen-orient-rt-en-francais\/","title":{"rendered":"Netanyahou affirme avoir chang\u00e9 la face du Moyen-Orient \u2014 RT en fran\u00e7ais"},"content":{"rendered":"<p> <br \/>\n<br \/><img decoding=\"async\" src=\"https:\/\/mf.b37mrtl.ru\/french\/images\/2024.12\/thumbnail\/675fefaa87f3ec677651aba8.jpg\" \/><\/p>\n<div>\n<p class=\"text__summary\">\n                                        Benjamin Netanyahou a affirm\u00e9 avoir chang\u00e9 la face du Moyen-Orient en luttant activement contre l&rsquo;axe iranien au Liban, \u00e0 Gaza et en Syrie. Le Premier ministre isra\u00e9lien a \u00e9galement indiqu\u00e9 s&rsquo;\u00eatre entretenu avec Donald Trump pour \u00e9voquer Gaza et la lib\u00e9ration des otages.\n                                    <\/p>\n<p>Dans <a target=\"_blank\" href=\"https:\/\/x.com\/netanyahu\/status\/1868345649806164101\" target=\"_blank\" rel=\"noopener noreferrer\">une allocution<\/a> publi\u00e9e sur la plateforme X dans la soir\u00e9e du 15 d\u00e9cembre, le Premier ministre isra\u00e9lien est revenu sur les r\u00e9cents \u00e9v\u00e8nements qui ont boulevers\u00e9 le Moyen-Orient.<\/p>\n<p data-is=\"component-paragraph\">Le Premier ministre isra\u00e9lien Benjamin Netanyahou a dress\u00e9 le bilan des r\u00e9centes \u00e9volutions r\u00e9gionales, affirmant que son pays est en train de \u00abchanger le Moyen-Orient\u00bb comme il l&rsquo;avait promis il y a un an.<\/p>\n<p data-is=\"component-paragraph\">\u00abLa Syrie n&rsquo;est pas la m\u00eame Syrie, le Liban n&rsquo;est pas le m\u00eame Liban, Gaza n&rsquo;est pas le m\u00eame Gaza, et le chef de l&rsquo;axe du mal \u2013 l&rsquo;Iran \u2013 n&rsquo;est pas le m\u00eame Iran\u00bb, a d\u00e9clar\u00e9 le Premier ministre, \u00e9voquant l&rsquo;impact des actions isra\u00e9liennes dans la r\u00e9gion.<\/p>\n<h2 data-is=\"component-paragraph\">Netanyahou s&rsquo;entretient avec Trump au sujet des otages<\/h2>\n<p data-is=\"component-paragraph\">Concernant la Syrie, le chef du Likoud a soulign\u00e9 qu&rsquo;Isra\u00ebl n&rsquo;avait \u00abaucun int\u00e9r\u00eat \u00e0 l&rsquo;affronter\u00bb, tout en rappelant le pass\u00e9 hostile de ce pays qui \u00aba permis \u00e0 l&rsquo;Iran d&rsquo;armer le Hezbollah \u00e0 travers son territoire\u00bb. En quelques jours, selon lui, Isra\u00ebl a \u00abd\u00e9truit les capacit\u00e9s que le r\u00e9gime d&rsquo;Assad avait b\u00e2ties pendant des d\u00e9cennies\u00bb pour neutraliser toute menace potentielle. En effet, l&rsquo;aviation isra\u00e9lienne a men\u00e9 des centaines de raids aux quatre coins de la Syrie pour d\u00e9truire l&rsquo;arsenal militaire de l&rsquo;ancienne arm\u00e9e arabe syrienne de Bachar el-Assad.<\/p>\n<p data-is=\"component-paragraph\">Le Premier ministre s&rsquo;est f\u00e9licit\u00e9 d&rsquo;avoir r\u00e9ussi \u00e0 couper les itin\u00e9raires d&rsquo;approvisionnement en armes vers le Hezbollah, citant les propos du secr\u00e9taire g\u00e9n\u00e9ral de l&rsquo;organisation, Na\u00efm Qassem, qui a reconnu cette perte. \u00abCes actions sont une preuve suppl\u00e9mentaire des graves dommages que nous avons inflig\u00e9s \u00e0 l&rsquo;ensemble de l&rsquo;axe iranien\u00bb, a-t-il ajout\u00e9.<\/p>\n<p data-is=\"component-paragraph\">Benjamin Netanyahou a \u00e9galement lanc\u00e9 un avertissement direct au Hezbollah et \u00e0 l&rsquo;Iran : \u00abNous continuerons d&rsquo;agir contre vous pour vous emp\u00eacher de nous nuire, dans tous les domaines et \u00e0 tout moment\u00bb. Il a r\u00e9affirm\u00e9 l&rsquo;engagement d&rsquo;Isra\u00ebl \u00e0 emp\u00eacher le r\u00e9armement du Hezbollah, le qualifiant de \u00abtest permanent\u00bb pour son pays.<\/p>\n<p data-is=\"component-paragraph\">Le Premier ministre a aussi r\u00e9v\u00e9l\u00e9 avoir discut\u00e9 avec Trump de \u00abla n\u00e9cessit\u00e9 d&rsquo;achever la victoire\u00bb, tout en reconnaissant que des d\u00e9fis persistent face \u00e0 l&rsquo;Iran, ses \u00abmandataires sanglants\u00bb et d&rsquo;autres menaces potentielles dans une \u00abr\u00e9alit\u00e9 dynamique qui change rapidement\u00bb.<\/p>\n<p data-is=\"component-paragraph\">\u00abNous avons parl\u00e9 de la n\u00e9cessit\u00e9 d&rsquo;achever la victoire d&rsquo;Isra\u00ebl et nous avons \u00e9galement longuement parl\u00e9 des efforts que nous d\u00e9ployons pour lib\u00e9rer nos otages. Je pr\u00e9cise ici que moins nous divulguons d&rsquo;informations\u00a0sur ce dossier, et plus nous lui donnons de chances d&rsquo;aboutir\u00bb, a-t-il conclu.<\/p>\n<\/div>\n<p><br \/>\n<br \/><a href=\"https:\/\/francais.rt.com\/international\/115386-netanyahou-affirme-avoir-change-face-moyen-orient\" target=\"_blank\"\">Source link <\/a><\/p>\n","protected":false},"excerpt":{"rendered":"<p>Benjamin Netanyahou a affirm\u00e9 avoir chang\u00e9 la face du Moyen-Orient en luttant activement contre l&rsquo;axe iranien au Liban, \u00e0 Gaza et en Syrie. Le Premier ministre isra\u00e9lien a \u00e9galement indiqu\u00e9&hellip; <\/p>\n","protected":false},"author":1,"featured_media":2308,"comment_status":"open","ping_status":"open","sticky":false,"template":"","format":"standard","meta":{"footnotes":""},"categories":[1],"tags":[],"class_list":["post-2307","post","type-post","status-publish","format-standard","has-post-thumbnail","hentry","category-non-classe"],"_links":{"self":[{"href":"https:\/\/monde25.info\/index.php\/wp-json\/wp\/v2\/posts\/2307","targetHints":{"allow":["GET"]}}],"collection":[{"href":"https:\/\/monde25.info\/index.php\/wp-json\/wp\/v2\/posts"}],"about":[{"href":"https:\/\/monde25.info\/index.php\/wp-json\/wp\/v2\/types\/post"}],"author":[{"embeddable":true,"href":"https:\/\/monde25.info\/index.php\/wp-json\/wp\/v2\/users\/1"}],"replies":[{"embeddable":true,"href":"https:\/\/monde25.info\/index.php\/wp-json\/wp\/v2\/comments?post=2307"}],"version-history":[{"count":0,"href":"https:\/\/monde25.info\/index.php\/wp-json\/wp\/v2\/posts\/2307\/revisions"}],"wp:featuredmedia":[{"embeddable":true,"href":"https:\/\/monde25.info\/index.php\/wp-json\/wp\/v2\/media\/2308"}],"wp:attachment":[{"href":"https:\/\/monde25.info\/index.php\/wp-json\/wp\/v2\/media?parent=2307"}],"wp:term":[{"taxonomy":"category","embeddable":true,"href":"https:\/\/monde25.info\/index.php\/wp-json\/wp\/v2\/categories?post=2307"},{"taxonomy":"post_tag","embeddable":true,"href":"https:\/\/monde25.info\/index.php\/wp-json\/wp\/v2\/tags?post=2307"}],"curies":[{"name":"wp","href":"https:\/\/api.w.org\/{rel}","templated":true}]}}