{"id":23080,"date":"2026-01-27T19:32:36","date_gmt":"2026-01-27T18:32:36","guid":{"rendered":"https:\/\/monde25.info\/index.php\/2026\/01\/27\/lettre-du-congres-juif-antisioniste-a-lassemblee-nationale\/"},"modified":"2026-01-27T19:32:36","modified_gmt":"2026-01-27T18:32:36","slug":"lettre-du-congres-juif-antisioniste-a-lassemblee-nationale","status":"publish","type":"post","link":"https:\/\/monde25.info\/index.php\/2026\/01\/27\/lettre-du-congres-juif-antisioniste-a-lassemblee-nationale\/","title":{"rendered":"Lettre du Congr\u00e8s juif antisioniste \u00e0 l&rsquo;Assembl\u00e9e nationale"},"content":{"rendered":"<p> <br \/>\n<\/p>\n<div id=\"\">\n<p>\u00ab\u00a0Madame, Monsieur le D\u00e9put\u00e9 Christine Pir\u00e8s Beaune,<\/p>\n<p>En vue du d\u00e9bat et du vote pr\u00e9vu \u00e0 l\u2019Assembl\u00e9e Nationale le lundi 26 janvier sur la <a target=\"_blank\" href=\"https:\/\/www.assemblee-nationale.fr\/dyn\/17\/dossiers\/lutter_formes_renouvelees_antisemitisme\" class=\"spip_out\" rel=\"external\">proposition de loi visant \u00e0 lutter contre les formes renouvel\u00e9es de l\u2019antis\u00e9mitisme<\/a>, vous trouverez ci-joint la lettre qui vous est adress\u00e9e par le comit\u00e9 d\u2019organisation du Congr\u00e8s juif antisioniste, appelant \u00e0 rejeter ce texte.\u00a0\u00bb<\/p>\n<p>23 janvier 2026<\/p>\n<p>Nous vous \u00e9crivons en tant qu\u2019organisateurs du Premier Congr\u00e8s juif antisioniste de Vienne, o\u00f9, en juin 2025, plus d\u2019un millier de Juifs antisionistes, issus de nombreuses organisations du monde entier, se sont r\u00e9unis pendant trois jours pour des d\u00e9bats et des discussions. Dans notre d\u00e9claration du 15 juin 2025, le Premier Congr\u00e8s juif antisioniste a clairement exprim\u00e9 sa position\u00a0:<\/p>\n<p>\u00ab\u00a0Nous condamnons sans r\u00e9serve tous les crimes de guerre commis par Isra\u00ebl depuis le 7 octobre 2023, incluant le nettoyage ethnique, l\u2019apartheid militaris\u00e9, l\u2019urbicide, la scholasticide, la medicalcide, la faim de masse utilis\u00e9e comme instrument d\u2019expulsion forc\u00e9e de plus de deux millions de Gazaouis, ainsi que le g\u00e9nocide en cours de centaines de milliers de personnes \u2014 l\u2019un des pires crimes de guerre de notre \u00e9poque. Ces actes ont d\u00e9j\u00e0 \u00e9t\u00e9 reconnus comme tels par la CPI et la CIJ, bien que l\u2019\u00c9tat d\u2019Isra\u00ebl ait rejet\u00e9 en bloc les demandes des deux tribunaux\u00a0\u00bb.<\/p>\n<p>Nous vous \u00e9crivons pour d\u00e9noncer avec la plus grande fermet\u00e9 le racisme honteux du projet de loi n\u00b0\u00a0575, qui s\u2019obstine \u00e0 amalgamer le juda\u00efsme \u2013 une religion plus ancienne que le christianisme \u2013 et le sionisme \u2013 un projet colonial supr\u00e9matiste centenaire dont la mise en \u0153uvre en Palestine a engendr\u00e9 de nombreuses atrocit\u00e9s, des crimes de guerre et des crimes contre l\u2019humanit\u00e9, notamment un g\u00e9nocide qui se poursuit encore aujourd\u2019hui.<\/p>\n<p>Cette confusion, et l\u2019obstination \u00e0 assimiler toute critique l\u00e9gitime du sionisme \u00e0 de l\u2019hostilit\u00e9 envers les Juifs, ne visent pas \u00e0 prot\u00e9ger les Juifs. Elles visent \u00e0 prot\u00e9ger les sionistes, tout en diffamant et en mettant en p\u00e9ril le bien-\u00eatre du peuple juif \u2013 dont la plupart des membres vivent hors de Palestine.<\/p>\n<p>Notre d\u00e9claration se poursuit\u00a0:<\/p>\n<p>\u00ab\u00a0Nous rejetons cat\u00e9goriquement l\u2019affirmation selon laquelle Isra\u00ebl agit au nom des Juifs, ou que tous les Juifs soutiennent ses actes criminels. Nous appelons les Juifs du monde entier \u00e0 s\u2019\u00e9lever contre l\u2019\u00c9tat sioniste \u2014 \u00e0 refuser sa l\u00e9gitimit\u00e9 et \u00e0 exiger l\u2019arr\u00eat imm\u00e9diat de ses actions criminelles et abjectes. Cela inclut le soutien au mouvement BDS et la rupture des liens culturels, politiques et institutionnels avec Isra\u00ebl, jusqu\u2019\u00e0 ce qu\u2019il r\u00e9ponde aux conditions susmentionn\u00e9es. Isra\u00ebl et le sionisme sont ill\u00e9gaux et immoraux tout en pr\u00e9tendant agir au nom des Juifs \u2014 mettant d\u00e8s lors tous les Juifs en danger. Cette pr\u00e9tention que les Juifs soutiennent intrins\u00e8quement Isra\u00ebl et son \u00c9tat abject constitue un v\u00e9ritable antis\u00e9mitisme.\u00a0\u00bb<\/p>\n<p>Le sionisme est une id\u00e9ologie raciste et une pratique brutale et g\u00e9nocidaire. En tant que Juifs antisionistes, nous avons le devoir moral, humain et politique de condamner, de nous opposer et de d\u00e9noncer les crimes contre l\u2019humanit\u00e9 commis par des Juifs et en leur nom, ainsi que ceux perp\u00e9tr\u00e9s au nom du juda\u00efsme. Nombre d\u2019entre nous descendons de Juifs ayant surv\u00e9cu \u00e0 l\u2019Holocauste nazi et sommes fondamentalement oppos\u00e9s \u00e0 la brutalit\u00e9 nazie employ\u00e9e par Isra\u00ebl contre les Palestiniens. Nous ne nous opposons pas seulement \u00e0 Isra\u00ebl, mais aussi \u00e0 tous les pays occidentaux qui le soutiennent et l\u2019encouragent dans ses crimes. Nous estimons que la R\u00e9publique fran\u00e7aise porte une responsabilit\u00e9 historique, depuis la R\u00e9volution fran\u00e7aise, en mati\u00e8re de libert\u00e9s civiques et politiques et de droits humains, responsabilit\u00e9 que le projet de loi propos\u00e9 non seulement conteste, mais an\u00e9antit de fait.<\/p>\n<p>Il existe d\u2019innombrables antisionistes \u00e0 travers le monde, maintenant que le caract\u00e8re g\u00e9nocidaire d\u2019Isra\u00ebl est si clairement \u00e9tabli, et nombre d\u2019entre eux sont juifs. C\u2019est pourquoi nous avons cr\u00e9\u00e9 le Congr\u00e8s juif antisioniste\u00a0: pour rassembler les repr\u00e9sentants de ces nombreuses personnes du monde entier, afin de nous unir et de lutter fermement contre le sionisme raciste, comme nous l\u2019avons fait contre l\u2019apartheid raciste sud-africain.<\/p>\n<p>Contrairement \u00e0 la mont\u00e9e du racisme \u2013 qu\u2019il vise les musulmans, les juifs, les personnes de couleur ou d\u2019autres \u2013 qui doit \u00eatre combattue, la mont\u00e9e du sentiment antisioniste est un ph\u00e9nom\u00e8ne n\u00e9cessaire et bienvenu qu\u2019il convient d\u2019accueillir et d\u2019encourager. La plupart des gens \u00e0 travers le monde comprennent que la lutte pour la Palestine est en r\u00e9alit\u00e9 la lutte pour l\u2019humanit\u00e9. Comme ce fut le cas dans la lutte contre le nazisme-fascisme, la lutte contre le sionisme vise \u00e0 affirmer et \u00e0 ch\u00e9rir notre humanit\u00e9 commune.<\/p>\n<p>La pr\u00e9tendue \u00ab\u00a0d\u00e9finition de l\u2019IHRA\u00a0\u00bb est un raisonnement profond\u00e9ment erron\u00e9. Elle est formul\u00e9e de mani\u00e8re cyclique, \u00e0 l\u2019aide d\u2019\u00ab\u00a0exemples\u00a0\u00bb, ce qui ne fait qu\u2019amalgamer juda\u00efsme et sionisme, assimilant ainsi l\u2019antisionisme l\u00e9gitime au racisme de l\u2019antis\u00e9mitisme. Cette \u00ab\u00a0d\u00e9finition de l\u2019IHRA\u00a0\u00bb sert \u00e0 justifier les brutalit\u00e9s et la supr\u00e9matie isra\u00e9liennes et doit \u00eatre rejet\u00e9e. Elle est instrumentalis\u00e9e pour r\u00e9duire au silence tous les d\u00e9fenseurs des droits humains et des libert\u00e9s, comme nous et bien d\u2019autres. Son utilisation, \u00e0 l\u2019instar de celle pr\u00e9vue par le projet de loi n\u00b0\u00a0575, entra\u00eenera une recrudescence de l\u2019antis\u00e9mitisme en France, en raison de l\u2019injustice qu\u2019elle rec\u00e8le, et contrecarrera donc son objectif affich\u00e9 de lutte contre l\u2019antis\u00e9mitisme. De fait, la \u00ab\u00a0d\u00e9finition de l\u2019IHRA\u00a0\u00bb est si erron\u00e9e que l\u2019un de ses principaux auteurs, Kenneth Stern, avait mis en garde contre son utilisation abusive d\u00e8s l\u2019introduction de ces \u00ab\u00a0exemples\u00a0\u00bb suppl\u00e9mentaires.<\/p>\n<p>Pour toutes ces raisons, et bien d\u2019autres encore, ce projet de loi est une absurdit\u00e9 qui doit \u00eatre rejet\u00e9e par le Parlement. Non seulement pour le bien des Palestiniens, non seulement pour le bien des Juifs ou des Musulmans, mais pour le bien des valeurs m\u00eames qui nous sont ch\u00e8res en tant que soci\u00e9t\u00e9 et qui nous ont \u00e9t\u00e9 l\u00e9gu\u00e9es par la R\u00e9volution fran\u00e7aise\u00a0: la libert\u00e9, l\u2019\u00e9galit\u00e9 et la fraternit\u00e9. Au nom de la R\u00e9volution fran\u00e7aise, au nom de notre humanit\u00e9 commune, ce projet de loi doit \u00eatre rejet\u00e9.<\/p>\n<p>Bien cordialement,<\/p>\n<p>Ronnie Barkan<br class=\"autobr\"\/><br \/>\nDalia Sarig<br class=\"autobr\"\/><br \/>\nHaim Bresheeth-\u017dabner<\/p>\n<\/div>\n<p><br \/>\n<br \/><a href=\"https:\/\/www.legrandsoir.info\/loi-yadan-lettre-du-congres-juif-antisioniste-a-l-assemblee-nationale.html\" target=\"_blank\"\">Source link <\/a><\/p>\n","protected":false},"excerpt":{"rendered":"<p>\u00ab\u00a0Madame, Monsieur le D\u00e9put\u00e9 Christine Pir\u00e8s Beaune, En vue du d\u00e9bat et du vote pr\u00e9vu \u00e0 l\u2019Assembl\u00e9e Nationale le lundi 26 janvier sur la proposition de loi visant \u00e0 lutter&hellip; <\/p>\n","protected":false},"author":1,"featured_media":23081,"comment_status":"open","ping_status":"open","sticky":false,"template":"","format":"standard","meta":{"footnotes":""},"categories":[1],"tags":[],"class_list":["post-23080","post","type-post","status-publish","format-standard","has-post-thumbnail","hentry","category-non-classe"],"_links":{"self":[{"href":"https:\/\/monde25.info\/index.php\/wp-json\/wp\/v2\/posts\/23080","targetHints":{"allow":["GET"]}}],"collection":[{"href":"https:\/\/monde25.info\/index.php\/wp-json\/wp\/v2\/posts"}],"about":[{"href":"https:\/\/monde25.info\/index.php\/wp-json\/wp\/v2\/types\/post"}],"author":[{"embeddable":true,"href":"https:\/\/monde25.info\/index.php\/wp-json\/wp\/v2\/users\/1"}],"replies":[{"embeddable":true,"href":"https:\/\/monde25.info\/index.php\/wp-json\/wp\/v2\/comments?post=23080"}],"version-history":[{"count":0,"href":"https:\/\/monde25.info\/index.php\/wp-json\/wp\/v2\/posts\/23080\/revisions"}],"wp:featuredmedia":[{"embeddable":true,"href":"https:\/\/monde25.info\/index.php\/wp-json\/wp\/v2\/media\/23081"}],"wp:attachment":[{"href":"https:\/\/monde25.info\/index.php\/wp-json\/wp\/v2\/media?parent=23080"}],"wp:term":[{"taxonomy":"category","embeddable":true,"href":"https:\/\/monde25.info\/index.php\/wp-json\/wp\/v2\/categories?post=23080"},{"taxonomy":"post_tag","embeddable":true,"href":"https:\/\/monde25.info\/index.php\/wp-json\/wp\/v2\/tags?post=23080"}],"curies":[{"name":"wp","href":"https:\/\/api.w.org\/{rel}","templated":true}]}}