{"id":23082,"date":"2026-01-27T20:38:35","date_gmt":"2026-01-27T19:38:35","guid":{"rendered":"https:\/\/monde25.info\/index.php\/2026\/01\/27\/35-etudiants-dagroparistech-exclus-15-jours-apres-une-mobilisation-contre-lagro-industrie\/"},"modified":"2026-01-27T20:38:35","modified_gmt":"2026-01-27T19:38:35","slug":"35-etudiants-dagroparistech-exclus-15-jours-apres-une-mobilisation-contre-lagro-industrie","status":"publish","type":"post","link":"https:\/\/monde25.info\/index.php\/2026\/01\/27\/35-etudiants-dagroparistech-exclus-15-jours-apres-une-mobilisation-contre-lagro-industrie\/","title":{"rendered":"35 \u00e9tudiants d&#039;AgroParisTech exclus 15 jours apr\u00e8s une mobilisation contre l&#039;agro-industrie"},"content":{"rendered":"<p> <br \/>\n<br \/><img loading=\"lazy\" decoding=\"async\" src=\"https:\/\/reporterre.net\/local\/cache-vignettes\/L700xH467\/15_-_les_salles_de_classe_se_transforment_en_dortoirs_pour_les_occupants__resized-8eb02.jpg?1769532996\" class=\"spip_logo\" width=\"700\" height=\"467\" alt=\"\" \/><\/p>\n<p>\u00c9vacuation polici\u00e8re, exclusions, \u00ab<small class=\"fine d-inline\">\u00a0<\/small>suites disciplinaires<small class=\"fine d-inline\">\u00a0<\/small>\u00bb annonc\u00e9es\u2026 Les mesures punitives pleuvent sur les \u00e9tudiants du campus Palaiseau d&rsquo;AgroParisTech. 35 \u00e9tudiants de la prestigieuse \u00e9cole d&rsquo;agronomie ont \u00e9t\u00e9 exclus quinze jours, du 26\u00a0janvier au 10\u00a0f\u00e9vrier, apr\u00e8s une mobilisation de quatre jours dans les deux b\u00e2timents principaux du campus, selon le collectif Agro en lutte. <br class=\"autobr\" \/><br \/>\nParmi les revendications principales du mouvement\u00a0: la contestation du trait\u00e9 de libre-\u00e9change entre l&rsquo;Union\u00a0(\u2026)<\/p>\n<p>                    <a target=\"_blank\" href=\"https:\/\/reporterre.net\/35-etudiants-d-AgroParisTech-exclus-15-jours-apres-une-mobilisation-contre-l-agro-industrie?utm_source=RSS&amp;utm_medium=RSS\">Lire la suite<\/a><\/p>\n<p>                    &#8211;<br \/>\n                        <a target=\"_blank\" href=\"https:\/\/reporterre.net\/Breves-20\" rel=\"directory\">En bref<\/a><\/p>\n<p>                    \/<br \/>\n                        <a target=\"_blank\" href=\"https:\/\/reporterre.net\/Agriculture\" rel=\"tag\">Agriculture<\/a><br \/>\n                    ,<br \/>\n                        <a target=\"_blank\" href=\"https:\/\/reporterre.net\/Libertes-46\" rel=\"tag\">Libert\u00e9s<\/a><br \/>\n<br \/><br \/>\n<br \/><a href=\"https:\/\/reporterre.net\/35-etudiants-d-AgroParisTech-exclus-15-jours-apres-une-mobilisation-contre-l-agro-industrie\" target=\"_blank\"\">Source link <\/a><\/p>\n","protected":false},"excerpt":{"rendered":"<p>\u00c9vacuation polici\u00e8re, exclusions, \u00ab\u00a0suites disciplinaires\u00a0\u00bb annonc\u00e9es\u2026 Les mesures punitives pleuvent sur les \u00e9tudiants du campus Palaiseau d&rsquo;AgroParisTech. 35 \u00e9tudiants de la prestigieuse \u00e9cole d&rsquo;agronomie ont \u00e9t\u00e9 exclus quinze jours, du&hellip; <\/p>\n","protected":false},"author":1,"featured_media":0,"comment_status":"open","ping_status":"open","sticky":false,"template":"","format":"standard","meta":{"footnotes":""},"categories":[1],"tags":[],"class_list":["post-23082","post","type-post","status-publish","format-standard","hentry","category-non-classe"],"_links":{"self":[{"href":"https:\/\/monde25.info\/index.php\/wp-json\/wp\/v2\/posts\/23082","targetHints":{"allow":["GET"]}}],"collection":[{"href":"https:\/\/monde25.info\/index.php\/wp-json\/wp\/v2\/posts"}],"about":[{"href":"https:\/\/monde25.info\/index.php\/wp-json\/wp\/v2\/types\/post"}],"author":[{"embeddable":true,"href":"https:\/\/monde25.info\/index.php\/wp-json\/wp\/v2\/users\/1"}],"replies":[{"embeddable":true,"href":"https:\/\/monde25.info\/index.php\/wp-json\/wp\/v2\/comments?post=23082"}],"version-history":[{"count":0,"href":"https:\/\/monde25.info\/index.php\/wp-json\/wp\/v2\/posts\/23082\/revisions"}],"wp:attachment":[{"href":"https:\/\/monde25.info\/index.php\/wp-json\/wp\/v2\/media?parent=23082"}],"wp:term":[{"taxonomy":"category","embeddable":true,"href":"https:\/\/monde25.info\/index.php\/wp-json\/wp\/v2\/categories?post=23082"},{"taxonomy":"post_tag","embeddable":true,"href":"https:\/\/monde25.info\/index.php\/wp-json\/wp\/v2\/tags?post=23082"}],"curies":[{"name":"wp","href":"https:\/\/api.w.org\/{rel}","templated":true}]}}