{"id":23088,"date":"2026-01-27T22:50:37","date_gmt":"2026-01-27T21:50:37","guid":{"rendered":"https:\/\/monde25.info\/index.php\/2026\/01\/27\/face-a-lempire-la-presidente-delcy-rodriguez-coude-a-coude-avec-les-travailleurs-du-venezuela\/"},"modified":"2026-01-27T22:50:37","modified_gmt":"2026-01-27T21:50:37","slug":"face-a-lempire-la-presidente-delcy-rodriguez-coude-a-coude-avec-les-travailleurs-du-venezuela","status":"publish","type":"post","link":"https:\/\/monde25.info\/index.php\/2026\/01\/27\/face-a-lempire-la-presidente-delcy-rodriguez-coude-a-coude-avec-les-travailleurs-du-venezuela\/","title":{"rendered":"Face \u00e0 l&rsquo;Empire, la pr\u00e9sidente Delcy Rodriguez coude \u00e0 coude avec les travailleurs du Venezuela"},"content":{"rendered":"<p> <br \/>\n<\/p>\n<div style=\"word-wrap:break-word;\">\n<p>\u00ab\u00a0Les ordres de Washington aux politiques v\u00e9n\u00e9zu\u00e9liens, \u00e7a suffit. C\u2019est la politique v\u00e9n\u00e9zu\u00e9lienne qui r\u00e9soudra nos divergences et nos conflits internes. Nous en avons assez des diktats de puissances \u00e9trang\u00e8res. Notre r\u00e9publique a d\u00e9j\u00e0 assez souffert des cons\u00e9quences du fascisme et de l\u2019extr\u00e9misme\u00a0\u00bb. Ainsi parle Delcy Rodriguez, la pr\u00e9sidente par int\u00e9rim du Venezuela, <a target=\"_blank\" href=\"https:\/\/www.instagram.com\/reels\/DT-rd25jgRN\/\" class=\"spip_out\" rel=\"external\">aux travailleurs p\u00e9troliers<\/a> de l\u2019\u00c9tat d\u2019Anzoategui, le 25 janvier, dans l\u2019Est du pays.<\/p>\n<p>Et d\u2019annoncer la cr\u00e9ation d\u2019un nouveau fonds \u00e9conomique sp\u00e9cialement con\u00e7u pour am\u00e9liorer les revenus de la classe ouvri\u00e8re v\u00e9n\u00e9zu\u00e9lienne. Les instructions directes \u00e0 la vice-pr\u00e9sidence de l\u2019\u00e9conomie visent \u00e0 r\u00e9unir les fonds n\u00e9cessaires \u00e0 renforcer le pouvoir d\u2019achat et d\u2019offrir une meilleure protection sociale aux travailleurs. Cette mesure s\u2019accompagnera d\u2019innovations num\u00e9riques. Une nouvelle plateforme technologique succ\u00e8dera \u00e0 la <a target=\"_blank\" href=\"https:\/\/venezuelainfos.wordpress.com\/2020\/05\/09\/comment-une-plate-forme-en-ligne-a-t-elle-aide-a-combattre-le-covid-19-au-venezuela-par-jessica-dos-santos-rt\/\" class=\"spip_out\" rel=\"external\">Plate-forme Patria<\/a>, pour garantir que ces ressources parviennent efficacement aux b\u00e9n\u00e9ficiaires, et ajuster les politiques salariales et les primes en faveur du bien-\u00eatre des travailleurs. Trump cherche \u00e0 pr\u00e9senter comme une victoire le fait qu\u2019il a renou\u00e9 avec les accords p\u00e9troliers \u00e9labor\u00e9s sous la pr\u00e9sidence de Maduro, et qu\u2019il avait lui-m\u00eame bloqu\u00e9s en multipliant les sanctions sous la pression de l\u2019extr\u00eame droite \u00e9tats-unienne. Delcy Rodriguez a expliqu\u00e9 que l\u2019achat de p\u00e9trole v\u00e9n\u00e9zu\u00e9lien servira en priorit\u00e9 \u00e0 prot\u00e9ger les revenus des travailleurs.<\/p>\n<div class=\"spip_document_40097 spip_document spip_documents spip_document_image spip_documents_center spip_document_center\">\n<figure class=\"spip_doc_inner\">\n<p> <a target=\"_blank\" href=\"https:\/\/www.legrandsoir.info\/IMG\/webp\/622056708_1486737753453837_1847074922249124945_n.webp\" class=\"spip_doc_lien mediabox\" type=\"image\/webp\"><br \/>\n\t\t<img loading=\"lazy\" decoding=\"async\" src=\"https:\/\/www.legrandsoir.info\/local\/cache-vignettes\/L886xH600\/622056708_1486737753453837_1847074922249124945_n-28c09.webp?1769523486\" width=\"886\" height=\"600\" alt=\"\"\/><\/a><br \/>\n<\/figure>\n<\/div>\n<p>Elle poursuit ainsi les politiques protectrices mises en place par le pr\u00e9sident \u2013 et ex-syndicaliste\u00a0-, Nicolas Maduro, pour lutter contre les plus de mille sanctions et le blocus des USA et de l\u2019UE. Un des rares chefs d\u2019\u00c9tat \u00e0 n\u2019avoir pas c\u00e9d\u00e9 aux sir\u00e8nes de l\u2019aust\u00e9rit\u00e9. Lorsqu\u2019il a commenc\u00e9 par augmenter p\u00e9riodiquement les salaires de 25% ou de 50%, le secteur priv\u00e9 annulait ces hausses en augmentant ses prix dans la m\u00eame proportion. Face \u00e0 la spirale inflationniste, Maduro a d\u00e9cid\u00e9 de r\u00e9activer l\u2019appareil productif national, gr\u00e2ce aux alliances multipolaires. Non seulement pour s\u2019\u00e9loigner de la rente p\u00e9troli\u00e8re, mais aussi pour renflouer les caisses de l\u2019\u00c9tat, notamment en taxant les plus riches. La Banque Centrale a ainsi commenc\u00e9 \u00e0 r\u00e9cup\u00e9rer de pr\u00e9cieuses ressources pour intervenir sur le march\u00e9 des changes et d\u00e9fendre la monnaie. Objectif\u00a0: reconstruire les services publics et r\u00e9augmenter peu \u00e0 peu les allocations des travailleurs, tout en limitant l\u2019inflation qui les annule. Une strat\u00e9gie \u00e0 la chinoise\u00a0: maintenir et renforcer l\u2019\u00c9tat comme acteur strat\u00e9gique de l\u2019\u00e9conomie.<\/p>\n<p>R\u00e9sultat\u00a0: la CEPAL (ONU) indique que depuis quatre ans le Venezuela connait <a target=\"_blank\" href=\"https:\/\/www.nodal.am\/2025\/12\/cepal-venezuela-lidera-el-crecimiento-de-latinoamerica-en-2025\/\" class=\"spip_out\" rel=\"external\">la plus forte croissance<\/a> (6,5\u00a0%) de l\u2019Am\u00e9rique du Sud. Pour la premi\u00e8re fois en 150 ans d\u2019histoire p\u00e9troli\u00e8re, le pays <a target=\"_blank\" href=\"https:\/\/www.minpal.gob.ve\/?p=44669\" class=\"spip_out\" rel=\"external\">fr\u00f4le la souverainet\u00e9 alimentaire<\/a> et produit presque 100\u00a0% des denr\u00e9es qu\u2019il consomme.<\/p>\n<p>Quand, en f\u00e9vrier 2025, Donald Trump a r\u00e9voqu\u00e9 la licence de Chevron pour serrer un peu plus \u00e0 la gorge l\u2019\u00e9conomie du Venezuela, Maduro a r\u00e9pondu en \u00e9tendant le march\u00e9 vers l\u2019Asie et en remettant le logement num\u00e9ro 5 millions 258 milles \u00e0 une famille populaire. Le 1er mai 2025, il augmente \u00ab\u00a0l\u2019allocation contre la guerre \u00e9conomique\u00a0\u00bb de 90 \u00e0 120 dollars pour 20 millions de familles. Point important lorsqu\u2019on \u00e9tudie le pouvoir d\u2019achat au Venezuela\u00a0: malgr\u00e9 les sanctions occidentales, et \u00e0 la diff\u00e9rence de r\u00e9gimes n\u00e9olib\u00e9raux, les services publics et les biens de premi\u00e8re n\u00e9cessit\u00e9 sont tr\u00e8s bon march\u00e9 au Venezuela. Essence subventionn\u00e9e, la moins ch\u00e8re du monde (0.5\u00a0$\/ le litre), eau, gaz, \u00e9lectricit\u00e9, internet, m\u00e9tro, etc&#8230; sont accessibles \u00e0 bas prix. Les aliments remis mensuellement par le gouvernement \u00e0 la population en r\u00e9ponse au blocus, ne co\u00fbtent que 5\u00a0% du prix du march\u00e9. De nombreux centres de sant\u00e9, tout comme l\u2019enseignement public et la culture, fonctionnent gratuitement.<\/p>\n<p>Alors qu\u2019en Occident, un nombre croissant de familles n\u2019arrivent plus \u00e0 boucler leur fin de mois, les travailleurs du Venezuela affluent dans les commerces et les \u00ab\u00a0emprendimientos\u00a0\u00bb qui s\u2019ouvrent tous les jours. Caracas est envahie par la musique commerciale et des bouchons se forment tr\u00e8s t\u00f4t autour des <a target=\"_blank\" href=\"https:\/\/www.legrandsoir.info\/etre-la-bas-au-venezuela.html\">malls g\u00e9ants<\/a>. Des milliers de migrants v\u00e9n\u00e9zu\u00e9liens ont fui l\u2019appauvrissement qu\u2019ils subissent dans les \u00ab\u00a0pays d\u2019accueil\u00a0\u00bb et sont rentr\u00e9s au pays gr\u00e2ce \u00e0 la compagnie a\u00e9rienne <a target=\"_blank\" href=\"https:\/\/venezuelainfos.wordpress.com\/2020\/10\/05\/le-venezuela-seul-en-amerique-latine-a-creer-un-programme-de-rapatriement-en-pleine-pandemie\/\" class=\"spip_out\" rel=\"external\">publique et gratuite<\/a>, bien avant les expulsions et les violations des droits humains commises par le r\u00e9gime Trump.<\/p>\n<div class=\"spip_document_40090 spip_document spip_documents spip_document_image spip_documents_center spip_document_center\">\n<figure class=\"spip_doc_inner\">\n<p> <a target=\"_blank\" href=\"https:\/\/www.legrandsoir.info\/IMG\/webp\/41175_1_621758559_2195586184534362_7327753785959080598_n.webp\" class=\"spip_doc_lien mediabox\" type=\"image\/webp\"><br \/>\n\t\t<img loading=\"lazy\" decoding=\"async\" src=\"https:\/\/www.legrandsoir.info\/local\/cache-vignettes\/L900xH600\/41175_1_621758559_2195586184534362_7327753785959080598_n-74aa4.webp?1769523313\" width=\"900\" height=\"600\" alt=\"\"\/><\/a><br \/>\n<\/figure>\n<\/div>\n<div class=\"spip_document_40091 spip_document spip_documents spip_document_image spip_documents_center spip_document_center\">\n<figure class=\"spip_doc_inner\">\n<p> <a target=\"_blank\" href=\"https:\/\/www.legrandsoir.info\/IMG\/webp\/41175_2_621766038_2195586074534373_2717813824702947595_n.webp\" class=\"spip_doc_lien mediabox\" type=\"image\/webp\"><br \/>\n\t\t<img loading=\"lazy\" decoding=\"async\" src=\"https:\/\/www.legrandsoir.info\/local\/cache-vignettes\/L899xH600\/41175_2_621766038_2195586074534373_2717813824702947595_n-377e9.webp?1769523313\" width=\"899\" height=\"600\" alt=\"\"\/><\/a><br \/>\n<\/figure>\n<\/div>\n<div class=\"spip_document_40092 spip_document spip_documents spip_document_image spip_documents_center spip_document_center\">\n<figure class=\"spip_doc_inner\">\n<p> <a target=\"_blank\" href=\"https:\/\/www.legrandsoir.info\/IMG\/webp\/41175_3_619847841_2195585911201056_8002286644375833649_n.webp\" class=\"spip_doc_lien mediabox\" type=\"image\/webp\"><br \/>\n\t\t<img loading=\"lazy\" decoding=\"async\" src=\"https:\/\/www.legrandsoir.info\/local\/cache-vignettes\/L900xH600\/41175_3_619847841_2195585911201056_8002286644375833649_n-2fb0e.webp?1769523313\" width=\"900\" height=\"600\" alt=\"\"\/><\/a><br \/>\n<\/figure>\n<\/div>\n<div class=\"spip_document_40093 spip_document spip_documents spip_document_image spip_documents_center spip_document_center\">\n<figure class=\"spip_doc_inner\">\n<p> <a target=\"_blank\" href=\"https:\/\/www.legrandsoir.info\/IMG\/webp\/41175_4_616078058_2187628228663491_7392247483829715854_n.webp\" class=\"spip_doc_lien mediabox\" type=\"image\/webp\"><br \/>\n\t\t<img loading=\"lazy\" decoding=\"async\" src=\"https:\/\/www.legrandsoir.info\/local\/cache-vignettes\/L900xH600\/41175_4_616078058_2187628228663491_7392247483829715854_n-bf231.webp?1769523313\" width=\"900\" height=\"600\" alt=\"\"\/><\/a><br \/>\n<\/figure>\n<\/div>\n<p><center><i>Mobilisations de travailleur(se)s dans les rues de Caracas<br \/>pour exiger la lib\u00e9ration du pr\u00e9sident Maduro et de son \u00e9pouse, les 15 et 23 janvier 2026.<\/i><\/center><\/p>\n<p>\u00ab\u00a0Le peuple v\u00e9n\u00e9zu\u00e9lien n\u2019accepte aucun ordre venant de l\u2019ext\u00e9rieur. Le peuple v\u00e9n\u00e9zu\u00e9lien a un gouvernement et ce gouvernement ob\u00e9it au peuple. C\u2019est la r\u00e9ciprocit\u00e9 qui caract\u00e9rise la relation entre le peuple v\u00e9n\u00e9zu\u00e9lien, ses autorit\u00e9s et ses institutions\u00a0\u00bb, a poursuivi Delcy Rodriguez lors de la r\u00e9union avec les <a target=\"_blank\" href=\"https:\/\/www.globovision.com\/nacional\/50924\/delcy-rodriguez-reforma-de-la-ley-de-hidrocarburos-busca-transformar-recursos-petroleros-en-y-salud\" class=\"spip_out\" rel=\"external\">autorit\u00e9s du secteur \u00e9nerg\u00e9tique<\/a>, du pouvoir l\u00e9gislatif et des entrepreneurs nationaux et \u00e9trangers pour aborder la consultation publique sur la r\u00e9forme partielle de la loi organique sur les hydrocarbures\u00a0: \u00ab\u00a0Nous n\u2019avons pas peur non plus d\u2019entretenir des relations respectueuses avec les \u00c9tats-Unis, mais celles-ci doivent \u00eatre fond\u00e9es sur le respect, le respect du droit international, le respect humain minimal dans les relations interpersonnelles et le respect de la dignit\u00e9 et de l\u2019histoire du Venezuela. Quant aux menaces personnelles que je re\u00e7ois, je tiens \u00e0 vous faire savoir que j\u2019en avais d\u00e9j\u00e0 conscience lorsque j\u2019ai pris mes fonctions\u00a0\u00bb.<\/p>\n<p>D\u00e8s les premi\u00e8res heures qui ont suivi l\u2019enl\u00e8vement du pr\u00e9sident Maduro et de son \u00e9pouse, et sans rien conna\u00eetre du Venezuela, de nombreux militant(e)s de gauche se sont convertis en \u00ab\u00a0bots\u00a0\u00bb de la guerre psychologique \u00e9tats-unienne. Le refrain \u00ab\u00a0Delcy-a-trahi-Maduro\u00a0\u00bb a \u00e9t\u00e9 martel\u00e9 sur tous les tons, avec docilit\u00e9, f\u00e9brilit\u00e9, comme s\u2019il s\u2019agissait d\u2019une v\u00e9rit\u00e9. L\u2019intensit\u00e9 du bombardement des r\u00e9seaux et des m\u00e9dias aurait pu \u00e9veiller leurs doutes, mais il semble qu\u2019en 2026 la capacit\u00e9 de r\u00e9sister aux r\u00e9seaux et aux m\u00e9dias se soit encore \u00e9rod\u00e9e.<\/p>\n<p>Depuis Caracas, le journaliste ind\u00e9pendant Craig Murray <a target=\"_blank\" href=\"https:\/\/www.legrandsoir.info\/etre-la-bas-au-venezuela.html\">d\u00e9monte ce r\u00e9cit<\/a> que les empires m\u00e9diatiques se sont d\u00e9sesp\u00e9r\u00e9ment efforc\u00e9s de nous faire croire\u00a0:<\/p>\n<blockquote class=\"spip\">\n<p>\u00ab\u00a0Ce n\u2019est pas ce que Maduro et sa famille croient, qui demandent d\u2019appuyer Delcy. Ce n\u2019est pas ce que son parti croit, et je n\u2019ai trouv\u00e9 aucune indication, m\u00eame minime, que quiconque y croie au Venezuela.<\/p>\n<p>Le Guardian, journal affili\u00e9 aux services de renseignement, a publi\u00e9 son cinqui\u00e8me article reprenant cette all\u00e9gation, le pr\u00e9sentant comme un scoop majeur et faisant la une. Pourtant, toutes les sources de l\u2019article du Guardian sont toujours les m\u00eames\u00a0: des sources gouvernementales am\u00e9ricaines ou des partisans de Machado issus de la riche communaut\u00e9 de Miami, compos\u00e9e de capitalistes exil\u00e9s.<\/p>\n<p>Ce qui est int\u00e9ressant, c\u2019est pourquoi les services de s\u00e9curit\u00e9 veulent vous faire croire que Delcy Rodr\u00edguez et son fr\u00e8re Jorge, pr\u00e9sident de l\u2019Assembl\u00e9e nationale, sont des agents des \u00c9tats-Unis. L\u2019opposition \u00e0 l\u2019imp\u00e9rialisme \u00e9tats-unien a marqu\u00e9 toute leur vie depuis que leur p\u00e8re a \u00e9t\u00e9 tortur\u00e9 \u00e0 mort sur ordre de la CIA alors qu\u2019ils \u00e9taient b\u00e9b\u00e9s. Tous deux affichent ouvertement leur soutien \u00e0 la r\u00e9volution bolivarienne et, personnellement, \u00e0 Maduro.<\/p>\n<p>Le motif \u00e9vident est de diviser et d\u2019affaiblir le parti au pouvoir \u00e0 Caracas et de d\u00e9stabiliser le gouvernement v\u00e9n\u00e9zu\u00e9lien.\u00a0\u00bb<\/p>\n<\/blockquote>\n<p>L\u2019appui des travailleurs v\u00e9n\u00e9zu\u00e9liens, sortis en masse dans la rue avec leurs organisations pour exiger la lib\u00e9ration de Nicolas Maduro et Cilia flores, est renforc\u00e9 par celui de puissants mouvements du Sud global. Comme le Mouvement des Travailleurs Sans Terre, fort de pr\u00e8s de deux millions de militant(e)s, <a target=\"_blank\" href=\"https:\/\/mst.org.br\/2026\/01\/22\/ato-em-solidariedade-a-venezuela-reune-mais-de-3-mil-pessoas-do-mst-no-pelourinho-ba\/\" class=\"spip_out\" rel=\"external\">tr\u00e8s mobilis\u00e9 au Br\u00e9sil<\/a>, ou le NUMSA, <a target=\"_blank\" href=\"https:\/\/peoplesdispatch.org\/2026\/01\/26\/it-is-venezuela-today-it-will-be-south-africa-tomorrow-warns-its-largest-trade-union\/\" class=\"spip_out\" rel=\"external\">le plus grand syndicat d\u2019Afrique du Sud<\/a> qui exige lui aussi la lib\u00e9ration du pr\u00e9sident v\u00e9n\u00e9zu\u00e9lien Nicol\u00e1s Maduro et de son \u00e9pouse Cilia Flores, \u00ab\u00a0Aujourd\u2019hui, c\u2019est le Venezuela. Ce sera l\u2019Afrique du Sud demain\u00a0\u00bb a averti Irvin Jim, secr\u00e9taire g\u00e9n\u00e9ral de ce Syndicat national des m\u00e9tallurgistes d\u2019Afrique du Sud qui compte plus de 460.000 membres. Irvin a soulign\u00e9 la n\u00e9cessit\u00e9 d\u2019un \u00ab\u00a0front anti-imp\u00e9rialiste pour mobiliser les travailleurs\u00a0\u00bb au-del\u00e0 des affiliations partisanes et syndicales\u00a0: le NUMSA \u00ab\u00a0organisera bient\u00f4t un colloque politique\u00a0\u00bb auquel seront invit\u00e9s tous les partis politiques progressistes du pays. \u00ab\u00a0Il est grand temps d\u2019unir la classe ouvri\u00e8re [&#8230;] derri\u00e8re un programme r\u00e9volutionnaire\u00a0\u00bb, alors que l\u2019Afrique du Sud est confront\u00e9e \u00e0 une agressivit\u00e9 croissante de l\u2019extr\u00eame droite \u00e9tats-unienne.<\/p>\n<div class=\"spip_document_40094 spip_document spip_documents spip_document_image spip_documents_center spip_document_center\">\n<figure class=\"spip_doc_inner\">\n<p> <a target=\"_blank\" href=\"https:\/\/www.legrandsoir.info\/IMG\/webp\/41175_5_617594801_2192841674808813_4046498275913689761_n.webp\" class=\"spip_doc_lien mediabox\" type=\"image\/webp\"><br \/>\n\t\t<img loading=\"lazy\" decoding=\"async\" src=\"https:\/\/www.legrandsoir.info\/local\/cache-vignettes\/L920xH517\/41175_5_617594801_2192841674808813_4046498275913689761_n-219d2.webp?1769523313\" width=\"920\" height=\"517\" alt=\"\"\/><\/a><br \/>\n<\/figure>\n<\/div>\n<div class=\"spip_document_40095 spip_document spip_documents spip_document_image spip_documents_center spip_document_center\">\n<figure class=\"spip_doc_inner\">\n<p> <a target=\"_blank\" href=\"https:\/\/www.legrandsoir.info\/IMG\/webp\/41175_6_617613393_2192841178142196_231331444825713480_n.webp\" class=\"spip_doc_lien mediabox\" type=\"image\/webp\"><br \/>\n\t\t<img loading=\"lazy\" decoding=\"async\" src=\"https:\/\/www.legrandsoir.info\/local\/cache-vignettes\/L889xH600\/41175_6_617613393_2192841178142196_231331444825713480_n-8abb5.webp?1769523313\" width=\"889\" height=\"600\" alt=\"\"\/><\/a><br \/>\n<\/figure>\n<\/div>\n<div class=\"spip_document_40096 spip_document spip_documents spip_document_image spip_documents_center spip_document_center\">\n<figure class=\"spip_doc_inner\">\n<p> <a target=\"_blank\" href=\"https:\/\/www.legrandsoir.info\/IMG\/webp\/41175_7_numsa-venezuela.webp\" class=\"spip_doc_lien mediabox\" type=\"image\/webp\"><br \/>\n\t\t<img loading=\"lazy\" decoding=\"async\" src=\"https:\/\/www.legrandsoir.info\/local\/cache-vignettes\/L920xH517\/41175_7_numsa-venezuela-d1318.webp?1769523313\" width=\"920\" height=\"517\" alt=\"\"\/><\/a><br \/>\n<\/figure>\n<\/div>\n<p><center><i>Photos 1 et 2\u00a0: mobilisation du Mouvement des Travailleur(se)s Sans Terre pour d\u00e9fendre la r\u00e9volution bolivarienne, Salvador de Bahia, Br\u00e9sil, les 19 et 20 janvier 2026. Photo 3\u00a0: Mobilisation du syndicat NUMSA, \u00e0 Johannesburg, Afrique du Sud, le 24 janvier 2026. <\/i><\/center><\/p>\n<p>Par contraste, les trotskistes fran\u00e7ais ont brandi un tract de la \u00ab\u00a0CUTV\u00a0\u00bb sur une soi-disant \u00ab\u00a0r\u00e9pression syndicale\u00a0\u00bb et, sans conna\u00eetre la r\u00e9alit\u00e9 du Venezuela, l\u2019ont imm\u00e9diatement valid\u00e9 pour se dissocier de l\u2019exigence de lib\u00e9rer Maduro et en rester \u00e0 un antiimp\u00e9rialisme de routine\u00a0: \u00ab\u00a0nous soutenons le peuple v\u00e9n\u00e9zu\u00e9lien\u00a0\u00bb. L\u2019auteur du tract est Pedro Eusse, membre de l\u2019ex-direction du PC v\u00e9n\u00e9zu\u00e9lien, un groupe d\u2019une quinzaine de personnes qui depuis des ann\u00e9es arrose le monde de communiqu\u00e9s sur la \u00ab\u00a0dictature n\u00e9olib\u00e9rale, fascisante de Maduro\u00a0\u00bb (sic). Ce \u00ab\u00a0syndicat\u00a0\u00bb n\u2019est en fait qu\u2019un d\u00e9guisement \u00ab\u00a0pour l\u2019international\u00a0\u00bb, la typique \u00ab\u00a0caution locale\u00a0\u00bb dont ont besoin les gauchistes occidentaux. Une manipulation expliqu\u00e9e en d\u00e9tail dans l\u2019article\u00a0: \u00ab\u00a0<a target=\"_blank\" href=\"https:\/\/venezuelainfos.wordpress.com\/2025\/06\/17\/au-venezuela-renaissance-et-victoire-du-parti-communiste\/\" class=\"spip_out\" rel=\"external\">Renaissance et victoire du Parti Communiste v\u00e9n\u00e9zu\u00e9lien<\/a>\u00a0\u00bb.<\/p>\n<p>Depuis les <i>Lettres Persanes<\/i>, l\u2019usage de pays lointains pour r\u00e9gler des comptes politiques franco-fran\u00e7ais est une tradition. C\u2019\u00e9tait d\u00e9j\u00e0 le cas du texte cosign\u00e9 en ao\u00fbt 2024 par le NPA, le Parti Socialiste ou Cl\u00e9mentine Autain pour d\u00e9noncer en ch\u0153ur la \u00ab\u00a0dictature de Maduro\u00a0\u00bb. Le <a target=\"_blank\" href=\"https:\/\/venezuelainfos.wordpress.com\/2024\/08\/11\/venezuela-gauches-du-sud-contre-gauche-francaise\/\" class=\"spip_out\" rel=\"external\">communiqu\u00e9<\/a> exprimait une \u00ab\u00a0indignation particuli\u00e8re\u00a0\u00bb face \u00e0 l\u2019\u00e9vocation par Maduro de \u00ab\u00a0camps de r\u00e9\u00e9ducation\u00a0\u00bb. En r\u00e9alit\u00e9, le pr\u00e9sident avait demand\u00e9 au ministre concern\u00e9 que les militants ou mercenaires d\u2019extr\u00eame droite, bien qu\u2019\u00e9tant coupables de destructions de services publics, d\u2019assassinats de \u00ab\u00a0<a target=\"_blank\" href=\"https:\/\/venezuelainfos.wordpress.com\/2019\/05\/19\/ils-ont-brule-vif-mon-fils-parce-quil-etait-noir-et-chaviste\/\" class=\"spip_out\" rel=\"external\">noirs donc chavistes<\/a>\u00a0\u00bb, puissent apprendre un m\u00e9tier en prison. Leur lib\u00e9ration anticip\u00e9e que le pr\u00e9sident Maduro a initi\u00e9e en d\u00e9cembre \u2013 pr\u00e9sent\u00e9e par les m\u00e9dias comme \u00ab\u00a0lib\u00e9ration de prisonniers politiques\u00a0\u00bb\u00a0-, montre l\u2019extr\u00eame volont\u00e9 d\u2019unit\u00e9 et de r\u00e9conciliation nationales de la part du gouvernement bolivarien. Dans l\u2019espoir que ces personnes, utilis\u00e9es par les oligarques v\u00e9n\u00e9zu\u00e9liens, ne retournent pas \u00e0 la violence et acceptent de rentrer dans le champ d\u00e9mocratique, \u00e9lectoral comme l\u2019a fait la droite mod\u00e9r\u00e9e.<\/p>\n<p><strong>Thierry Deronne<\/strong><br class=\"autobr\"\/><br \/>\nCaracas, le 27 janvier 2026.<\/p>\n<p><i>Photos\u00a0: Nathan Ramirez \/ People\u2019s Dispatch \/ MIPPCI<\/i><\/p>\n<p><strong>EN COMPLEMENT\u00a0:<\/strong><\/p>\n<p><center>MADURO KIDNAPP\u00c9, QUEL AVENIR POUR LE VENEZUELA\u00a0? (avec Thierry Deronne) <\/center><br \/>\n<iframe loading=\"lazy\" title=\"MADURO KIDNAPP\u00c9, QUEL AVENIR POUR LE VENEZUELA ? (avec Thierry Deronne)\" width=\"1110\" height=\"624\" src=\"https:\/\/www.youtube.com\/embed\/p7oMMrpPHrg?feature=oembed\" frameborder=\"0\" allow=\"accelerometer; autoplay; clipboard-write; encrypted-media; gyroscope; picture-in-picture; web-share\" referrerpolicy=\"strict-origin-when-cross-origin\" allowfullscreen><\/iframe><\/div>\n<p><script async defer src=\"https:\/\/platform.instagram.com\/en_US\/embeds.js\"><\/script><br \/>\n<br \/><br \/>\n<br \/><a href=\"https:\/\/www.legrandsoir.info\/face-a-l-empire-la-presidente-delcy-rodriguez-coude-a-coude-avec-les-travailleurs-du-venezuela.html\" target=\"_blank\"\">Source link <\/a><\/p>\n","protected":false},"excerpt":{"rendered":"<p>\u00ab\u00a0Les ordres de Washington aux politiques v\u00e9n\u00e9zu\u00e9liens, \u00e7a suffit. C\u2019est la politique v\u00e9n\u00e9zu\u00e9lienne qui r\u00e9soudra nos divergences et nos conflits internes. Nous en avons assez des diktats de puissances \u00e9trang\u00e8res.&hellip; <\/p>\n","protected":false},"author":1,"featured_media":23089,"comment_status":"open","ping_status":"open","sticky":false,"template":"","format":"standard","meta":{"footnotes":""},"categories":[1],"tags":[],"class_list":["post-23088","post","type-post","status-publish","format-standard","has-post-thumbnail","hentry","category-non-classe"],"_links":{"self":[{"href":"https:\/\/monde25.info\/index.php\/wp-json\/wp\/v2\/posts\/23088","targetHints":{"allow":["GET"]}}],"collection":[{"href":"https:\/\/monde25.info\/index.php\/wp-json\/wp\/v2\/posts"}],"about":[{"href":"https:\/\/monde25.info\/index.php\/wp-json\/wp\/v2\/types\/post"}],"author":[{"embeddable":true,"href":"https:\/\/monde25.info\/index.php\/wp-json\/wp\/v2\/users\/1"}],"replies":[{"embeddable":true,"href":"https:\/\/monde25.info\/index.php\/wp-json\/wp\/v2\/comments?post=23088"}],"version-history":[{"count":0,"href":"https:\/\/monde25.info\/index.php\/wp-json\/wp\/v2\/posts\/23088\/revisions"}],"wp:featuredmedia":[{"embeddable":true,"href":"https:\/\/monde25.info\/index.php\/wp-json\/wp\/v2\/media\/23089"}],"wp:attachment":[{"href":"https:\/\/monde25.info\/index.php\/wp-json\/wp\/v2\/media?parent=23088"}],"wp:term":[{"taxonomy":"category","embeddable":true,"href":"https:\/\/monde25.info\/index.php\/wp-json\/wp\/v2\/categories?post=23088"},{"taxonomy":"post_tag","embeddable":true,"href":"https:\/\/monde25.info\/index.php\/wp-json\/wp\/v2\/tags?post=23088"}],"curies":[{"name":"wp","href":"https:\/\/api.w.org\/{rel}","templated":true}]}}