{"id":231,"date":"2024-11-16T05:33:36","date_gmt":"2024-11-16T04:33:36","guid":{"rendered":"https:\/\/monde25.info\/index.php\/2024\/11\/16\/les-evenements-damsterdam-et-le-retour-a-linquisition-enfant-de-la-societe-sott-net\/"},"modified":"2024-11-16T05:33:36","modified_gmt":"2024-11-16T04:33:36","slug":"les-evenements-damsterdam-et-le-retour-a-linquisition-enfant-de-la-societe-sott-net","status":"publish","type":"post","link":"https:\/\/monde25.info\/index.php\/2024\/11\/16\/les-evenements-damsterdam-et-le-retour-a-linquisition-enfant-de-la-societe-sott-net\/","title":{"rendered":"Les \u00e9v\u00e8nements d&rsquo;Amsterdam et le retour \u00e0 l&rsquo;Inquisition \u2014 Enfant de la Soci\u00e9t\u00e9 \u2014 Sott.net"},"content":{"rendered":"<p> <br \/>\n<\/p>\n<div>\n      Les derniers \u00e9v\u00e8nements d&rsquo;Amsterdam, autour du match de football entre le club Ajax et le club Maccabi de Tel-Aviv, sont significatifs en cela qu&rsquo;ils illustrent bien le d\u00e9tournement du th\u00e8me de l&rsquo;antis\u00e9mitisme pour en faire un instrument id\u00e9ologique et de propagande. Consid\u00e9rons les faits. Ils parlent d&rsquo;eux-m\u00eames.<br \/>\n<\/p>\n<div class=\"article-image-super to-center\"><a target=\"_blank\" href=\"https:\/\/fr.sott.net\/image\/s35\/718317\/full\/i_11_.jpg\" target=\"_blank\"><img decoding=\"async\" src=\"https:\/\/fr.sott.net\/image\/s35\/718317\/super\/i_11_.jpg\" alt=\"rfghj\" title=\"Cliquer pour agrandir\"\/><\/a><\/div>\n<p>Les supporters isra\u00e9liens du club de Tel-Aviv sont des hooligans. Ils sont connus pour \u00eatre violents, racistes, par leurs manifestations anti-arabes et anti-palestiniennes en Isra\u00ebl m\u00eame.<\/p>\n<p>D\u00e8s leur arriv\u00e9e \u00e0 Amsterdam, le 7 novembre, ils envahissent les rues. Ils crient \u00ab\u00a0Vivement que les soldats isra\u00e9liens tuent tous ces pu&#8230; d&rsquo;arabes\u00a0\u00bb, Et \u00ab\u00a0Pourquoi il n&rsquo;y a pas \u00e9cole \u00e0 Gaza, c&rsquo;est parce qu&rsquo;il n&rsquo;y a pas d&rsquo;enfants l\u00e0-bas\u00a0\u00bb et d&rsquo;autres slogans aussi \u00ab\u00a0pacifiques\u00a0\u00bb. Ils arrachent et br\u00fblent deux drapeaux palestiniens mais aussi des drapeaux hollandais. Ils tabassent un chauffeur de taxi marocain et d\u00e9truisent son v\u00e9hicule. Au stade, ils sifflent la minute de silence en hommage aux victimes des inondations de Valence et crient que \u00ab\u00a0l&rsquo;Espagne est antis\u00e9mite\u00a0\u00bb, pour avoir reconnu l&rsquo;Etat de Palestine.<\/p>\n<p>L&rsquo;affaire aboutit donc finalement, \u00e0 la sortie du match, \u00e0 des \u00e9chauffour\u00e9es. Des vid\u00e9os montrent des supporters isra\u00e9liens poursuivis dans les rues. On ne sait d&rsquo;ailleurs pas qui les poursuit. L&rsquo;enqu\u00eate le d\u00e9terminera. La principale vid\u00e9o, celle qui va \u00eatre utilis\u00e9e intens\u00e9ment par les m\u00e9dias, montre un supporter isra\u00e9lien mis \u00e0 terre. Il crie \u00e0 son agresseur (\u00e9trangement qu&rsquo;on ne voit pas) qu&rsquo;il n&rsquo;est pas juif, lui propose de l&rsquo;argent tandis que celui qui le brutalise lui crie \u00ab\u00a0tu veux donc tuer des enfants !\u00a0\u00bb Rien n&rsquo;indique la provenance de cette vid\u00e9o.<\/p>\n<p>Ce serait donc une bagarre entre supporters comme il y en a eu beaucoup, si ce n&rsquo;est qu&rsquo;ici, elle a pris une tournure politique, par la politisation faite du match, d\u00e8s le d\u00e9part, par les supporters isra\u00e9liens qui ne se doutaient pas de la riposte qu&rsquo;ils allaient causer. Cette riposte prend aussi, par le miracle des m\u00e9dias pro-isra\u00e9liens, la signification d&rsquo;un \u00ab\u00a0pogrom antis\u00e9mite\u00a0\u00bb. Tout tend, d&rsquo;ailleurs, \u00e0 \u00eatre qualifi\u00e9 de \u00ab\u00a0pogrom\u00a0\u00bb, dans la bouche d&rsquo;Isra\u00ebl et de ses protecteurs, depuis le 7 octobre 2023. On ajoute m\u00eame, ces derniers temps, \u00ab\u00a0ratonnades\u00a0\u00bb, expression de l&rsquo;Alg\u00e9rie coloniale, pour d\u00e9signer la \u00ab\u00a0chasse \u00e0 l&rsquo;Arabe dans les rues, et les lynchages de masse d&rsquo;Alg\u00e9riens pratiqu\u00e9s alors par les \u00ab\u00a0pieds noirs\u00a0\u00bb, nom de la population des europ\u00e9ens et juifs d&rsquo;Alg\u00e9rie.<\/p>\n<p><span class=\"BoldGrey\">Les non-dits<\/span><\/p>\n<p>Particuli\u00e8rement int\u00e9ressants sont les non-dits des m\u00e9dias isra\u00e9liens et de ceux qui reprennent leurs propos en Occident. Le mensonge par omission est d&rsquo;ailleurs une des techniques principales de la propagande.<\/p>\n<p>Ainsi, ils ne disent pas, du moins au d\u00e9but de leur compte rendu des faits, que ce sont les supporters isra\u00e9liens qui ont commis des violences, \u00e0 la fois physiques et verbales, par le contenu de leurs slogans. On ne le saura que peu \u00e0 peu lorsque que ces m\u00e9dias se r\u00e9soudront \u00e0 dire quelques bribes de v\u00e9rit\u00e9 sur ce point vu la diffusion des images sur les r\u00e9seaux sociaux et dans les premi\u00e8res informations de la police hollandaise.<\/p>\n<p>Il n&rsquo;y a aucune trace d&rsquo;antis\u00e9mitisme dans les propos diffus\u00e9s. S&rsquo;il y a bien de \u00ab\u00a0l&rsquo;anti-quelque chose\u00a0\u00bb, c&rsquo;est chez les supporters isra\u00e9liens, avec des slogans anti arabes, avec leurs appels \u00e0 tuer les Arabes et plus monstrueusement encore d&rsquo;achever le massacre des enfants de Gaza. M\u00eame la sc\u00e8ne du supporter isra\u00e9lien qui crie qu&rsquo;il n&rsquo;est pas juif, laquelle est suppos\u00e9e \u00eatre un document antis\u00e9mite \u00e0 charge, se retourne en r\u00e9alit\u00e9 contre les propagandistes puisqu&rsquo;elle permet de savoir qu&rsquo;il a cri\u00e9 \u00e0 l&rsquo;assassinat des enfants palestiniens.<\/p>\n<p>Rien ne permet de dire \u00ab\u00a0qu&rsquo;il y a eu dans les rues une chasse aux juifs\u00a0\u00bb. Des Juifs d&rsquo;Amsterdam ont-ils \u00e9t\u00e9 vis\u00e9s ? Il s&rsquo;agit de supporters isra\u00e9liens, d&rsquo;une \u00e9quipe isra\u00e9lienne, agress\u00e9s en tant que tels.<\/p>\n<p>On peut classer de m\u00eame dans les non-dits, le silence m\u00e9diatique occidental incroyable sur le fait qu&rsquo;Isra\u00ebl, \u00c9tat situ\u00e9 au Proche-Orient, participe aux comp\u00e9titions europ\u00e9ennes. C&rsquo;est donc une anomalie g\u00e9ographique. C&rsquo;est la d\u00e9finition m\u00eame de la colonie. C&rsquo;est reconnaitre, de fait, qu&rsquo;Isra\u00ebl est \u00e9tranger au Proche-Orient, qu&rsquo;il est un \u00e9l\u00e9ment de l&rsquo;Occident. Quel aveu ! L&rsquo;anomalie n&rsquo;est m\u00eame pas relev\u00e9e, pire, on n&rsquo;y pense m\u00eame pas en Occident. Le matraquage propagandiste et la vision sioniste sur la question ont fini par faire perdre le sens des choses, ou plus exactement le bon sens m\u00eame.<\/p>\n<p>Mais Isra\u00ebl et ses soutiens semblent d\u00e9sormais, apr\u00e8s le g\u00e9nocide de Gaza, pris \u00e0 leur propre pi\u00e8ge puisque d&rsquo;\u00e9vidence les \u00e9quipes d&rsquo;Isra\u00ebl ne sont pas les bienvenues dans les capitales europ\u00e9ennes. Cela a \u00e9t\u00e9 d\u00e9j\u00e0 le cas en septembre, en Belgique, o\u00f9 le match Belgique-Isra\u00ebl a \u00e9t\u00e9 annul\u00e9 par la ville de Bruxelles pour \u00ab\u00a0raisons de s\u00e9curit\u00e9\u00a0\u00bb.<\/p>\n<p><span class=\"BoldGrey\">Tags, Tifo, \u00ab\u00a0l&rsquo;antis\u00e9mitisme d&rsquo;atmosph\u00e8re\u00a0\u00bb<\/span><\/p>\n<p>Le 10 novembre, une manifestation de protestation des \u00e9tudiants a lieu \u00e0 l&rsquo;Universit\u00e9 de Lyon contre la visite de la pr\u00e9sidente de l&rsquo;Assembl\u00e9e nationale fran\u00e7aise, Mme Ya\u00ebl Braun-Pivet, aux cris de \u00ab\u00a0Isra\u00ebl assassin\u00a0\u00bb, \u00ab\u00a0Ya\u00ebl complice\u00a0\u00bb . On se souvient que c&rsquo;est elle qui avait exprim\u00e9, \u00e0 l&rsquo;Assembl\u00e9e fran\u00e7aise, \u00ab\u00a0son soutien inconditionnel\u00a0\u00bb \u00e0 Isra\u00ebl qu&rsquo;elle visite le 20 octobre, pour lui exprimer ce soutien, et ceci en pleins massacres \u00e0 Gaza.<\/p>\n<p>\u00c0 l&rsquo;Universit\u00e9 de Lyon III, des tags ont \u00e9t\u00e9 peints sur les murs, d\u00e9non\u00e7ant ce \u00ab\u00a0soutien inconditionnel\u00a0\u00bb. Ils rappellent le nombre de 40 000 morts, les milliers d&rsquo;enfants tu\u00e9s \u00e0 Gaza. C&rsquo;est donc la stricte v\u00e9rit\u00e9. Mais il n&rsquo;en faut pas plus aux m\u00e9dias pour y lire de \u00ab\u00a0l&rsquo;antis\u00e9mitisme\u00a0\u00bb. On sugg\u00e8re m\u00eame que c&rsquo;est parce que la pr\u00e9sidente de l&rsquo;Assembl\u00e9e fran\u00e7aise est d&rsquo;origine juive qu&rsquo;elle est ainsi prise \u00e0 partie. C&rsquo;est ce qu&rsquo;elle dit aussi. Sur un plateau de la chaine d&rsquo;information LCI, un commentateur demande \u00e0 un vice-pr\u00e9sident du CRIF en quoi ces tags peuvent \u00eatre consid\u00e9r\u00e9s comme sp\u00e9cifiquement antis\u00e9mites. Il r\u00e9pond que \u00ab\u00a0c&rsquo;est l&rsquo;intention qui est antis\u00e9mite, car elle est de d\u00e9truire Isra\u00ebl\u00a0\u00bb.<\/p>\n<p>Dans la m\u00eame veine, un autre argument de propagande a d\u00e9sormais cours, celui d&rsquo;un \u00ab\u00a0antis\u00e9mitisme d&rsquo;atmosph\u00e8re\u00a0\u00bb. C&rsquo;est dire le d\u00e9lire ambiant.<\/p>\n<p>Dans le m\u00eame contexte, le 8 novembre, un Tifo, une immense banderole \u00ab\u00a0Free Palestine\u00a0\u00bb avait \u00e9t\u00e9 d\u00e9ploy\u00e9e au stade du \u00ab\u00a0Parc des princes\u00a0\u00bb \u00e0 Paris, pour un match du club PSG. Le Tifo demandait la paix. Le m\u00eame vice-pr\u00e9sident du CRIF, interrog\u00e9 aussi \u00e0 ce sujet sur la m\u00eame chaine, refuse d&rsquo;y voir un appel \u00e0 la paix pourtant \u00e9crit en lettres g\u00e9antes et il y per\u00e7oit, de nouveau, une volont\u00e9 de d\u00e9truire Isra\u00ebl \u00e0 travers l&rsquo;expression \u00ab\u00a0Free Palestine\u00a0\u00bb et le croquis, dessin\u00e9 sur la Tifo, d&rsquo;une Palestine aux couleurs du c\u00e9l\u00e8bre foulard palestinien, le \u00ab\u00a0keffieh\u00a0\u00bb.<\/p>\n<p><span class=\"BoldGrey\">\u00ab\u00a0Ils veulent d\u00e9truire Isra\u00ebl\u00a0\u00bb<\/span><\/p>\n<p>Parlons justement de ce th\u00e8me sans cesse rab\u00e2ch\u00e9 de volont\u00e9 de \u00ab\u00a0d\u00e9truire Isra\u00ebl\u00a0\u00bb. C&rsquo;est un \u00e9l\u00e9ment central de la propagande sioniste au c\u00f4t\u00e9 de la d\u00e9nonciation de l&rsquo;antis\u00e9mitisme. Il est brandi pour tout : pour justifier le refus d&rsquo;un Etat palestinien , celui de n\u00e9gocier ( \u00ab\u00a0on ne n\u00e9gocie pas avec qui veut nous d\u00e9truire\u00a0\u00bb) , les guerres pour \u00ab\u00a0assurer la s\u00e9curit\u00e9 d&rsquo;Isra\u00ebl\u00a0\u00bb, le nettoyage ethnique etc.<\/p>\n<p>La v\u00e9rit\u00e9 est que la seule r\u00e9alit\u00e9 de destruction \u00e0 laquelle on assiste, c&rsquo;est la destruction des Palestiniens et de la Palestine. Isra\u00ebl n&rsquo;est, elle, en aucune situation d&rsquo;\u00eatre d\u00e9truite. Et puis quelle est la rationalit\u00e9 d&rsquo;un tel argument qui se veut d\u00e9finitif, sans appel, dans une propagande qui veut d\u00e9cid\u00e9ment obscurcir jusqu&rsquo;au bon sens et s&#8217;emparer des esprits. Combien de pays ont des adversaires qui r\u00eaveraient les d\u00e9truire. Et parmi les plus grands. Et pourtant ils coexistent. Dans la propagande isra\u00e9lienne l&rsquo;intention vaut l&rsquo;action. Reprocher \u00e0 un autre d&rsquo;avoir des intentions hostiles est une chose, refuser pour cela de n\u00e9gocier avec lui en est une autre. Car, \u00e0 ce titre, il n&rsquo;y aurait que la guerre et aucune solution diplomatique. N&rsquo;est-ce pas ce que veulent les dirigeants isra\u00e9liens ? Et puis il est bien \u00e9trange cet Etat qui vit en permanence dans la hantise d&rsquo;\u00eatre d\u00e9truit. C&rsquo;est peut-\u00eatre qu&rsquo;il sent qu&rsquo;il se d\u00e9truit lui-m\u00eame. Que Hamas ou le Hizbollah veuillent d\u00e9truire l&rsquo;Etat Isra\u00e9lien, peut-\u00eatre. Mais refuser de n\u00e9gocier avec eux c&rsquo;est ne leur laisser qu&rsquo;une seule solution pour que la Palestine existe c&rsquo;est d\u00e9truire Isra\u00ebl. Et c&rsquo;est justement ce dont Isra\u00ebl les accuse tout en refusant de n\u00e9gocier. Que d&rsquo;incoh\u00e9rences.<\/p>\n<p><span class=\"BoldGrey\">Isra\u00ebl et les Juifs<\/span><\/p>\n<p>On peut remarquer que le discours de propagande pro-isra\u00e9lienne est tenu de plus en plus souvent par un personnel d&rsquo;origine juive dans les m\u00e9dias mainstream. C&rsquo;est le signe indirect d&rsquo;un isolement de ce discours. Mais c&rsquo;est aussi dangereux car cela aboutit, dans l&rsquo;opinion, \u00e0 un amalgame entre l&rsquo;identit\u00e9 juive et le discours pro-Isra\u00ebl dans les moyens d&rsquo;information. Beaucoup de juifs ont senti le danger et se sont d\u00e9marqu\u00e9s de ce raccourci.<\/p>\n<p>Les \u00e9v\u00e8nements d&rsquo;Amsterdam, bien qu&rsquo;il ne s&rsquo;agisse pas d&rsquo;un affrontement identitaire puisqu&rsquo;ils concernent des supporters isra\u00e9liens, en anticipent pourtant le danger. Tout le monde le sent, les Juifs les premiers, qui sont effray\u00e9s par ces d\u00e9rives dangereuses qu&rsquo;a acc\u00e9l\u00e9r\u00e9 le g\u00e9nocide de Gaza. <strong>On peut craindre qu&rsquo;ils se multiplient un peu partout en Occident au d\u00e9triment des communaut\u00e9s juives dans le monde.<\/strong> En d&rsquo;autres termes, Netanyahou, dans la pure id\u00e9ologie sioniste, veut \u00ab\u00a0mouiller\u00a0\u00bb les Juifs, tous les Juifs et ses actes en sont d&rsquo;autant plus n\u00e9fastes.<\/p>\n<p>Jacques Attali, brillant intellectuel lorsqu&rsquo;il a l&rsquo;audace de se d\u00e9tacher d&rsquo;une certaine dictature communautaire et de lui dire quelques v\u00e9rit\u00e9s, signalait d\u00e9j\u00e0 en 2007, dans un texte intitul\u00e9 <a target=\"_blank\" href=\"https:\/\/akadem.org\/sommaire\/themes\/vie-juive\/vie-politique\/enquetes-sociologiques\/un-avenir-incertain-23-04-2007-6918_464.php\">\u00ab\u00a0l&rsquo;avenir incertain\u00a0\u00bb<\/a> , \u00ab\u00a0le d\u00e9clin de la communaut\u00e9 juive dans le monde\u00a0\u00bb. Il \u00e9crivait alors \u00a0\u00bb Nous avons donc \u00e0 affronter le fait, souligne-t-il, que la population juive est de plus en plus minoritaire, faible et en voie de disparition\u00a0\u00bb. En Europe, poursuivait-il, \u00ab\u00a0Il y aura un jour, 3 millions de juifs et 50 millions de musulmans\u00a0\u00bb. Et il concluait, \u00ab\u00a0par rapport \u00e0 cela, il faut tout faire pour que cette relation soit positive et non antagonique\u00a0\u00bb. Il liait m\u00eame ce d\u00e9clin \u00e0 un \u00ab\u00a0d\u00e9clin intellectuel\u00a0\u00bb.<\/p>\n<p>Un mouvement de juifs antisionistes s&rsquo;est d\u00e9velopp\u00e9 de plus en plus aux Etats Unis et en Occident.<\/p>\n<p><span class=\"BoldGrey\">Un autre match, mais \u00e0 Paris<\/span><\/p>\n<p>Apr\u00e8s les incidents d&rsquo;Amsterdam, le pr\u00e9sident Macron annonce, le 10 novembre, qu&rsquo;il va assister au match France-Isra\u00ebl qui doit avoir lieu le 14 Novembre \u00e0 Paris, \u00ab\u00a0afin d&rsquo;envoyer un message de fraternit\u00e9 et de solidarit\u00e9 apr\u00e8s les actes antis\u00e9mites intol\u00e9rables\u00a0\u00bb survenus \u00e0 Amsterdam.<\/p>\n<p>Le pr\u00e9sident Macron avait fait l&rsquo;objet d&rsquo;intenses critiques du syst\u00e8me m\u00e9diatico-politique fran\u00e7ais pour ne pas avoir particip\u00e9 \u00e0 la manifestation tr\u00e8s officieuse \u00ab\u00a0contre l&rsquo;antis\u00e9mitisme\u00a0\u00bb organis\u00e9e, l&rsquo;an pass\u00e9, le 12 novembre 2023 , en r\u00e9ponse aux grandes manifestations de solidarit\u00e9 avec la Palestine.<\/p>\n<p>Au CRIF (le puissant et influent Conseil Repr\u00e9sentatif des Institutions Juives de France), le 8 Octobre, le nom du pr\u00e9sident Macron est hu\u00e9 lorsqu&rsquo;il est prononc\u00e9 par le nouveau Premier ministre fran\u00e7ais qui \u00e9tait venu se pr\u00e9senter \u00e0 cette organisation. Puis, plus r\u00e9cemment, le pr\u00e9sident fran\u00e7ais fait l&rsquo;objet de vives attaques des m\u00e9dias lourds fran\u00e7ais et de personnalit\u00e9s politiques m\u00eame proches de son camp pour avoir \u00e9voqu\u00e9 la contradiction entre \u00a0\u00bb pr\u00e9coniser un cessez le feu et continuer de fournir des armes \u00e0 Isra\u00ebl\u00a0\u00bb et pour ses reproches faits \u00e0 Netanyahu de mener une \u00ab\u00a0guerre barbare\u00a0\u00bb.<\/p>\n<p>Beaucoup interpr\u00e8tent donc l&rsquo;annonce qu&rsquo;il vient de faire d&rsquo;assister au match comme le r\u00e9sultat de toutes ces pressions politiques et comme une mani\u00e8re de rattraper son absence \u00e0 la manifestation contre l&rsquo;antis\u00e9mitisme. C&rsquo;est dire l&rsquo;influence d&rsquo;Isra\u00ebl dans la vie politique fran\u00e7aise.<\/p>\n<p>Mais, Netanyahou est peu sensible apparemment au geste du pr\u00e9sident Macron d&rsquo;assister au match. Le premier ministre isra\u00e9lien demande aux supporters isra\u00e9liens de ne pas y assister pour leur s\u00e9curit\u00e9, ce que ceux-ci avaient d&rsquo;ailleurs anticip\u00e9.<\/p>\n<p>Il avait annonc\u00e9 qu&rsquo;il avait donn\u00e9 le 8 novembre des instructions au Mossad pour prot\u00e9ger les supporters isra\u00e9liens en Europe, sans se soucier que cela soit interpr\u00e9t\u00e9 comme une atteinte \u00e0 la souverainet\u00e9 des Etats europ\u00e9ens. D&rsquo;ailleurs on annonce que des policiers isra\u00e9liens seront pr\u00e9sents le jour du match. Une v\u00e9ritable exterritorialit\u00e9 pratiqu\u00e9e par Isra\u00ebl qui la refuse, co\u00efncidence des \u00e9v\u00e8nements, \u00e0 la France dans la gestion d&rsquo;un lieu de culte chr\u00e9tien, le domaine Eleona, domaine national fran\u00e7ais \u00e0 J\u00e9rusalem. Le 7 novembre, deux gendarmes fran\u00e7ais qui surveillent le lieu sont molest\u00e9s et arr\u00eat\u00e9s, puis rel\u00e2ch\u00e9s.<br \/>\n<br \/>Netanyahou, et les m\u00e9dias fran\u00e7ais, concernant ce match France-Isra\u00ebl, parlent tant\u00f4t de s\u00e9curit\u00e9 des Isra\u00e9liens, tant\u00f4t de celle des \u00ab\u00a0Juifs de France\u00a0\u00bb. On ne sait plus \u00e0 qui les consignes de s\u00e9curit\u00e9 donn\u00e9es sont adress\u00e9es. C&rsquo;est une confusion, une assimilation, un amalgame permanents entre juifs et isra\u00e9liens et ensuite il est reproch\u00e9 aux autres de le faire.<\/p>\n<p>Le CRIF se sent impliqu\u00e9 par cette rencontre de football parce qu&rsquo;elle va avoir lieu avec Isra\u00ebl, une \u00e9quipe qui n&rsquo;en reste pas moins, du moins th\u00e9oriquement, \u00e9trang\u00e8re pour lui. Et pourtant, il intervient officiellement pour que la rencontre ne soit pas report\u00e9e ou annul\u00e9e en France. Et c&rsquo;est lui, et les m\u00e9dias et politiciens fran\u00e7ais qui l&rsquo;appuient, qui reprochent \u00e0 ceux qui manifestent leur solidarit\u00e9 avec la Palestine \u00ab\u00a0d&rsquo;importer le conflit isra\u00e9lo- palestinien en France\u00a0\u00bb. Mais qui le fait, si ce n&rsquo;est eux, en agissant comme cela en permanence ? Et au bout de ces arguments, ils proclament que toute hostilit\u00e9 \u00e0 Isra\u00ebl a un contenu antis\u00e9mite.<\/p>\n<p><span class=\"BoldGrey\">L&rsquo;accusation d&rsquo;antis\u00e9mitisme, arme ultime<\/span><\/p>\n<p>Finalement, on peut se demander pourquoi Isra\u00ebl, les m\u00e9dias, le sionisme et les hommes politiques qui lui emboitent le pas, utilisent sans cesse l&rsquo;argument de l&rsquo;antis\u00e9mitisme alors qu&rsquo;Isra\u00ebl pourrait, comme tout \u00c9tat, comme tout pays, d\u00e9noncer l&rsquo;hostilit\u00e9 de ses ennemis. La r\u00e9ponse est toute simple : c&rsquo;est parce qu&rsquo;Isra\u00ebl, et ses soutiens inconditionnels, n&rsquo;ont pas d&rsquo;autre argument. Quel argument pourrait, en effet, permettre de justifier le g\u00e9nocide de Gaza, la colonisation de la Palestine, le martyre palestinien depuis plus de sept d\u00e9cennies ?<br \/>\n<br \/>Il faut donc que la propagande pro-isra\u00e9lienne, l&rsquo;id\u00e9ologie sioniste, transforment les victimes en coupables. La propagande affirme alors que si, \u00e0 Amsterdam, les supporters isra\u00e9liens ont \u00e9t\u00e9 agress\u00e9s, ce n&rsquo;est pas parce qu&rsquo;ils ont scand\u00e9 des slogans monstrueux et qu&rsquo;ils ont agress\u00e9 en premier, mais c&rsquo;est parce qu&rsquo;ils sont Juifs.<\/p>\n<p>Pour Isra\u00ebl, Hamas et Hezbollah ne sont pas des organisations nationales, l&rsquo;une palestinienne et l&rsquo;autre libanaise, ce sont des \u00ab\u00a0organisations terroristes antis\u00e9mites qui veulent la destruction d&rsquo;Isra\u00ebl\u00a0\u00bb. Les 15 000 enfants assassin\u00e9s de Gaza aussi, des futurs antis\u00e9mites. Les Juifs antisionistes des \u00c9tats-Unis et ailleurs, aussi ! Les millions qui d\u00e9noncent, partout dans le monde le g\u00e9nocide \u00e0 Gaza, aussi, tous antis\u00e9mites ! Le monde est antis\u00e9mite !<\/p>\n<p>L&rsquo;antis\u00e9mitisme permet, \u00e0 la fois, de tout expliquer et de ne rien expliquer. La rationalit\u00e9 des arguments de ceux qui d\u00e9noncent les crimes d&rsquo;Isra\u00ebl est remplac\u00e9e par l&rsquo;accusation qu&rsquo;il y a, tapi en eux, un vieux sentiment comme le monde, qui les habite, qui dirige leurs actions et dont ils n&rsquo;ont pas peut-\u00eatre conscience : la haine du Juif, l&rsquo;antis\u00e9mitisme. L&rsquo;argument de l&rsquo;antis\u00e9mitisme permet de placer la question isra\u00e9lienne hors du temps, hors de toute logique. Refuser le g\u00e9nocide, accuser Isra\u00ebl de commettre des crimes contre l&rsquo;humanit\u00e9, est devenu un d\u00e9lit d&rsquo;antis\u00e9mitisme. Chaque critique d&rsquo;Isra\u00ebl est devenue un crime.<br \/>\n<br \/>Le monstre a \u00e9t\u00e9 sacralis\u00e9.\n<\/p>\n<blockquote class=\"typ1\"><p>\nL&rsquo;Occident a abandonn\u00e9 Dieu, mais il l&rsquo;a remplac\u00e9 par Isra\u00ebl. Isra\u00ebl est devenu un dieu sioniste, un dieu pa\u00efen qui demande toujours plus de victimes, toujours plus de sang, toujours plus de sacrifices humains.\n<\/p><\/blockquote>\n<p>L&rsquo;accusation d&rsquo;antis\u00e9mitisme joue le r\u00f4le que jouait celle d&rsquo;\u00eatre apostat. Elle est destin\u00e9e \u00e0 terroriser les gens, \u00e0 les emp\u00eacher de dire toute v\u00e9rit\u00e9 sur les crimes d&rsquo;Isra\u00ebl. Chaque mot \u00e0 ce sujet est devenu un blasph\u00e8me. On projette m\u00eame en France et aux \u00c9tats-Unis de faire une loi sp\u00e9ciale sur la question du rapport entre l&rsquo;antis\u00e9mitisme et l&rsquo;hostilit\u00e9 \u00e0 Isra\u00ebl. Les mots n&rsquo;ont plus de sens. La libert\u00e9 d&rsquo;expression aussi. Isra\u00ebl, dans son d\u00e9lire meurtrier, veut entrainer tout l&rsquo;Occident dans son sillage, et le faire retourner \u00e0 l&rsquo;Inquisition.\n\t\t<\/p><\/div>\n<p><br \/>\n<br \/><a href=\"https:\/\/fr.sott.net\/article\/44116-Les-evenements-d-Amsterdam-et-le-retour-a-l-Inquisition\" target=\"_blank\"\">Source link <\/a><\/p>\n","protected":false},"excerpt":{"rendered":"<p>Les derniers \u00e9v\u00e8nements d&rsquo;Amsterdam, autour du match de football entre le club Ajax et le club Maccabi de Tel-Aviv, sont significatifs en cela qu&rsquo;ils illustrent bien le d\u00e9tournement du th\u00e8me&hellip; <\/p>\n","protected":false},"author":1,"featured_media":232,"comment_status":"open","ping_status":"open","sticky":false,"template":"","format":"standard","meta":{"footnotes":""},"categories":[1],"tags":[],"class_list":["post-231","post","type-post","status-publish","format-standard","has-post-thumbnail","hentry","category-non-classe"],"_links":{"self":[{"href":"https:\/\/monde25.info\/index.php\/wp-json\/wp\/v2\/posts\/231","targetHints":{"allow":["GET"]}}],"collection":[{"href":"https:\/\/monde25.info\/index.php\/wp-json\/wp\/v2\/posts"}],"about":[{"href":"https:\/\/monde25.info\/index.php\/wp-json\/wp\/v2\/types\/post"}],"author":[{"embeddable":true,"href":"https:\/\/monde25.info\/index.php\/wp-json\/wp\/v2\/users\/1"}],"replies":[{"embeddable":true,"href":"https:\/\/monde25.info\/index.php\/wp-json\/wp\/v2\/comments?post=231"}],"version-history":[{"count":0,"href":"https:\/\/monde25.info\/index.php\/wp-json\/wp\/v2\/posts\/231\/revisions"}],"wp:featuredmedia":[{"embeddable":true,"href":"https:\/\/monde25.info\/index.php\/wp-json\/wp\/v2\/media\/232"}],"wp:attachment":[{"href":"https:\/\/monde25.info\/index.php\/wp-json\/wp\/v2\/media?parent=231"}],"wp:term":[{"taxonomy":"category","embeddable":true,"href":"https:\/\/monde25.info\/index.php\/wp-json\/wp\/v2\/categories?post=231"},{"taxonomy":"post_tag","embeddable":true,"href":"https:\/\/monde25.info\/index.php\/wp-json\/wp\/v2\/tags?post=231"}],"curies":[{"name":"wp","href":"https:\/\/api.w.org\/{rel}","templated":true}]}}