{"id":2314,"date":"2024-12-16T14:09:37","date_gmt":"2024-12-16T13:09:37","guid":{"rendered":"https:\/\/monde25.info\/index.php\/2024\/12\/16\/mayotte-paye-le-prix-du-dereglement-climatique\/"},"modified":"2024-12-16T14:09:37","modified_gmt":"2024-12-16T13:09:37","slug":"mayotte-paye-le-prix-du-dereglement-climatique","status":"publish","type":"post","link":"https:\/\/monde25.info\/index.php\/2024\/12\/16\/mayotte-paye-le-prix-du-dereglement-climatique\/","title":{"rendered":"Mayotte paye le prix du d\u00e9r\u00e8glement climatique"},"content":{"rendered":"<p> <br \/>\n<\/p>\n<div>\n<p>    <span class=\"date\">16 d\u00e9cembre 2024  \u00e0 11h27<\/span><\/p>\n<p>    <span class=\"date_modif\">Mis \u00e0 jour le 16 d\u00e9cembre 2024 \u00e0 11h50<\/span>      <\/p>\n<p class=\"duree_lecture\">\n        Dur\u00e9e de lecture : 4 minutes\n      <\/p>\n<\/p><\/div>\n<div>\n<p>Mayotte, le d\u00e9partement fran\u00e7ais le plus pauvre, est en ruines apr\u00e8s le passage du cyclone Chido le 14\u00a0d\u00e9cembre. Avec des rafales d\u00e9passant les 220 km\/h \u2014 du jamais-vu depuis pr\u00e8s d\u2019un si\u00e8cle\u00a0\u2014, l\u2019archipel de l\u2019oc\u00e9an Indien est m\u00e9connaissable. Selon le pr\u00e9fet Fran\u00e7ois-Xavier Bieuville, <i>\u00ab<small class=\"fine d-inline\">\u00a0<\/small>des centaines, voire des milliers de personnes<small class=\"fine d-inline\">\u00a0<\/small>\u00bb<\/i> auraient p\u00e9ri. Le syst\u00e8me hospitalier est <i>\u00ab<small class=\"fine d-inline\">\u00a0<\/small>tr\u00e8s endommag\u00e9<small class=\"fine d-inline\">\u00a0<\/small>\u00bb<\/i> et les centres m\u00e9dicaux sont <i>\u00ab<small class=\"fine d-inline\">\u00a0<\/small>inop\u00e9rants<small class=\"fine d-inline\">\u00a0<\/small>\u00bb<\/i>, selon le gouvernement.<\/p>\n<p>Les images en provenance du quartier de Labattoir, \u00e0 Dzaoudzi, montrent des habitations \u00e9ventr\u00e9es, les toits arrach\u00e9s, des fen\u00eatres bris\u00e9es, et des bidonvilles r\u00e9duits \u00e0 des amas de m\u00e9tal tordu et d\u00e9form\u00e9. Le port est jonch\u00e9 de bateaux \u00e9chou\u00e9s, empil\u00e9s les uns sur les autres. <i>\u00ab<small class=\"fine d-inline\">\u00a0<\/small>On ne reconna\u00eet m\u00eame plus nos rues et nos quartiers<small class=\"fine d-inline\">\u00a0<\/small>\u00bb<\/i>, t\u00e9moigne une Mahoraise <a target=\"_blank\" href=\"https:\/\/www.liberation.fr\/environnement\/climat\/cyclone-chido-a-mayotte-on-ne-reconnait-meme-plus-nos-rues-et-nos-quartiers-20241215_NST62Z2TZNDO5G37KWWMQ36UUQ\/\" class=\"spip_out\" rel=\"external\">dans <i>Lib\u00e9ration<\/i><\/a>. Les arbres d\u00e9racin\u00e9s et les t\u00f4les envol\u00e9es, <a target=\"_blank\" href=\"https:\/\/la1ere.francetvinfo.fr\/mayotte\/direct-le-cyclone-chido-se-rapproche-rapidement-de-mayotte-la-situation-risque-de-s-aggraver-suivez-l-evolution-en-temps-reel-1545184.html\" class=\"spip_out\" rel=\"external\">d\u00e9crites par <i>La 1<sup class=\"typo_exposants\">re<\/sup><\/i><\/a>, accentuent cette vision apocalyptique.<\/p>\n<p>L\u2019alerte violette a \u00e9t\u00e9 lev\u00e9e pour permettre l\u2019intervention des secours. Toutefois, la situation reste chaotique\u00a0: 15 000 foyers sont sans \u00e9lectricit\u00e9, les routes sont impraticables et les communications intermittentes rendent difficile l\u2019\u00e9valuation pr\u00e9cise des pertes humaines et mat\u00e9rielles.<\/p>\n<h2 class=\"spip\">Le r\u00f4le de la crise climatique<\/h2>\n<p>Le cyclone Chido est un ph\u00e9nom\u00e8ne naturel, mais il a potentiellement \u00e9t\u00e9 exacerb\u00e9 par le <a target=\"_blank\" href=\"Qu-est-ce-que-le-rechauffement-climatique\">r\u00e9chauffement climatique<\/a>. Les chercheurs n\u2019ont pas encore attribu\u00e9 son influence sur cet \u00e9v\u00e9nement, mais on sait qu\u2019un climat qui se r\u00e9chauffe tend \u00e0 rendre les cyclones plus intenses. La temp\u00e9rature \u00e9lev\u00e9e des eaux de surface de l\u2019oc\u00e9an Indien \u2014 atteignant pr\u00e8s de 30\u00a0\u00b0C \u2014 a fourni un immense r\u00e9servoir d\u2019\u00e9nergie \u00e0 Chido.<\/p>\n<p><a target=\"_blank\" href=\"https:\/\/reporterre.net\/Comprendre-les-cyclones-un-defi-majeur-pour-les-climatologues\" class=\"lien_lireaussi\"><strong>Lire aussi : <\/strong> <span>Comprendre les cyclones\u00a0: un d\u00e9fi majeur pour les climatologues<\/span><\/a><\/p>\n<p><a target=\"_blank\" href=\"https:\/\/www.ipcc.ch\/report\/ar6\/wg1\/downloads\/outreach\/IPCC_AR6_WGI_SummaryForAll_French.pdf\" class=\"spip_out\" rel=\"external\">Les projections du Giec<\/a> indiquent qu\u2019avec 1,5\u00a0\u00b0C de r\u00e9chauffement global, la proportion de cyclones tropicaux intenses pourrait augmenter de 10<small class=\"fine d-inline\">\u00a0<\/small>%, et de 20<small class=\"fine d-inline\">\u00a0<\/small>% si le r\u00e9chauffement atteint 4\u00a0\u00b0C. Bien que le nombre total de cyclones devrait rester stable, leur intensit\u00e9 croissante pose un d\u00e9fi majeur pour les populations vuln\u00e9rables.<\/p>\n<h2 class=\"spip\">Une vuln\u00e9rabilit\u00e9 structurelle criante<\/h2>\n<p>La catastrophe de Mayotte est d\u2019autant plus dramatique que le d\u00e9partement souffre d\u2019une vuln\u00e9rabilit\u00e9 structurelle profonde. <a target=\"_blank\" href=\"https:\/\/www.humanite.fr\/monde\/cyclones\/apres-le-passage-du-cyclone-chido-a-mayotte-des-defaillances-de-letat-a-tous-les-etages\" class=\"spip_out\" rel=\"external\">Comme le rappelle <i>L\u2019Humanit\u00e9<\/i><\/a>, 77<small class=\"fine d-inline\">\u00a0<\/small>% de la population vit sous le seuil de pauvret\u00e9, et 1\u00a0personne sur\u00a03 r\u00e9side dans une habitation pr\u00e9caire faite de t\u00f4le. Ces bidonvilles ont \u00e9t\u00e9 compl\u00e8tement ras\u00e9s par le cyclone, se transformant en un <i>\u00ab<small class=\"fine d-inline\">\u00a0<\/small>charnier<small class=\"fine d-inline\">\u00a0<\/small>\u00bb<\/i>, <a target=\"_blank\" href=\"https:\/\/la1ere.francetvinfo.fr\/mayotte\/cyclone-chido-pourquoi-il-sera-difficile-d-etablir-un-bilan-des-morts-1545736.html\" class=\"spip_out\" rel=\"external\">selon la d\u00e9put\u00e9e (Liot) Estelle Youssouffa<\/a>.<\/p>\n<p><i>\u00ab<small class=\"fine d-inline\">\u00a0<\/small>\u00c0 chaque catastrophe, il convient [&#8230;] de se demander ce qui a rendu autant d\u2019individus si fragiles<small class=\"fine d-inline\">\u00a0<\/small>\u00bb<\/i>, estimait en 2023 aupr\u00e8s de <i><a target=\"_blank\" href=\"https:\/\/reporterre.net\/Maroc-Libye-Grece-Plus-la-societe-est-inegalitaire-plus-la-catastrophe-est-meurtriere\">Reporterre<\/a><\/i> Jean-Paul Vanderlinden, \u00e9conomiste environnemental. L\u2019acc\u00e8s aux soins, \u00e0 l\u2019\u00e9ducation et la stabilit\u00e9 \u00e9conomique conditionnent la capacit\u00e9 d\u2019une soci\u00e9t\u00e9 \u00e0 r\u00e9sister et \u00e0 se relever apr\u00e8s un choc climatique ou une catastrophe naturelle, expliquait-il.<\/p>\n<p>Or, l\u2019\u00c9tat fran\u00e7ais, souvent accus\u00e9 de n\u00e9gligence, est critiqu\u00e9 pour sa gestion de l\u2019archipel. <a target=\"_blank\" href=\"https:\/\/la1ere.francetvinfo.fr\/mayotte-un-rapport-cache-accable-la-gestion-de-l-etat-sur-la-situation-de-l-ile-1373670.html\" class=\"spip_out\" rel=\"external\">Le rapport<\/a> de l\u2019inspection g\u00e9n\u00e9rale de six minist\u00e8res publi\u00e9 en 2023 d\u00e9non\u00e7ait d\u00e9j\u00e0 <i>\u00ab<small class=\"fine d-inline\">\u00a0<\/small>une faillite g\u00e9n\u00e9ralis\u00e9e des administrations publiques<small class=\"fine d-inline\">\u00a0<\/small>\u00bb<\/i> \u00e0 Mayotte. Malgr\u00e9 les promesses d\u2019investissements, le d\u00e9partement reste sous-\u00e9quip\u00e9 en infrastructures de sant\u00e9, d\u2019\u00e9ducation et d\u2019acc\u00e8s \u00e0 l\u2019eau potable. 6\u00a0logements sur\u00a010 n\u2019ont par exemple pas de toilettes ni douche, favorisant des \u00e9pid\u00e9mies telles que le chol\u00e9ra.<\/p>\n<p>Si des secours militaires sont en route et que le gouvernement affirme \u00eatre <i>\u00ab<small class=\"fine d-inline\">\u00a0<\/small>100<small class=\"fine d-inline\">\u00a0<\/small>% mobilis\u00e9 pour les Mahorais<small class=\"fine d-inline\">\u00a0<\/small>\u00bb<\/i>, sans une prise de conscience r\u00e9elle des facteurs de vuln\u00e9rabilit\u00e9, Mayotte restera une proie facile pour les catastrophes \u00e0 venir. Comme le soulignait sur <i><a target=\"_blank\" href=\"https:\/\/reporterre.net\/Avec-le-changement-climatique-des-cyclones-toujours-plus-destructeurs\">Reporterre<\/a><\/i> l\u2019anthropologue Sandrine Revet, il ne suffit pas de g\u00e9rer l\u2019urgence\u00a0: il faut investir dans un urbanisme adapt\u00e9 et une r\u00e9duction des in\u00e9galit\u00e9s pour prot\u00e9ger les populations les plus expos\u00e9es.<\/p>\n<aside class=\"boite_encarts\">\n<div class=\"encart encart_gris noprint\">\n<p><strong>Il est de retour.<\/strong><\/p>\n<p>Dans quelques semaines, Donald Trump se r\u00e9-installera \u00e0 la Maison Blanche.<\/p>\n<p>Un milliardaire, pour qui le r\u00e9chauffement climatique est \u00ab<small class=\"fine d-inline\">\u00a0<\/small>un canular<small class=\"fine d-inline\">\u00a0<\/small>\u00bb, sera \u00e0 la t\u00eate de la plus grande puissance mondiale.<\/p>\n<p>Dans une d\u00e9cennie cruciale pour l\u2019\u00e9cologie, nous ne pouvons pas nous permettre de perdre plus de temps.<\/p>\n<p>La soci\u00e9t\u00e9 civile doit continuer de se soulever, de se mobiliser et de faire pression sur les puissants.<\/p>\n<p>Mais pour agir, il faut savoir.<\/p>\n<p><strong>Depuis 11 ans, nous publions des articles de qualit\u00e9 sur l\u2019\u00e9cologie, en acc\u00e8s libre et sans publicit\u00e9, pour tous.<\/strong><\/p>\n<p>Nous avons la conviction que l\u2019urgence \u00e9cologique est l\u2019enjeu majeur de notre \u00e9poque.<br class=\"autobr\"\/><br \/>\n Et comme plus de 2 millions de lectrices et lecteurs chaque mois, vous partagez sans doute cette conviction&#8230;<\/p>\n<p>Alors si vous en avez les moyens, sachez qu\u2019un don, m\u00eame d\u20191\u20ac, est un acte de soutien fort pour l\u2019\u00e9cologie et le journalisme ind\u00e9pendant.<br class=\"autobr\"\/><br \/>\n (Et \u00e7a vous prendra moins de temps que la lecture de ce texte).<\/p>\n<p><strong>Si vous le pouvez, choisissez un soutien mensuel. Merci.<\/strong><\/p>\n<p><a target=\"_blank\" href=\"https:\/\/reporterre.net\/dons\" class=\"bt_soutenir\">Je soutiens <i>Reporterre<\/i><\/a><\/p>\n<\/p><\/div>\n<div class=\"encart encart_vert noprint montre_1023\">\n<div class=\"infolettre-form-container noprint\">\n<p>Abonnez-vous \u00e0 la lettre d\u2019info de Reporterre<\/p>\n<\/div><\/div>\n<\/aside>\n<aside class=\"boite_apresarticle encart_note\">\n<h4>Apr\u00e8s cet article<\/h4>\n<p>      <a target=\"_blank\" href=\"https:\/\/reporterre.net\/Comprendre-les-cyclones-un-defi-majeur-pour-les-climatologues\" class=\"lien_article\">\n      <picture class=\"vignette_gauche\"><source type=\"image\/webp\" srcset=\"https:\/\/reporterre.net\/local\/cache-gd2\/1b\/b383f3ca46c360111854836adccf81.jpg@.webp?1730139756\"><img decoding=\"async\" src=\"https:\/\/reporterre.net\/local\/cache-gd2\/1b\/b383f3ca46c360111854836adccf81.jpg?1730139756\" width=\"450\" height=\"300\" alt=\"\" class=\"marge12\" loading=\"lazy\"\/><br \/>\n<\/source><\/picture>\n<p class=\"libelle\">\n<p>      Climat\n    <\/p>\n<p class=\"titre pol20\">Comprendre les cyclones\u00a0: un d\u00e9fi majeur pour les climatologues<\/p>\n<p>      <\/a><br \/>\n    <\/aside>\n<aside class=\"boite_complement texte\">\n<p>      <!-- zone_forum --><br \/>\n          <\/aside>\n<aside class=\"boite_lireaussi noprint\">\n<\/aside>\n<aside class=\"colonne\">\n<div class=\"article_info cache_1023 noprint\">\n<p>    <span class=\"date\">16 d\u00e9cembre 2024  \u00e0 11h27<\/span><\/p>\n<p>    <span class=\"date_modif\">Mis \u00e0 jour le 16 d\u00e9cembre 2024 \u00e0 11h50<\/span>      <\/p>\n<p class=\"duree_lecture\">\n        Dur\u00e9e de lecture : 4 minutes\n      <\/p>\n<\/p><\/div>\n<div class=\"bloc_infolettre\">\n<div class=\"infolettre-form-container noprint\">\n<p>Abonnez-vous \u00e0 la lettre d\u2019info de Reporterre<\/p>\n<\/div><\/div>\n<\/aside>\n<div id=\"galerie\">\n  <img decoding=\"async\" src=\"\" class=\"principale\" id=\"principale\"\/><\/p>\n<p id=\"legende\">legende<\/p>\n<\/div>\n<footer class=\"noprint\">\n<\/footer>\n<\/div>\n<p><br \/>\n<br \/><a href=\"https:\/\/reporterre.net\/Cyclone-Chido-Mayotte-paye-le-prix-du-dereglement-climatique\" target=\"_blank\"\">Source link <\/a><\/p>\n","protected":false},"excerpt":{"rendered":"<p>16 d\u00e9cembre 2024 \u00e0 11h27 Mis \u00e0 jour le 16 d\u00e9cembre 2024 \u00e0 11h50 Dur\u00e9e de lecture : 4 minutes Mayotte, le d\u00e9partement fran\u00e7ais le plus pauvre, est en ruines&hellip; <\/p>\n","protected":false},"author":1,"featured_media":2315,"comment_status":"open","ping_status":"open","sticky":false,"template":"","format":"standard","meta":{"footnotes":""},"categories":[1],"tags":[],"class_list":["post-2314","post","type-post","status-publish","format-standard","has-post-thumbnail","hentry","category-non-classe"],"_links":{"self":[{"href":"https:\/\/monde25.info\/index.php\/wp-json\/wp\/v2\/posts\/2314","targetHints":{"allow":["GET"]}}],"collection":[{"href":"https:\/\/monde25.info\/index.php\/wp-json\/wp\/v2\/posts"}],"about":[{"href":"https:\/\/monde25.info\/index.php\/wp-json\/wp\/v2\/types\/post"}],"author":[{"embeddable":true,"href":"https:\/\/monde25.info\/index.php\/wp-json\/wp\/v2\/users\/1"}],"replies":[{"embeddable":true,"href":"https:\/\/monde25.info\/index.php\/wp-json\/wp\/v2\/comments?post=2314"}],"version-history":[{"count":0,"href":"https:\/\/monde25.info\/index.php\/wp-json\/wp\/v2\/posts\/2314\/revisions"}],"wp:featuredmedia":[{"embeddable":true,"href":"https:\/\/monde25.info\/index.php\/wp-json\/wp\/v2\/media\/2315"}],"wp:attachment":[{"href":"https:\/\/monde25.info\/index.php\/wp-json\/wp\/v2\/media?parent=2314"}],"wp:term":[{"taxonomy":"category","embeddable":true,"href":"https:\/\/monde25.info\/index.php\/wp-json\/wp\/v2\/categories?post=2314"},{"taxonomy":"post_tag","embeddable":true,"href":"https:\/\/monde25.info\/index.php\/wp-json\/wp\/v2\/tags?post=2314"}],"curies":[{"name":"wp","href":"https:\/\/api.w.org\/{rel}","templated":true}]}}