{"id":2318,"date":"2024-12-16T15:19:37","date_gmt":"2024-12-16T14:19:37","guid":{"rendered":"https:\/\/monde25.info\/index.php\/2024\/12\/16\/le-beaujolais-bayrou-nouveau-est-arrive-a-temps-pour-noel-des-ordonnances-deuxieme-partie\/"},"modified":"2024-12-16T15:19:37","modified_gmt":"2024-12-16T14:19:37","slug":"le-beaujolais-bayrou-nouveau-est-arrive-a-temps-pour-noel-des-ordonnances-deuxieme-partie","status":"publish","type":"post","link":"https:\/\/monde25.info\/index.php\/2024\/12\/16\/le-beaujolais-bayrou-nouveau-est-arrive-a-temps-pour-noel-des-ordonnances-deuxieme-partie\/","title":{"rendered":"Le Beaujolais Bayrou nouveau est arriv\u00e9. A temps pour No\u00ebl des ordonnances ?(deuxi\u00e8me partie)"},"content":{"rendered":"<p> <br \/>\n<\/p>\n<div>\n<p>Bon. Comme convenu, je commence cette seconde partie par la liste non exhaustive des retournements de veste, des baisers de judas, des forfaitures, en tous genres que notre nouveau Premier Ministre a op\u00e9r\u00e9s durant sa carri\u00e8re politique.<\/p>\n<p>Fran\u00e7ois Bayrou avait plusieurs fois vilipend\u00e9 le bilan d&rsquo;Emmanuel Macron, lorsque ce dernier \u00e9tait ministre de l\u2019\u00c9conomie (d\u2019ao\u00fbt 2014 \u00e0 ao\u00fbt 2016) de Fran\u00e7ois Hollande\u00a0:<\/p>\n<blockquote>\n<p>\u00ab\u00a0Emmanuel<em>\u00a0Macron est le principal responsable de la politique \u00e9conomique de Fran\u00e7ois Hollande depuis quatre ans. Pour quel r\u00e9sultat ?\u00bb<\/em>, s\u2019interrogeait-il avec acidit\u00e9 en septembre 2016.<\/p>\n<\/blockquote>\n<p>Et, son invective \u00e0 l&rsquo;encontre du candidat Emmanuel Macron, en 2017, chez Jean-Jacques Bourdin fut plus rude encore\u00a0:<\/p>\n<blockquote>\n<p>\u00ab\u00a0<em>Il y a l\u00e0 une tentative qui a d\u00e9j\u00e0 \u00e9t\u00e9 faite plusieurs fois par plusieurs grands int\u00e9r\u00eats financiers et autres, qui ne se contentent pas d\u2019avoir le pouvoir \u00e9conomique, mais qui veulent avoir le pouvoir politique. On a d\u00e9j\u00e0 essay\u00e9 en 2007 avec Nicolas Sarkozy et \u00e7a n\u2019a pas tr\u00e8s bien march\u00e9. On a essay\u00e9 en 2012 avec Dominique Strauss-Kahn.<\/em>\u00a0\u00bb<\/p>\n<\/blockquote>\n<p>Mais, l\u2019improbit\u00e9 intellectuelle (et plus si affinit\u00e9s) de Fran\u00e7ois Bayrou, \u00ab\u00a0l&rsquo;homme politique\u00a0\u00bb, ne s&rsquo;arr\u00eate pas l\u00e0.<\/p>\n<p>Oh que non\u00a0!<\/p>\n<p>Souvenez-vous. Il avait appel\u00e9 \u00e0 voter Nicolas Sarkozy en 2007 (contre S\u00e9gol\u00e8ne Royal), puis retournement de veste en 2012\u00a0: Fran\u00e7ois Bayrou a appel\u00e9 \u00e0 voter contre Nicolas Sarkozy (pr\u00e9cis\u00e9ment, il a appel\u00e9 \u00e0 voter Fran\u00e7ois Hollande). Pourquoi\u00a0? Parce que (friponnerie entre fripouilles au jeu de la Rente politique), une fois \u00e9lu pr\u00e9sident de la R\u00e9publique en 2007, gr\u00e2ce \u00e0 cet appel \u00e0 voter pour lui, Nicolas Sarkozy n&rsquo;a pas donn\u00e9 \u00e0 Fran\u00e7ois Bayrou, le poste de ministre qu&rsquo;il lui aurait \u00e9t\u00e9 promis en \u00e9change de cet appel.<\/p>\n<p>En 2017, apr\u00e8s avoir d&rsquo;abord fustig\u00e9 Emmanuel Macron comme susdit, il s&rsquo;est ralli\u00e9 \u00e0 lui. Ceci aurait toujours et encore \u00e9t\u00e9 contre la promesse d&rsquo;\u00eatre nomm\u00e9 ministre\u00a0! Le poste de ministre de la Justice qu&rsquo;il briguait qu&rsquo;il a d\u00fb quitter n\u00e9anmoins \u00e0 peine un mois et quatre jours plus tard, mis en examen pour les faits de d\u00e9tournement de fonds publics qu&rsquo;il \u00e9tait, ces faits pour lesquels (je le r\u00e9p\u00e8te, car c&rsquo;est important), finalement, notre actuel Premier Ministre a \u00e9t\u00e9 renvoy\u00e9 devant le tribunal correctionnel. Ces faits sur lesquels la cour d&rsquo;appel de Paris est appel\u00e9e \u00e0 statuer en second ressort, sans doute fin 2025.<\/p>\n<p>Il ne restait alors plus pour survivre p\u00e9cuniairement au pauvre Fran\u00e7ois Bayrou, que de modestes \u00e9moluments. L&rsquo;argent de poche qu&rsquo;il per\u00e7oit pour les deux autres fonctions publiques r\u00e9mun\u00e9r\u00e9es qu&rsquo;il exerce (outre celle de Pr\u00e9sident du Conseil national de la refondation qu&rsquo;il affirme occuper gratuitement), en plus des avantages en nature qui vont avec et qui sont tout autant \u00ab\u00a0modestes\u00a0\u00bb\u00a0: maire de Pau \u00e0 4 694,51 euros brut par mois, et Pr\u00e9sident de la communaut\u00e9 d\u2019agglom\u00e9ration Pau-B\u00e9arn-Pyr\u00e9n\u00e9es, \u00e0 3 072,63 euros brut par mois. Soit \u00e0 peine 7 767,14 euros bruts par mois au total. C&rsquo;est-\u00e0-dire l&rsquo;\u00e9quivalent de seulement 4,5 smic par mois d&rsquo;argent de poche\u00a0: une mis\u00e8re. Surtout si on compare cela aux dizaines de milliers d\u2019euros que son pr\u00e9d\u00e9cesseur empoche chaque mois.\u00a0 Dans le classement du top des percepteurs \u00ab des\u00a0ors ou de l\u2019or de la Ripoublique\u00a0\u00bb, Fran\u00e7ois Bayrou ferait-il triste mine, \u00e9tait-il rel\u00e9gu\u00e9 en seconde division\u00a0?<\/p>\n<p>Histoire de rem\u00e9dier \u00e0 cela, Emmanuel Macron aurait cr\u00e9\u00e9 un poste expr\u00e8s pour Fran\u00e7ois Bayrou\u00a0: \u00ab\u00a0Haut-Commissaire au plan.\u00a0\u00bb Cette fonction sans aucune utilit\u00e9 concr\u00e8te v\u00e9ritable (1), qu&rsquo;il exerce depuis le 3 septembre 2020, et au salaire de 4 000 \u20ac euros net par mois, \u00e0 propos duquel Fran\u00e7ois Bayrou a eu ce commentaire, le 7 f\u00e9vrier 2021\u00a0:<\/p>\n<blockquote>\n<p><a target=\"_blank\" href=\"https:\/\/x.com\/LeGrandJury\/status\/1358399580044464129?ref_src=twsrc%5Etfw%7Ctwcamp%5Etweetembed%7Ctwterm%5E1358399580044464129%7Ctwgr%5E371374aad834870274389e558448c780cc3d8fe7%7Ctwcon%5Es1_c10&amp;ref_url=https%3A%2F%2Fwww.midilibre.fr%2F2021%2F02%2F09%2Fles-4-000-de-bayrou-quel-est-le-veritable-revenu-de-la-classe-moyenne-9362416.php\">\u00ab\u00a0<em>Quand on gagne 4 000 euros par mois, On est de la classe moyenne<\/em>.\u00a0\u00bb<\/a><\/p>\n<\/blockquote>\n<blockquote class=\"twitter-tweet\">\n<p lang=\"fr\" dir=\"ltr\">\ud83d\udcac Est-on riche avec un revenu de 4.000 euros par mois ?<\/p>\n<p>\ud83d\udde3 \u00ab\u00a0On est de la classe moyenne\u00a0\u00bb, r\u00e9pond Fran\u00e7ois <a target=\"_blank\" href=\"https:\/\/twitter.com\/bayrou?ref_src=twsrc%5Etfw\">@bayrou<\/a>\u00a0<\/p>\n<p>Le replay <a target=\"_blank\" href=\"https:\/\/twitter.com\/hashtag\/LeGrandJury?src=hash&amp;ref_src=twsrc%5Etfw\">#LeGrandJury<\/a> \ud83d\udc49<a target=\"_blank\" href=\"https:\/\/t.co\/ZgShT5tyUW\">https:\/\/t.co\/ZgShT5tyUW<\/a> <a target=\"_blank\" href=\"https:\/\/t.co\/pUWHm7iMmk\">pic.twitter.com\/pUWHm7iMmk<\/a><\/p>\n<p>\u2014 Le Grand Jury (@LeGrandJury) <a target=\"_blank\" href=\"https:\/\/twitter.com\/LeGrandJury\/status\/1358399580044464129?ref_src=twsrc%5Etfw\">February 7, 2021<\/a><\/p>\n<\/blockquote>\n<p>C&rsquo;\u00e9tait pour minimiser l&rsquo;impact que ce haut parasite a sur les d\u00e9penses publiques depuis 45 ans.<\/p>\n<p>Diable\u00a0!<\/p>\n<p>\u00c0 ces 4 000 \u20ac euros par mois, ajoutons les 7 767,14 \u20ac par mois qu&rsquo;il per\u00e7oit (voir supra) comme maire de Pau et comme Pr\u00e9sident de la communaut\u00e9 d\u2019agglom\u00e9ration Pau-B\u00e9arn-Pyr\u00e9n\u00e9es. Il faut \u00e9galement ajouter les sommes qu&rsquo;il per\u00e7oit \u00e9galement, toujours sur les deniers publics, avec les retraites d&rsquo;autres fonctions politiques qu&rsquo;il a exerc\u00e9es\u00a0: sa retraite de ministre de l&rsquo;\u00c9ducation nationale qu&rsquo;il a \u00e9t\u00e9 sous Fran\u00e7ois Mitterrand (Gouvernement Balladur) et sous Jacques Chirac (Gouvernement Jupp\u00e9)\u202f; sa retraite de ministre de la Justice qu&rsquo;il a \u00e9t\u00e9 sous Emmanuel Macron, sa retraite de d\u00e9put\u00e9 fran\u00e7ais et sa retraite de d\u00e9put\u00e9 europ\u00e9en. En\u00a0vrai percepteur des deniers publics, et excellent acteur de th\u00e9\u00e2tre, capable de d\u00e9clamer des fausses v\u00e9rit\u00e9s et de vrais mensonges au peuple, coupl\u00e9 avec ses actes potentiellement illicites, <strong>ceci en faisait donc le candidat id\u00e9al pour \u00eatre nomm\u00e9 au poste de premier ministre<\/strong>.\u00a0<\/p>\n<p>Et attendez\u00a0! Ce n&rsquo;est pas tout. Fran\u00e7ois Bayrou est aussi administrateur de \u00ab\u00a0France Galop\u00a0\u00bb (nomm\u00e9 par \u00c9douard de Rothschild), avec Arnaud Lagard\u00e8re\u00a0: une soci\u00e9t\u00e9 dont le budget annuel constitu\u00e9 essentiellement de subventions \u00e9tatiques est de 8 milliards d&rsquo;euros par an, et qui verse, tenez-vous bien, \u00e0 son Pr\u00e9sident, un salaire de 30 000 euros net par mois.<\/p>\n<p>Et, Fran\u00e7ois Bayrou, \u00e9leveur de chevaux, fait \u00e9galement partie du conseil d&rsquo;administration de AECC\u00a0: le syndicat des entra\u00eeneurs des chevaux de courses, une activit\u00e9 qui g\u00e9n\u00e8rerait plus de dix milliards d&rsquo;euros de chiffre d&rsquo;affaires par an, au sein d&rsquo;une gestion 100\u2009% occulte.<\/p>\n<p>Voil\u00e0. C&rsquo;est cet homme qui a os\u00e9 affirmer, lors de la c\u00e9r\u00e9monie de passation de pouvoir, pendant ce qui fut donc son premier discours comme Premier Ministre\u00a0:<\/p>\n<blockquote>\n<p class=\"text-align-center\">\u00ab\u00a0<em>J&rsquo;ai fait toute ma vie sans l&rsquo;\u00e9quit\u00e9<\/em>.\u00a0\u00bb<\/p>\n<\/blockquote>\n<p>Remarquez, quelque part, c&rsquo;est la v\u00e9rit\u00e9. Puisque Fran\u00e7ois Bayrou s&rsquo;est goinfr\u00e9 toute sa vie durant sur le dos des Fran\u00e7ais, pay\u00e9 \u00e0 ne rien faire par les Fran\u00e7ais qui eux travaillent dur pour payer les salaires \u00e9normes et avantages en nature pharaoniques des politiciens, j&rsquo;insiste\u00a0: c&rsquo;est la v\u00e9rit\u00e9. La r\u00e9alit\u00e9 inacceptable qu&rsquo;il nous faut d\u00e8s lors absolument changer\u00a0: Fran\u00e7ois Bayrou a fait toute sa vie sans l&rsquo;\u00e9quit\u00e9. Dans l\u2019iniquit\u00e9 totale. Comme tous les autres membres de la caste parasite des politiciens et hauts fonctionnaires au pouvoir depuis 60 ans, ces parasites hautement nuisibles et tra\u00eetres \u00e0 la patrie, qui nous a coll\u00e9 une dette publique de 3 200 milliards.<\/p>\n<p>Comme c&rsquo;est un vendredi 13 qu&rsquo;il a \u00e9t\u00e9 nomm\u00e9 dans la fonction gr\u00e2ce \u00e0 laquelle il va pouvoir se goinfrer \u00e0 vie plus que ce qu&rsquo;il n&rsquo;a pu le faire depuis 45 ans, d\u00e9cid\u00e9ment, Fran\u00e7ois Bayrou, pique-assiette ultime Premier Ministre\u00a0: pour la France et les Fran\u00e7ais, \u00e0 l&rsquo;inverse, cela n&rsquo;annonce rien de bon. Pourquoi\u00a0? Comme je l\u2019avais pr\u00e9c\u00e9demment indiqu\u00e9, Fran\u00e7ois Bayrou se pr\u00e9sente comme le dernier degr\u00e9 de libert\u00e9 d\u2019un Emmanuel Macron repouss\u00e9 contre le mur de la r\u00e9alit\u00e9 et non plus maitre du spectacle de t\u00e9l\u00e9r\u00e9alit\u00e9 politique qu\u2019il nous offre \u00e0 nos frais depuis sept ans. Comme, il\u00a0donne donc les quasi pleins pouvoirs \u00e0 Emmanuel Macron sans que celui-ci ait recouru \u00e0 l\u2019article 16, <strong>on devrait en \u00eatre pour quelques ordonnances<\/strong>. Je m\u2019explique.<\/p>\n<p>Le projet de loi de finance propos\u00e9e le 10 octobre 2024 par le gouvernement Michel Barnier n\u2019a pas \u00e9t\u00e9 ratifi\u00e9. Et, l&rsquo;article 45 de la LOLF pr\u00e9voit que \u00ab\u00a0<em>le Gouvernement d\u00e9pose imm\u00e9diatement devant l&rsquo;Assembl\u00e9e nationale un projet de loi sp\u00e9ciale l&rsquo;autorisant \u00e0 continuer \u00e0 percevoir les imp\u00f4ts existants jusqu&rsquo;au vote de la loi de finances de l&rsquo;ann\u00e9e. Ce projet est discut\u00e9 selon la proc\u00e9dure acc\u00e9l\u00e9r\u00e9e. Apr\u00e8s avoir re\u00e7u l&rsquo;autorisation de continuer \u00e0 percevoir les imp\u00f4ts soit par la promulgation de la premi\u00e8re partie de la loi de finances de l&rsquo;ann\u00e9e, soit par la promulgation d&rsquo;une loi sp\u00e9ciale, le Gouvernement prend des d\u00e9crets ouvrant les cr\u00e9dits applicables aux seuls services vot\u00e9s\u00a0\u00bb.\u00a0<\/em> De plus, l\u2019article 47 de la constitution concernant le PLF d\u00e9crit que <em>\u00ab\u00a0Si l&rsquo;Assembl\u00e9e nationale ne s&rsquo;est pas prononc\u00e9e en premi\u00e8re lecture dans le d\u00e9lai de quarante jours apr\u00e8s le d\u00e9p\u00f4t d&rsquo;un projet, le Gouvernement saisit le S\u00e9nat qui doit statuer dans un d\u00e9lai de quinze jours. Il est ensuite proc\u00e9d\u00e9 dans les conditions pr\u00e9vues \u00e0 l&rsquo;article 45.<\/em><\/p>\n<p><em>Si le Parlement ne s&rsquo;est pas prononc\u00e9 dans un d\u00e9lai de soixante-dix jours, les dispositions du projet peuvent \u00eatre mises en vigueur par ordonnance. Si la loi de finances fixant les ressources et les charges d&rsquo;un exercice n&rsquo;a pas \u00e9t\u00e9 d\u00e9pos\u00e9e en temps utile pour \u00eatre promulgu\u00e9e avant le d\u00e9but de cet exercice, le Gouvernement demande d&rsquo;urgence au Parlement l&rsquo;autorisation de percevoir les imp\u00f4ts et ouvre par d\u00e9cret les cr\u00e9dits se rapportant aux services vot\u00e9s.\u00a0\u00bb<\/em><\/p>\n<p>En r\u00e9sum\u00e9, en appliquant les divers d\u00e9lais, soit un total de soixante-dix jours au 10 octobre 2024, date du d\u00e9p\u00f4t de PLF par Michel Barnier, nous arrivons au 19 d\u00e9cembre 2024.\u00a0 Une situation in\u00e9dite certes, mais qui laisse pr\u00e9sager que <strong>Fran\u00e7ois Bayrou devrait faire usage d\u2019ordonnances<\/strong>, qu\u2019il aura pr\u00e9alablement discut\u00e9es avec le quasi-monarque Emmanuel Macron. Ne restera-t-il donc plus au peuple que des actes de conscience ou de d\u00e9sob\u00e9issance civile dans ce qui s\u2019apparenterait \u00e0 une forme de s\u00e9cession vis-\u00e0-vis de la R\u00e9publique de la caste pour redonner sa juste place \u00e0 \u00ab\u00a0La France\u00a0\u00bb.\u00a0 J\u2019en avais touch\u00e9 un mot dans l\u2019\u00e9dito, \u00ab <em>c&rsquo;est<\/em><a target=\"_blank\" href=\"https:\/\/francesoir.fr\/opinions-editos\/c-est-quoi-la-republique\"><em>\u00a0quoi \u00ab\u00a0La R\u00e9publique\u00a0\u00bb\u00a0?<\/em><\/a><\/p>\n<p>Fran\u00e7ois Bayrou, Premier Ministre, c&rsquo;est exactement comme si Emmanuel Macron s\u2019\u00e9tait nomm\u00e9 \u00e0 ce r\u00f4le. CQFD.\u00a0<\/p>\n<p>\u00a0<\/p>\n<p>Je laisse le mot de la fin \u00e0 Michel Ange Flori qui ainsi confirme\u00a0!<\/p>\n<p><img decoding=\"async\" data-entity-uuid=\"a2cb9bc8-8763-4ea3-a5f8-543011aa10ea\" data-entity-type=\"file\" alt=\"Le p\u00e8re Noel\" width=\"558\" height=\"634\" loading=\"lazy\" class=\"lazyload\" src=\"https:\/\/www.francesoir.fr\/sites\/default\/files\/inline-images\/Le%20pere%20Noel.jpg\"\/><\/p>\n<p>\u00a0<\/p>\n<p>1) selon son rapport d\u2019activit\u00e9 2022-2023, \u00ab\u00a0le haut-commissariat au plan\u00a0\u00bb est \u00ab\u00a0<em>une instance charg\u00e9e d\u2019\u00e9clairer les choix collectifs que la Nation doit prendre au regard des grands enjeux contemporains et de sensibiliser l\u2019opinion publique \u00e0 ces sujets, visant \u00e0 appr\u00e9hender, selon une approche globale et transversale, les d\u00e9fis pr\u00e9sents et futurs qui se posent \u00e0 notre pays\u00a0<\/em>\u00bb.<\/p>\n<p>Je traduis\u00a0: Fran\u00e7ois Bayrou et ses collaborateurs m\u00e8nent des \u00e9changes, des r\u00e9unions et des rencontres avec des acteurs de terrain, repas, colloques et congr\u00e8s aux frais du contribuable, desquels d\u00e9coulent des notes, pour \u00ab\u00a0proposer\u00a0\u00bb des plans d\u2019action sur le long terme \u00e0 destination des pouvoirs publics, de la soci\u00e9t\u00e9 civile et des acteurs \u00e9conomiques. Bref, du flan. Que du vent !<\/p>\n<\/div>\n<p><script async src=\"\/\/platform.twitter.com\/widgets.js\" charset=\"utf-8\"><\/script><script>(function(d, s, id) {  var js, fjs = d.getElementsByTagName(s)[0];  if (d.getElementById(id)) return;  js = d.createElement(s); js.id = id;  js.src = \"\/\/connect.facebook.net\/fr_FR\/sdk.js#xfbml=1&version=v2.3\";  fjs.parentNode.insertBefore(js, fjs);}(document, \"script\", \"facebook-jssdk\"));<\/script><br \/>\n<br \/><br \/>\n<br \/><a href=\"https:\/\/www.francesoir.fr\/opinions-editos\/le-beaujolais-bayrou-nouveau-est-arrive-temps-pour-noel-des-ordonnances-deuxieme\" target=\"_blank\"\">Source link <\/a><\/p>\n","protected":false},"excerpt":{"rendered":"<p>Bon. Comme convenu, je commence cette seconde partie par la liste non exhaustive des retournements de veste, des baisers de judas, des forfaitures, en tous genres que notre nouveau Premier&hellip; <\/p>\n","protected":false},"author":1,"featured_media":0,"comment_status":"open","ping_status":"open","sticky":false,"template":"","format":"standard","meta":{"footnotes":""},"categories":[1],"tags":[],"class_list":["post-2318","post","type-post","status-publish","format-standard","hentry","category-non-classe"],"_links":{"self":[{"href":"https:\/\/monde25.info\/index.php\/wp-json\/wp\/v2\/posts\/2318","targetHints":{"allow":["GET"]}}],"collection":[{"href":"https:\/\/monde25.info\/index.php\/wp-json\/wp\/v2\/posts"}],"about":[{"href":"https:\/\/monde25.info\/index.php\/wp-json\/wp\/v2\/types\/post"}],"author":[{"embeddable":true,"href":"https:\/\/monde25.info\/index.php\/wp-json\/wp\/v2\/users\/1"}],"replies":[{"embeddable":true,"href":"https:\/\/monde25.info\/index.php\/wp-json\/wp\/v2\/comments?post=2318"}],"version-history":[{"count":0,"href":"https:\/\/monde25.info\/index.php\/wp-json\/wp\/v2\/posts\/2318\/revisions"}],"wp:attachment":[{"href":"https:\/\/monde25.info\/index.php\/wp-json\/wp\/v2\/media?parent=2318"}],"wp:term":[{"taxonomy":"category","embeddable":true,"href":"https:\/\/monde25.info\/index.php\/wp-json\/wp\/v2\/categories?post=2318"},{"taxonomy":"post_tag","embeddable":true,"href":"https:\/\/monde25.info\/index.php\/wp-json\/wp\/v2\/tags?post=2318"}],"curies":[{"name":"wp","href":"https:\/\/api.w.org\/{rel}","templated":true}]}}