{"id":2321,"date":"2024-12-16T16:28:38","date_gmt":"2024-12-16T15:28:38","guid":{"rendered":"https:\/\/monde25.info\/index.php\/2024\/12\/16\/la-syrie-desormais-aux-mains-des-terroristes-affirme-assad-dans-sa-premiere-declaration-depuis-moscou-rt-en-francais\/"},"modified":"2024-12-16T16:28:38","modified_gmt":"2024-12-16T15:28:38","slug":"la-syrie-desormais-aux-mains-des-terroristes-affirme-assad-dans-sa-premiere-declaration-depuis-moscou-rt-en-francais","status":"publish","type":"post","link":"https:\/\/monde25.info\/index.php\/2024\/12\/16\/la-syrie-desormais-aux-mains-des-terroristes-affirme-assad-dans-sa-premiere-declaration-depuis-moscou-rt-en-francais\/","title":{"rendered":"La Syrie \u00abd\u00e9sormais aux mains des terroristes\u00bb, affirme Assad dans sa premi\u00e8re d\u00e9claration depuis Moscou \u2014 RT en fran\u00e7ais"},"content":{"rendered":"<p> <br \/>\n<br \/><img decoding=\"async\" src=\"https:\/\/mf.b37mrtl.ru\/french\/images\/2024.12\/thumbnail\/67603ff36f7ccc5e6a0f9a2c.jpg\" \/><\/p>\n<div>\n<p class=\"text__summary\">\n                                        Assad, qui s\u2019exprime pour la premi\u00e8re fois sur les circonstances ayant conduit \u00e0 son d\u00e9part, affirme avoir appris la chute de Damas alors qu&rsquo;il se trouvait dans la base militaire russe de Hmeimim et que son d\u00e9part n\u2019\u00e9tait pas \u00abpr\u00e9m\u00e9dit\u00e9\u00bb. Damas tombe aux mains des terroristes, a-t-il notamment regrett\u00e9.\n                                    <\/p>\n<p>De \u00abfausses informations\u00bb et des \u00abr\u00e9cits tr\u00e8s \u00e9loign\u00e9s de la v\u00e9rit\u00e9\u00bb ont tent\u00e9 de pr\u00e9senter le \u00abterrorisme international comme une r\u00e9volution de lib\u00e9ration\u00bb en Syrie, affirme ce 16 d\u00e9cembre le pr\u00e9sident d\u00e9chu Bachar el-Assad dans sa premi\u00e8re d\u00e9claration depuis Moscou apr\u00e8s son d\u00e9part de Syrie le 8 d\u00e9cembre.<\/p>\n<p>Assad, qui s\u2019exprime pour la premi\u00e8re fois sur les circonstances ayant conduit \u00e0 son d\u00e9part, assure que \u00abpas une seule fois au cours des \u00e9v\u00e9nements qui ont eu lieu en Syrie\u00bb il n\u2019avait envisag\u00e9 la possibilit\u00e9 de d\u00e9missionner et de fuir.<\/p>\n<p>Cependant, \u00ablorsque l\u2019\u00c9tat tombe entre les mains du terrorisme et que la capacit\u00e9 d\u2019apporter une contribution significative est perdue, tout poste devient vain, rendant son occupation d\u00e9nu\u00e9e de sens\u00bb, a-t-il expliqu\u00e9.<\/p>\n<p>\u00abMon d\u00e9part de Syrie n\u2019\u00e9tait pas pr\u00e9m\u00e9dit\u00e9 et n\u2019a pas non plus eu lieu durant les derni\u00e8res heures de la bataille, contrairement \u00e0 certaines all\u00e9gations\u00bb, a tenu \u00e0 pr\u00e9ciser Bachar el-Assad dans sa d\u00e9claration. Il a annonc\u00e9 qu&rsquo;il \u00e9tait rest\u00e9 \u00e0 Damas jusqu&rsquo;au petit matin du 8 d\u00e9cembre et qu&rsquo;il n&rsquo;avait quitt\u00e9 le pays que dans la soir\u00e9e de ce jour-l\u00e0.<\/p>\n<p>Il a expliqu\u00e9 qu&rsquo;il s&rsquo;\u00e9tait rendu dimanche 8 d\u00e9cembre \u00e0 la base a\u00e9rienne russe de Hmeimim, \u00e0 Lattaqui\u00e9, pour \u00absuperviser les op\u00e9rations de combat\u00bb, jusqu&rsquo;\u00e0 ce qu&rsquo;il soit \u00e9vacu\u00e9 vers la capitale russe \u00e0 l&rsquo;initiative de Moscou. \u00abLorsque l\u2019\u00c9tat tombe entre les mains du terrorisme (\u2026) tout poste devient inutile\u00bb, a-t-il soulign\u00e9.<\/p>\n<h2><strong>Ex-branche syrienne d\u2019Al-Qa\u00efda <\/strong><\/h2>\n<p>Le pr\u00e9sident syrien d\u00e9chu a \u00e9galement insist\u00e9 sur le fait que depuis son d\u00e9part, Damas \u00e9tait d\u00e9sormais gouvern\u00e9e par les terroristes, tout en promettant qu\u2019une explication \u00abcompl\u00e8te et d\u00e9taill\u00e9e\u00bb des \u00e9v\u00e9nements serait pr\u00e9sent\u00e9e ult\u00e9rieurement.<\/p>\n<p>Le 27 novembre, le groupe radical\u00a0djihadiste Hayat Tahrir al-Cham (HTC), dirig\u00e9e par Abou Mohammad al-Joulani, a lanc\u00e9 une offensive majeure dans les provinces syriennes d&rsquo;Alep et d&rsquo;Idleb. Le 8 d\u00e9cembre, HTC a\u00a0annonc\u00e9 la formation d&rsquo;un gouvernement de transition, et Bachar el-Assad, qui dirigeait le pays depuis 2000, a quitt\u00e9 son poste de pr\u00e9sident le m\u00eame jour.<\/p>\n<p>Ex-branche syrienne d\u2019Al-Qa\u00efda, HTC, qui affirme avoir rompu avec le djihadisme, reste class\u00e9 \u00abterroriste\u00bb par plusieurs capitales occidentales, dont Washington. Le 15 d\u00e9cembre, les \u00c9tats-Unis ont cependant affirm\u00e9 avoir \u00e9tabli \u00abun contact direct\u00bb avec le nouveau pouvoir \u00e0 Damas.<\/p>\n<\/div>\n<p><br \/>\n<br \/><a href=\"https:\/\/francais.rt.com\/international\/115403-syrie-desormais-mains-terroristes-affirme-assad-premiere-declaration-moscou\" target=\"_blank\"\">Source link <\/a><\/p>\n","protected":false},"excerpt":{"rendered":"<p>Assad, qui s\u2019exprime pour la premi\u00e8re fois sur les circonstances ayant conduit \u00e0 son d\u00e9part, affirme avoir appris la chute de Damas alors qu&rsquo;il se trouvait dans la base militaire&hellip; <\/p>\n","protected":false},"author":1,"featured_media":2322,"comment_status":"open","ping_status":"open","sticky":false,"template":"","format":"standard","meta":{"footnotes":""},"categories":[1],"tags":[],"class_list":["post-2321","post","type-post","status-publish","format-standard","has-post-thumbnail","hentry","category-non-classe"],"_links":{"self":[{"href":"https:\/\/monde25.info\/index.php\/wp-json\/wp\/v2\/posts\/2321","targetHints":{"allow":["GET"]}}],"collection":[{"href":"https:\/\/monde25.info\/index.php\/wp-json\/wp\/v2\/posts"}],"about":[{"href":"https:\/\/monde25.info\/index.php\/wp-json\/wp\/v2\/types\/post"}],"author":[{"embeddable":true,"href":"https:\/\/monde25.info\/index.php\/wp-json\/wp\/v2\/users\/1"}],"replies":[{"embeddable":true,"href":"https:\/\/monde25.info\/index.php\/wp-json\/wp\/v2\/comments?post=2321"}],"version-history":[{"count":0,"href":"https:\/\/monde25.info\/index.php\/wp-json\/wp\/v2\/posts\/2321\/revisions"}],"wp:featuredmedia":[{"embeddable":true,"href":"https:\/\/monde25.info\/index.php\/wp-json\/wp\/v2\/media\/2322"}],"wp:attachment":[{"href":"https:\/\/monde25.info\/index.php\/wp-json\/wp\/v2\/media?parent=2321"}],"wp:term":[{"taxonomy":"category","embeddable":true,"href":"https:\/\/monde25.info\/index.php\/wp-json\/wp\/v2\/categories?post=2321"},{"taxonomy":"post_tag","embeddable":true,"href":"https:\/\/monde25.info\/index.php\/wp-json\/wp\/v2\/tags?post=2321"}],"curies":[{"name":"wp","href":"https:\/\/api.w.org\/{rel}","templated":true}]}}