{"id":2329,"date":"2024-12-16T18:40:34","date_gmt":"2024-12-16T17:40:34","guid":{"rendered":"https:\/\/monde25.info\/index.php\/2024\/12\/16\/il-y-aura-certainement-plusieurs-centaines-de-morts-selon-le-prefet-changements-terrestres-sott-net\/"},"modified":"2024-12-16T18:40:34","modified_gmt":"2024-12-16T17:40:34","slug":"il-y-aura-certainement-plusieurs-centaines-de-morts-selon-le-prefet-changements-terrestres-sott-net","status":"publish","type":"post","link":"https:\/\/monde25.info\/index.php\/2024\/12\/16\/il-y-aura-certainement-plusieurs-centaines-de-morts-selon-le-prefet-changements-terrestres-sott-net\/","title":{"rendered":"\u00ab\u00a0Il y aura certainement plusieurs centaines\u00a0\u00bb de morts, selon le pr\u00e9fet \u2014 Changements Terrestres \u2014 Sott.net"},"content":{"rendered":"<p> <br \/>\n<\/p>\n<div>\n      Le cyclone tropical \u00ab\u00a0exceptionnel\u00a0\u00bb Chido a sem\u00e9 le chaos samedi \u00e0 Mayotte. Le bilan humain est tr\u00e8s difficile \u00e0 \u00e9tablir mais \u00ab\u00a0il y aura certainement plusieurs centaines\u00a0\u00bb de morts, indique ce dimanche le pr\u00e9fet de ce d\u00e9partement fran\u00e7ais de l&rsquo;oc\u00e9an Indien.<br \/>\n<\/p>\n<div class=\"article-image-super to-center\"><a target=\"_blank\" href=\"https:\/\/fr.sott.net\/image\/s35\/719827\/full\/maxresdefault_9_.jpg\" target=\"_blank\"><img decoding=\"async\" src=\"https:\/\/fr.sott.net\/image\/s35\/719827\/super\/maxresdefault_9_.jpg\" alt=\"fghj\" title=\"Cliquer pour agrandir\"\/><\/a><\/div>\n<p>Mayotte recense ce dimanche les \u00e9normes d\u00e9g\u00e2ts sem\u00e9s la veille par <a target=\"_blank\" href=\"https:\/\/www.francebleu.fr\/infos\/meteo\/mayotte-en-alerte-violette-en-raison-du-passage-du-cyclone-chido-2646847\">le cyclone Chido<\/a> dans le d\u00e9partement le plus pauvre de France, o\u00f9 les secours s&rsquo;organisent.<\/p>\n<p>Avec des rafales observ\u00e9es \u00e0 plus de 220 km\/h, l&rsquo;ouragan est le plus intense a frapp\u00e9 le territoire ultramarin depuis plus de 90 ans, selon M\u00e9t\u00e9o France. \u00ab\u00a0<em>Il y aura certainement plusieurs centaines<\/em>\u00a0\u00bb de morts, <em>\u00ab\u00a0peut-\u00eatre approcherons-nous le millier, quelques milliers<\/em>\u00ab\u00a0, a d\u00e9clar\u00e9 ce dimanche Fran\u00e7ois-Xavier Bieuville, le pr\u00e9fet de Mayotte, sur Mayotte la 1\u02b3\u1d49.<\/p>\n<p><iframe loading=\"lazy\" width=\"600\" height=\"651\" src=\"https:\/\/www.sott.net\/embed\/C2xNrMLY1mHw-CEbhfbjkGkq35U\" allowfullscreen=\"\"><\/iframe><\/p>\n<p>Des cases ont \u00e9t\u00e9 an\u00e9anties, des toits se sont envol\u00e9s, des poteaux \u00e9lectriques sont \u00e0 terre, des arbres d\u00e9racin\u00e9s&#8230; <em>\u00ab\u00a0L&rsquo;h\u00f4pital est touch\u00e9, les \u00e9coles sont touch\u00e9es. Des maisons sont totalement d\u00e9vast\u00e9es\u00a0\u00bb,<\/em> a indiqu\u00e9 le maire de Mamoudzou. \u00ab\u00a0<em>Le ph\u00e9nom\u00e8ne n&rsquo;a rien \u00e9pargn\u00e9 sur son passage.\u00a0\u00bb<\/em><\/p>\n<p><span class=\"BoldGrey\">Un bilan difficile \u00e0 \u00e9tablir<\/span><\/p>\n<p>Le minist\u00e8re de l&rsquo;Int\u00e9rieur a indiqu\u00e9 ce dimanche matin qu&rsquo;<strong>au moins 14 morts et plus de 250 bless\u00e9s<\/strong> ont \u00e9t\u00e9 enregistr\u00e9s au centre hospitalier de Mayotte. \u00ab\u00a0<em>C&rsquo;est extr\u00eamement difficile d&rsquo;avoir un d\u00e9compte officiel\u00a0\u00bb<\/em>, a soulign\u00e9 le pr\u00e9fet sur Mayotte \u00e0 la 1\u02b3\u1d49. <em>\u00ab\u00a0Quand on voit les images des bidonvilles notamment, je n&rsquo;imagine pas que nous n&rsquo;ayons pas plus de victimes, malheureusement.<\/em>\u00ab\u00a0<\/p>\n<p>Il <em>\u00ab\u00a0faudra sans doute des jours\u00a0\u00bb<\/em> pour <em>\u00ab\u00a0affiner\u00a0\u00bb<\/em> le bilan humain, estimait samedi soir Bruno Retailleau \u00e0 la sortie d&rsquo;une r\u00e9union interminist\u00e9rielle de crise, \u00e9voquant <strong>un <em>\u00ab\u00a0habitat pr\u00e9caire compl\u00e8tement d\u00e9truit\u00a0\u00bb<\/em>,<\/strong> qui concerne au moins un tiers de la population (soit quelque 100.000 habitants) du d\u00e9partement le plus pauvre de France.<\/p>\n<p>Le ministre de l&rsquo;Int\u00e9rieur d\u00e9missionnaire est attendu ce lundi \u00e0 Mayotte, en compagnie de son homologue des Outre-Mer, Fran\u00e7ois-No\u00ebl Buffet.<\/p>\n<p><span class=\"BoldGrey\">Un casse-t\u00eate logistique<\/span><\/p>\n<p>La situation laisse pr\u00e9sager de <strong>s\u00e9v\u00e8res difficult\u00e9s d&rsquo;approvisionnement en eau<\/strong> dans un archipel d\u00e9j\u00e0 soumis \u00e0 des coupures. Par ailleurs, plus de 15.000 foyers ont \u00e9t\u00e9 priv\u00e9s d&rsquo;\u00e9lectricit\u00e9, d&rsquo;apr\u00e8s la ministre de la Transition \u00e9cologique d\u00e9missionnaire Agn\u00e8s Pannier-Runacher, et les appels t\u00e9l\u00e9phoniques, y compris d&rsquo;urgence, ont de leur c\u00f4t\u00e9 \u00e9t\u00e9 drastiquement limit\u00e9s, ce qui ne facilite gu\u00e8re le recensement des besoins.<\/p>\n<p>C\u00f4t\u00e9 secours, quelque 1.600 policiers et gendarmes sont d\u00e9j\u00e0 d\u00e9ploy\u00e9s \u00e0 Mayotte, pour <em>\u00ab\u00a0porter secours \u00e0 la population et pr\u00e9venir d&rsquo;\u00e9ventuels pillages\u00a0\u00bb<\/em>. \u00c0 partir du d\u00e9but de semaine, 162 militaires de la S\u00e9curit\u00e9 civile et sapeurs-pompiers de l&rsquo;Hexagone viendront renforcer les 110 pr\u00e9-positionn\u00e9s dans l&rsquo;archipel depuis vendredi. Des renforts venus notamment <a target=\"_blank\" href=\"https:\/\/www.francebleu.fr\/infos\/societe\/une-trentaine-de-pompiers-gardois-partent-en-renfort-a-mayotte-5137823\">du Gard<\/a>, de Haute-Garonne ou <a target=\"_blank\" href=\"https:\/\/www.francebleu.fr\/infos\/environnement\/cyclone-chido-a-mayotte-neuf-pompiers-du-tarn-partent-en-renfort-7694674\">du Tarn<\/a>. Bruno Retailleau a annonc\u00e9 samedi l&rsquo;envoi en <em><strong>\u00ab\u00a0cinq vagues successives de renforts jusqu&rsquo;\u00e0 mercredi<\/strong><\/em>, soit environ <em>\u00ab\u00a0800 personnes ainsi que du mat\u00e9riel, mais aussi du personnel m\u00e9dical\u00a0\u00bb<\/em>.<\/p>\n<p><iframe loading=\"lazy\" width=\"600\" height=\"698\" src=\"https:\/\/www.sott.net\/embed\/ggPap4RlwsoMOVfTMIVGO-H-5jV\" allowfullscreen=\"\"><\/iframe><\/p>\n<p>De son c\u00f4t\u00e9, le ministre d\u00e9missionnaire des Arm\u00e9es, S\u00e9bastien Lecornu, a annonc\u00e9 l&rsquo;envoi d&rsquo;un avion de transport militaire A400M de la France hexagonale \u00e0 Mayotte, accompagn\u00e9 d&rsquo;une fr\u00e9gate et d&rsquo;un h\u00e9licopt\u00e8re. Un pont a\u00e9rien et maritime va \u00eatre mis en place pour acheminer depuis l&rsquo;\u00eele de La R\u00e9union des personnels et mat\u00e9riels de secours, mais aussi de l&rsquo;eau et de la nourriture.<\/p>\n<p><iframe loading=\"lazy\" width=\"600\" height=\"906\" src=\"https:\/\/www.sott.net\/embed\/wMz78EYR2qiHe-pKrQZp6zvGgaM\" allowfullscreen=\"\"><\/iframe><\/p>\n<p>Probl\u00e8me de taille : pour l&rsquo;instant, l&rsquo;a\u00e9roport de Mayotte est ferm\u00e9, sa tour de contr\u00f4le ayant \u00e9t\u00e9 endommag\u00e9e par le cyclone. Il n&rsquo;est <em>\u00ab\u00a0pas question<\/em>\u00a0\u00bb d&rsquo;y poser des avions de ligne \u00e0 ce stade, mais un <em>\u00ab\u00a0pont a\u00e9rien\u00a0\u00bb<\/em> \u00e0 partir de La R\u00e9union va permettre de faire atterrir \u00e0 Mayotte, \u00e0 1.700 km de l\u00e0, des appareils militaires et de la s\u00e9curit\u00e9 civile, avait expliqu\u00e9 samedi soir \u00e0 la sortie d&rsquo;une r\u00e9union de crise le ministre de l&rsquo;Int\u00e9rieur d\u00e9missionnaire Bruno Retailleau. Un premier avion DASH de la s\u00e9curit\u00e9 civile a atterri \u00e0 15 h 30 locales (13 h 30 \u00e0 Paris) \u00e0 Mayotte avec en particulier du mat\u00e9riel m\u00e9dical et des poches de sang, selon la s\u00e9curit\u00e9 civile et la pr\u00e9fecture de la zone de d\u00e9fense du sud de l&rsquo;oc\u00e9an Indien. Deux avions militaires de type CASA embarquant notamment des personnels et mat\u00e9riels m\u00e9dicaux et d&rsquo;EDF doivent suivre.<\/p>\n<p>Les services de l&rsquo;\u00c9tat indiquent \u00e9galement qu&rsquo;un navire de la Marine nationale de type Champlain doit prendre la mer dans l&rsquo;apr\u00e8s-midi de dimanche avec \u00e0 son bord \u00ab\u00a0<em>du mat\u00e9riel militaire, des vivres et du mat\u00e9riel EDF<\/em>\u00ab\u00a0.<\/p>\n<p><strong>La Croix-Rouge va envoyer sur place des \u00ab\u00a0lots d&rsquo;urgence\u00a0\u00bb<\/strong>, compos\u00e9s <em>\u00ab\u00a0de kits de reconstruction de l&rsquo;habitat, de b\u00e2ches, de lampes solaires, de kits hygi\u00e8ne, de g\u00e9n\u00e9rateurs de savon, de tentes\u00a0\u00bb<\/em>, selon Christian Pailler, qui supervise l&rsquo;action de l&rsquo;ONG dans l&rsquo;oc\u00e9an Indien. D&rsquo;autres lots sont en pr\u00e9paration, <em>\u00ab\u00a0plut\u00f4t ax\u00e9s cette fois sur le traitement d&rsquo;eau\u00a0\u00bb<\/em>, ainsi qu&rsquo;un <em>\u00ab\u00a0h\u00f4pital modulaire\u00a0\u00bb<\/em>.<\/p>\n<p><iframe loading=\"lazy\" title=\"Mayotte ravag\u00e9e : les vents surpuissants du cyclone Chido\" width=\"1110\" height=\"624\" src=\"https:\/\/www.youtube.com\/embed\/GU03N195lmM?feature=oembed\" frameborder=\"0\" allow=\"accelerometer; autoplay; clipboard-write; encrypted-media; gyroscope; picture-in-picture; web-share\" referrerpolicy=\"strict-origin-when-cross-origin\" allowfullscreen><\/iframe><\/p>\n<p><iframe loading=\"lazy\" title=\"Des vents \u00e0 226 KM\/H : quand le cyclone a frapp\u00e9 Mayotte\uff5cTF1 INFO\" width=\"1110\" height=\"624\" src=\"https:\/\/www.youtube.com\/embed\/J1J7txAz9Yg?feature=oembed\" frameborder=\"0\" allow=\"accelerometer; autoplay; clipboard-write; encrypted-media; gyroscope; picture-in-picture; web-share\" referrerpolicy=\"strict-origin-when-cross-origin\" allowfullscreen><\/iframe><\/p>\n<\/p><\/div>\n<p><br \/>\n<br \/><a href=\"https:\/\/fr.sott.net\/article\/44160-Cyclone-Chido-a-Mayotte-Il-y-aura-certainement-plusieurs-centaines-de-morts-selon-le-prefet\" target=\"_blank\"\">Source link <\/a><\/p>\n","protected":false},"excerpt":{"rendered":"<p>Le cyclone tropical \u00ab\u00a0exceptionnel\u00a0\u00bb Chido a sem\u00e9 le chaos samedi \u00e0 Mayotte. Le bilan humain est tr\u00e8s difficile \u00e0 \u00e9tablir mais \u00ab\u00a0il y aura certainement plusieurs centaines\u00a0\u00bb de morts, indique&hellip; <\/p>\n","protected":false},"author":1,"featured_media":2330,"comment_status":"open","ping_status":"open","sticky":false,"template":"","format":"standard","meta":{"footnotes":""},"categories":[1],"tags":[],"class_list":["post-2329","post","type-post","status-publish","format-standard","has-post-thumbnail","hentry","category-non-classe"],"_links":{"self":[{"href":"https:\/\/monde25.info\/index.php\/wp-json\/wp\/v2\/posts\/2329","targetHints":{"allow":["GET"]}}],"collection":[{"href":"https:\/\/monde25.info\/index.php\/wp-json\/wp\/v2\/posts"}],"about":[{"href":"https:\/\/monde25.info\/index.php\/wp-json\/wp\/v2\/types\/post"}],"author":[{"embeddable":true,"href":"https:\/\/monde25.info\/index.php\/wp-json\/wp\/v2\/users\/1"}],"replies":[{"embeddable":true,"href":"https:\/\/monde25.info\/index.php\/wp-json\/wp\/v2\/comments?post=2329"}],"version-history":[{"count":0,"href":"https:\/\/monde25.info\/index.php\/wp-json\/wp\/v2\/posts\/2329\/revisions"}],"wp:featuredmedia":[{"embeddable":true,"href":"https:\/\/monde25.info\/index.php\/wp-json\/wp\/v2\/media\/2330"}],"wp:attachment":[{"href":"https:\/\/monde25.info\/index.php\/wp-json\/wp\/v2\/media?parent=2329"}],"wp:term":[{"taxonomy":"category","embeddable":true,"href":"https:\/\/monde25.info\/index.php\/wp-json\/wp\/v2\/categories?post=2329"},{"taxonomy":"post_tag","embeddable":true,"href":"https:\/\/monde25.info\/index.php\/wp-json\/wp\/v2\/tags?post=2329"}],"curies":[{"name":"wp","href":"https:\/\/api.w.org\/{rel}","templated":true}]}}