{"id":2331,"date":"2024-12-16T19:46:35","date_gmt":"2024-12-16T18:46:35","guid":{"rendered":"https:\/\/monde25.info\/index.php\/2024\/12\/16\/communique-du-president-bachar-el-assad-par-bachar-el-assad\/"},"modified":"2024-12-16T19:46:35","modified_gmt":"2024-12-16T18:46:35","slug":"communique-du-president-bachar-el-assad-par-bachar-el-assad","status":"publish","type":"post","link":"https:\/\/monde25.info\/index.php\/2024\/12\/16\/communique-du-president-bachar-el-assad-par-bachar-el-assad\/","title":{"rendered":"Communiqu\u00e9 du pr\u00e9sident Bachar el-Assad, par Bachar el-Assad"},"content":{"rendered":"<p> <br \/>\n<\/p>\n<div>\n<div class=\"spip_document_247550 spip_document spip_documents spip_document_image spip_documents_center spip_document_center\">\n<figure class=\"spip_doc_inner\">\n<img loading=\"lazy\" decoding=\"async\" src=\"https:\/\/www.voltairenet.org\/local\/cache-vignettes\/L659xH494\/400_-_1_2_-80-9a026.jpg?1734356102\" width=\"659\" height=\"494\" alt=\"\"\/><br \/>\n<\/figure>\n<\/div>\n<p>Alors que le terrorisme se r\u00e9pandait en Syrie et atteignait finalement Damas le soir du samedi 7 d\u00e9cembre 2024, des questions se posaient sur le sort du pr\u00e9sident et sur sa localisation. Cela s\u2019est produit au milieu d\u2019un flot de d\u00e9sinformation et de r\u00e9cits tr\u00e8s \u00e9loign\u00e9s de la v\u00e9rit\u00e9, visant \u00e0 requalifier le terrorisme international en r\u00e9volution de lib\u00e9ration de la Syrie.<\/p>\n<p>\u00c0 un moment aussi critique de l\u2019histoire de la nation, o\u00f9 la v\u00e9rit\u00e9 doit primer, il est essentiel de rem\u00e9dier \u00e0 ces distorsions. Malheureusement, les circonstances qui pr\u00e9valaient \u00e0 l\u2019\u00e9poque, notamment une coupure totale des communications pour des raisons de s\u00e9curit\u00e9, ont retard\u00e9 la publication de cette d\u00e9claration. Ceci ne doit pas remplacer un compte rendu d\u00e9taill\u00e9 des \u00e9v\u00e9nements qui se sont d\u00e9roul\u00e9s, qui sera fourni lorsque l\u2019occasion le permettra.<\/p>\n<p>Tout d\u2019abord, mon d\u00e9part de Syrie n\u2019\u00e9tait pas planifi\u00e9 et n\u2019a pas eu lieu pendant les derni\u00e8res heures des combats, comme certains l\u2019ont pr\u00e9tendu. Au contraire, je suis rest\u00e9 \u00e0 Damas, exer\u00e7ant mes fonctions jusqu\u2019aux premi\u00e8res heures du dimanche 8 d\u00e9cembre 2024. Alors que les forces terroristes s\u2019infiltraient \u00e0 Damas, je me suis rendu \u00e0 Lattaqui\u00e9 en coordination avec nos alli\u00e9s russes pour superviser les op\u00e9rations de combat. \u00c0 mon arriv\u00e9e \u00e0 la base a\u00e9rienne de Hmeimim ce matin-l\u00e0, il est devenu clair que nos forces s\u2019\u00e9taient compl\u00e8tement retir\u00e9es de toutes les lignes de bataille et que les derni\u00e8res positions de l\u2019arm\u00e9e \u00e9taient tomb\u00e9es. Alors que la situation sur le terrain dans la r\u00e9gion continuait de se d\u00e9t\u00e9riorer, la base militaire russe elle-m\u00eame a \u00e9t\u00e9 soumise \u00e0 des attaques de drones intensifi\u00e9es. N\u2019ayant aucun moyen viable de quitter la base, Moscou a demand\u00e9 au commandement de la base d\u2019organiser une \u00e9vacuation imm\u00e9diate vers la Russie dans la soir\u00e9e du dimanche 8 d\u00e9cembre. Cela a eu lieu un jour apr\u00e8s la chute de Damas, apr\u00e8s l\u2019effondrement des derni\u00e8res positions militaires et la paralysie de toutes les institutions \u00e9tatiques restantes.<\/p>\n<p>\u00c0 aucun moment au cours de ces \u00e9v\u00e9nements, je n\u2019ai envisag\u00e9 de d\u00e9missionner ou de chercher refuge, et aucune personne ou parti n\u2019a fait une telle proposition. La seule ligne de conduite \u00e9tait de continuer \u00e0 lutter contre l\u2019assaut terroriste.<\/p>\n<p>Je r\u00e9affirme que celui qui, d\u00e8s le premier jour de la guerre, a refus\u00e9 de troquer le salut de sa nation contre des avantages personnels, ou de compromettre son peuple en \u00e9change de nombreuses offres et incitations, est le m\u00eame qui s\u2019est tenu aux c\u00f4t\u00e9s des officiers et des soldats de l\u2019arm\u00e9e sur les lignes de front, \u00e0 quelques m\u00e8tres des terroristes dans les champs de bataille les plus dangereux et les plus intenses. C\u2019est le m\u00eame qui, pendant les ann\u00e9es les plus sombres de la guerre, n\u2019est pas parti mais est rest\u00e9 avec sa famille aux c\u00f4t\u00e9s de son peuple, affrontant le terrorisme sous les bombardements et les menaces r\u00e9currentes d\u2019incursions terroristes dans la capitale pendant quatorze ans de guerre. De plus, celui qui n\u2019a jamais abandonn\u00e9 la r\u00e9sistance en Palestine et au Liban, ni trahi ses alli\u00e9s qui l\u2019ont soutenu, ne peut pas \u00eatre le m\u00eame qui abandonnerait son propre peuple ou trahirait l\u2019arm\u00e9e et la nation \u00e0 laquelle il appartient.<\/p>\n<p>Je n\u2019ai jamais cherch\u00e9 \u00e0 obtenir des postes pour des avantages personnels, mais je me suis toujours consid\u00e9r\u00e9 comme le gardien d\u2019un projet national, soutenu par la foi du peuple syrien, qui a cru en sa vision. J\u2019ai toujours \u00e9t\u00e9 convaincu de leur volont\u00e9 et de leur capacit\u00e9 \u00e0 prot\u00e9ger l\u2019\u00c9tat, \u00e0 d\u00e9fendre ses institutions et \u00e0 d\u00e9fendre leurs choix jusqu\u2019au dernier moment.<\/p>\n<p>Lorsque l\u2019\u00c9tat tombe aux mains du terrorisme et que la capacit\u00e9 d\u2019apporter une contribution significative est perdue, toute position devient sans objet, ce qui rend son occupation d\u00e9nu\u00e9e de sens. Cela ne diminue en rien mon profond sentiment d\u2019appartenance \u00e0 la Syrie et \u00e0 son peuple &#8211; un lien qui ne reste \u00e9branl\u00e9 par aucune position ou circonstance. C\u2019est une appartenance remplie d\u2019espoir que la Syrie sera \u00e0 nouveau libre et ind\u00e9pendante.<\/p>\n<\/div>\n<p><br \/>\n<br \/><a href=\"https:\/\/www.voltairenet.org\/article221622.html\" target=\"_blank\"\">Source link <\/a><\/p>\n","protected":false},"excerpt":{"rendered":"<p>Alors que le terrorisme se r\u00e9pandait en Syrie et atteignait finalement Damas le soir du samedi 7 d\u00e9cembre 2024, des questions se posaient sur le sort du pr\u00e9sident et sur&hellip; <\/p>\n","protected":false},"author":1,"featured_media":2332,"comment_status":"open","ping_status":"open","sticky":false,"template":"","format":"standard","meta":{"footnotes":""},"categories":[1],"tags":[],"class_list":["post-2331","post","type-post","status-publish","format-standard","has-post-thumbnail","hentry","category-non-classe"],"_links":{"self":[{"href":"https:\/\/monde25.info\/index.php\/wp-json\/wp\/v2\/posts\/2331","targetHints":{"allow":["GET"]}}],"collection":[{"href":"https:\/\/monde25.info\/index.php\/wp-json\/wp\/v2\/posts"}],"about":[{"href":"https:\/\/monde25.info\/index.php\/wp-json\/wp\/v2\/types\/post"}],"author":[{"embeddable":true,"href":"https:\/\/monde25.info\/index.php\/wp-json\/wp\/v2\/users\/1"}],"replies":[{"embeddable":true,"href":"https:\/\/monde25.info\/index.php\/wp-json\/wp\/v2\/comments?post=2331"}],"version-history":[{"count":0,"href":"https:\/\/monde25.info\/index.php\/wp-json\/wp\/v2\/posts\/2331\/revisions"}],"wp:featuredmedia":[{"embeddable":true,"href":"https:\/\/monde25.info\/index.php\/wp-json\/wp\/v2\/media\/2332"}],"wp:attachment":[{"href":"https:\/\/monde25.info\/index.php\/wp-json\/wp\/v2\/media?parent=2331"}],"wp:term":[{"taxonomy":"category","embeddable":true,"href":"https:\/\/monde25.info\/index.php\/wp-json\/wp\/v2\/categories?post=2331"},{"taxonomy":"post_tag","embeddable":true,"href":"https:\/\/monde25.info\/index.php\/wp-json\/wp\/v2\/tags?post=2331"}],"curies":[{"name":"wp","href":"https:\/\/api.w.org\/{rel}","templated":true}]}}