{"id":2333,"date":"2025-02-11T03:51:31","date_gmt":"2025-02-11T02:51:31","guid":{"rendered":"https:\/\/monde25.info\/index.php\/2025\/02\/11\/resister-plutot-que-desobeir-par-vincent-sizaire-le-monde-diplomatique-fevrier-2025\/"},"modified":"2025-02-11T03:51:31","modified_gmt":"2025-02-11T02:51:31","slug":"resister-plutot-que-desobeir-par-vincent-sizaire-le-monde-diplomatique-fevrier-2025","status":"publish","type":"post","link":"https:\/\/monde25.info\/index.php\/2025\/02\/11\/resister-plutot-que-desobeir-par-vincent-sizaire-le-monde-diplomatique-fevrier-2025\/","title":{"rendered":"R\u00e9sister plut\u00f4t que d\u00e9sob\u00e9ir, par Vincent Sizaire (Le Monde diplomatique, f\u00e9vrier 2025)"},"content":{"rendered":"<p> <br \/>\n<\/p>\n<div>\n<p class=\"crayon article-surtitre-68038 surtitre\">Dossier\u00a0: L\u2019exception comme r\u00e8gle<\/p>\n<div class=\"crayon article-chapo-68038 chapo\">\n<p>Comment faire face \u00e0 l\u2019autoritarisme ambiant<small class=\"fine\">\u00a0<\/small>? Aux menaces sur les libert\u00e9s individuelles<small class=\"fine\">\u00a0<\/small>? Faut-il, telle Antigone face \u00e0 Cr\u00e9on, d\u00e9sob\u00e9ir \u2014\u00a0au nom de sa seule conscience\u00a0\u2014 aux lois de la cit\u00e9 jug\u00e9es injustes voire sc\u00e9l\u00e9rates<small class=\"fine\">\u00a0<\/small>? Une autre voie m\u00e9rite d\u2019\u00eatre explor\u00e9e, qui consiste non pas \u00e0 enfreindre la l\u00e9galit\u00e9 mais \u00e0 se battre pour sa pleine application.<\/p>\n<\/div><\/div>\n<div couleurfade=\"e5e6e7\" couleurclaire=\"e0e5ea\" couleurpale=\"b2cce6\" couleurmi=\"526679\" couleurfoncee=\"354c63\" couleursombre=\"14191e\" couleurfond=\"4c4e51\" couleurtexte=\"ffffff\">\n<div class=\"enapercu\">\n<figure class=\"spip_document_34117 spip_documents spip_documents_center xl\" style=\"width:890px;\">\n<div class=\"limage\">\n<p>\t\t\t<img loading=\"lazy\" decoding=\"async\" src=\"https:\/\/www.monde-diplomatique.fr\/\/local\/cache-vignettes\/L890xH748\/17-8-098ae.jpg?1738681082\" width=\"890\" height=\"748\" class=\"spip_logos\" alt=\"JPEG - 111.1\u00a0ko\"\/><\/p><\/div><figcaption>\n<p>Peter Martensen. \u2013 \u00ab<small class=\"fine\">\u00a0<\/small>The Settlement<small class=\"fine\">\u00a0<\/small>\u00bb (Le campement), 2016  \u00a9 ADAGP, Paris, <\/p>\n<p>2025 &#8211; Galerie Maria Lund, Paris\n<\/p>\n<\/figcaption><\/figure>\n<p><span class=\"mot-lettrine\"><span class=\"lettrine\">D<\/span>epuis<\/span> plusieurs ann\u00e9es, on assiste \u00e0 une recrudescence, dans le d\u00e9bat public, des appels \u00e0 la d\u00e9sob\u00e9issance civile contre les mesures mises en \u0153uvre par les autorit\u00e9s. On les a notamment entendus dans le discours de nombreux acteurs mobilis\u00e9s pour emp\u00eacher le Rassemblement national (RN) d\u2019acc\u00e9der au pouvoir \u00e0 l\u2019issue des derni\u00e8res \u00e9lections l\u00e9gislatives. Mais le mot d\u2019ordre tend en fait \u00e0 s\u2019imposer depuis le milieu des ann\u00e9es\u00a02010, avec une r\u00e9pression toujours plus f\u00e9roce des mouvements sociaux, flagrante lors de celui des \u00ab<small class=\"fine\">\u00a0<\/small>gilets jaunes<small class=\"fine\">\u00a0<\/small>\u00bb en 2018-2019. Quand le dialogue avec les pouvoirs publics appara\u00eet impossible, que l\u2019expression d\u2019une opposition aux politiques conduites par les gouvernants \u2014 voire d\u2019un simple d\u00e9saccord \u2014 expose au risque de poursuites ou de repr\u00e9sailles, l\u2019id\u00e9e selon laquelle il serait n\u00e9cessaire de d\u00e9sob\u00e9ir explicitement aux r\u00e8gles \u00e9dict\u00e9es par les autorit\u00e9s pour d\u00e9noncer et d\u00e9montrer leur iniquit\u00e9 fait son chemin.<\/p>\n<p>On y adh\u00e8re, ou tout au moins on la discute, au sein des associations ou mouvements informels \u00e9cologistes, qui, face \u00e0 la menace existentielle pour l\u2019humanit\u00e9 que constitue le d\u00e9r\u00e8glement climatique, en viennent \u00e0 pr\u00f4ner une action plus radicale. L\u2019occupation non autoris\u00e9e de l\u2019espace public est ainsi l\u2019un des modes d\u2019action privil\u00e9gi\u00e9s du collectif Extinction Rebellion. Nombre des participants \u00e0 la manifestation interdite de Sainte-Soline du 25\u00a0mars\u00a02023 contre les m\u00e9gabassines agricoles invoquaient eux aussi la d\u00e9sob\u00e9issance civile. Et lui avoir consacr\u00e9 un atelier a valu \u00e0 l\u2019association Alternatiba de se voir refuser le versement de toute subvention publique par le pr\u00e9fet de la Vienne, aux termes d\u2019une d\u00e9cision censur\u00e9e depuis par la justice administrative.<\/p>\n<p>Une telle approche tient surtout \u00e0 la vigueur de la pouss\u00e9e autoritaire depuis le d\u00e9but du si\u00e8cle. Si elle s\u2019inscrit dans une longue tradition institutionnelle remontant au Premier Empire, elle n\u2019en reste pas moins d\u2019une intensit\u00e9 singuli\u00e8re et appelle d\u2019autres formes d\u2019opposition que la simple interpellation\u00a0(&#8230;)<\/p>\n<\/p><\/div>\n<p>Taille de l\u2019article complet\u00a0:\u00a0<span>2\u00a0047<\/span>\u00a0mots.<\/p>\n<div class=\"promo_dispo_article\">\n<h2 class=\"avantbloc\">\n\tCet article est r\u00e9serv\u00e9 aux\u00a0abonn\u00e9s<\/p>\n<\/h2>\n<div class=\"abo_inst\">\n\t<strong>Lyc\u00e9es, biblioth\u00e8ques, administrations, entreprises,<\/strong><br \/>\n\tacc\u00e9dez \u00e0 la base de donn\u00e9es en ligne de tous les articles du <i>Monde diplomatique<\/i> de 1954 \u00e0 nos\u00a0jours.<br \/>\n\t<a target=\"_blank\" id=\"pw-institutions\" class=\"suivi\" href=\"https:\/\/www.monde-diplomatique.fr\/archives\/institutions\">Retrouvez cette\u00a0offre sp\u00e9cifique<\/a>.\n<\/div>\n<\/div><\/div>\n<div>\n<p class=\"nom\">Vincent Sizaire<\/p>\n<p>\n\t\t\t\t\tMa\u00eetre de conf\u00e9rences associ\u00e9 \u00e0 l\u2019universit\u00e9 Paris Nanterre, auteur de <i>Gouverner les juges. Pour un pouvoir judiciaire pleinement d\u00e9mocratique,<\/i> La Dispute, Paris, 2024.<\/p>\n<\/p><\/div>\n<p><br \/>\n<br \/><a href=\"https:\/\/www.monde-diplomatique.fr\/2025\/02\/SIZAIRE\/68038\" target=\"_blank\"\">Source link <\/a><\/p>\n","protected":false},"excerpt":{"rendered":"<p>Dossier\u00a0: L\u2019exception comme r\u00e8gle Comment faire face \u00e0 l\u2019autoritarisme ambiant\u00a0? Aux menaces sur les libert\u00e9s individuelles\u00a0? Faut-il, telle Antigone face \u00e0 Cr\u00e9on, d\u00e9sob\u00e9ir \u2014\u00a0au nom de sa seule conscience\u00a0\u2014 aux&hellip; <\/p>\n","protected":false},"author":1,"featured_media":2334,"comment_status":"open","ping_status":"open","sticky":false,"template":"","format":"standard","meta":{"footnotes":""},"categories":[1],"tags":[],"class_list":["post-2333","post","type-post","status-publish","format-standard","has-post-thumbnail","hentry","category-non-classe"],"_links":{"self":[{"href":"https:\/\/monde25.info\/index.php\/wp-json\/wp\/v2\/posts\/2333","targetHints":{"allow":["GET"]}}],"collection":[{"href":"https:\/\/monde25.info\/index.php\/wp-json\/wp\/v2\/posts"}],"about":[{"href":"https:\/\/monde25.info\/index.php\/wp-json\/wp\/v2\/types\/post"}],"author":[{"embeddable":true,"href":"https:\/\/monde25.info\/index.php\/wp-json\/wp\/v2\/users\/1"}],"replies":[{"embeddable":true,"href":"https:\/\/monde25.info\/index.php\/wp-json\/wp\/v2\/comments?post=2333"}],"version-history":[{"count":0,"href":"https:\/\/monde25.info\/index.php\/wp-json\/wp\/v2\/posts\/2333\/revisions"}],"wp:featuredmedia":[{"embeddable":true,"href":"https:\/\/monde25.info\/index.php\/wp-json\/wp\/v2\/media\/2334"}],"wp:attachment":[{"href":"https:\/\/monde25.info\/index.php\/wp-json\/wp\/v2\/media?parent=2333"}],"wp:term":[{"taxonomy":"category","embeddable":true,"href":"https:\/\/monde25.info\/index.php\/wp-json\/wp\/v2\/categories?post=2333"},{"taxonomy":"post_tag","embeddable":true,"href":"https:\/\/monde25.info\/index.php\/wp-json\/wp\/v2\/tags?post=2333"}],"curies":[{"name":"wp","href":"https:\/\/api.w.org\/{rel}","templated":true}]}}