{"id":2336,"date":"2025-02-11T03:55:39","date_gmt":"2025-02-11T02:55:39","guid":{"rendered":"https:\/\/monde25.info\/index.php\/2025\/02\/11\/les-grues-cendrees-au-lac-de-der-une-migration-son-et-lumiere\/"},"modified":"2025-02-11T03:55:39","modified_gmt":"2025-02-11T02:55:39","slug":"les-grues-cendrees-au-lac-de-der-une-migration-son-et-lumiere","status":"publish","type":"post","link":"https:\/\/monde25.info\/index.php\/2025\/02\/11\/les-grues-cendrees-au-lac-de-der-une-migration-son-et-lumiere\/","title":{"rendered":"Les grues cendr\u00e9es au lac de Der, une migration son et lumi\u00e8re"},"content":{"rendered":"<p> <br \/>\n<\/p>\n<div>\n<p>Cet article est publi\u00e9 en partenariat avec la <a target=\"_blank\" href=\"https:\/\/www.salamandre.org\/revue-salamandre\/?utm_source=site&amp;utm_medium=pub&amp;utm_content=grue&amp;utm_campaign=reporterre\" class=\"spip_out\" rel=\"external\"><i>Revue Salamandre<\/i><\/a>.<\/p>\n<hr class=\"spip\"\/>\n<p class=\"indication_lieu\">Lac du Der-Chantecoq (Grand Est), reportage<\/p>\n<p>La voix gr\u00e9sille \u00e0 chaque arr\u00eat\u00a0:\u00a0<i>\u00ab<small class=\"fine d-inline\">\u00a0<\/small>Prenez garde \u00e0 l\u2019intervalle entre le marchepied et le quai.<small class=\"fine d-inline\">\u00a0<\/small>\u00bb<\/i>\u00a0Soupir, retour \u00e0 la civilisation. Ventilation, valise grin\u00e7ante, sifflement de nez, le moindre bruit me rappelle les notes roul\u00e9es de la grue cendr\u00e9e. La nostalgie m\u2019envahit. Ce son inoubliable m\u2019a transport\u00e9e dans un monde parall\u00e8le le temps de deux journ\u00e9es en Champagne-Ardenne&#8230;<\/p>\n<p>Rembobinons. Cet apr\u00e8s-midi de f\u00e9vrier, la voie cyclable au d\u00e9part de Saint-Dizier d\u00e9file depuis quarante minutes entre trois autoroutes. \u00c0 gauche, un canal dans son corset de b\u00e9ton. \u00c0 droite, une file de voitures \u00e0 l\u2019heure de pointe. En haut, des avions militaires en exercice d\u00e9chirant la grisaille dans un fracas assourdissant. Les Rafale ont-ils vol\u00e9 l\u2019espace a\u00e9rien et sonore aux oiseaux<small class=\"fine d-inline\">\u00a0<\/small>? Pour l\u2019instant, l\u2019absence du peuple ail\u00e9 est criante.<\/p>\n<p>Avec la baisse de luminosit\u00e9, le bal militaire s\u2019arr\u00eate enfin. Bient\u00f4t, un son, le son, me d\u00e9croche un large sourire.\u00a0<i>\u00ab<small class=\"fine d-inline\">\u00a0<\/small>Grrou krirr gruh<small class=\"fine d-inline\">\u00a0<\/small>!<small class=\"fine d-inline\">\u00a0<\/small>\u00bb<\/i>\u00a0Une troupe de grues cendr\u00e9es rang\u00e9es en V, avec leur cou et leurs pattes \u00e9tir\u00e9s, survole les terres industrialis\u00e9es dans la m\u00eame direction que moi.<\/p>\n<div class=\"spip_document_88576 spip_document spip_documents spip_document_image spip_documents_center spip_document_center spip_document_avec_legende\" data-legende-len=\"79\" data-legende-lenx=\"xx\">\n<figure class=\"spip_doc_inner\">\n      <picture><source type=\"image\/webp\" srcset=\"https:\/\/reporterre.net\/local\/cache-vignettes\/L1050xH435\/desgruesenvol-1068b.jpg@.webp?1738948292\"><img decoding=\"async\" src=\"https:\/\/reporterre.net\/IMG\/jpg\/desgruesenvol.jpg\" width=\"1200\" height=\"497\" loading=\"lazy\" alt=\"\"\/><br \/>\n    <\/source><\/picture><figcaption class=\"spip_doc_legende\">\n<p>En vol, les grues cendr\u00e9es adoptent des formation en Y ou en V.<br \/>\n<i>\u00a9 Adobe stock<\/i><\/p>\n<\/figcaption><\/figure>\n<\/p><\/div>\n<p>Peu apr\u00e8s, sur la rive oppos\u00e9e du canal, j\u2019aper\u00e7ois une des leurs post\u00e9e telle une statue grise de la taille d\u2019un petit humain \u00e0 l\u2019or\u00e9e d\u2019un bois. L\u00e9ger coup de frein, mains sur les jumelles et&#8230; trop tard, la gracieuse silhouette haute sur pattes s\u2019est d\u00e9j\u00e0 envol\u00e9e, en gaspillant sa pr\u00e9cieuse \u00e9nergie. \u00c9videmment, la cr\u00e9ature \u00e0 la prudence l\u00e9gendaire a \u00e9t\u00e9 plus maline que moi.<\/p>\n<p>La piste bifurque et s\u2019enfonce dans la for\u00eat. Les lignes droites se muent en courbes organiques. La nuit glaciale est d\u00e9j\u00e0 bien install\u00e9e quand je longe les eaux noires de l\u2019immense lac du Der, accompagn\u00e9e des cliquetis de la roue libre du v\u00e9lo.<\/p>\n<p>J\u2019imagine la foule de grues rassembl\u00e9e dans les zones tranquilles et peu profondes du lac. Envelopp\u00e9es dans un \u00e9dredon de brume, la t\u00eate pos\u00e9e sur leur dos, elles gardent un pied dans l\u2019eau, l\u2019autre relev\u00e9 au chaud dans le plumage.<\/p>\n<p>\u00c0 quoi r\u00eavent-elles<small class=\"fine d-inline\">\u00a0<\/small>? Comme pour moi cette nuit, leur sommeil n\u2019est pas profond. Dans leur pataugeoire, ces dormeuses sont pr\u00eates \u00e0 donner l\u2019alarme au moindre fr\u00e9missement de l\u2019onde. Le liquide est leur alli\u00e9 indispensable dans les t\u00e9n\u00e8bres.<\/p>\n<h2 class=\"spip\">Sons et lumi\u00e8res<\/h2>\n<p><i>\u00ab<small class=\"fine d-inline\">\u00a0<\/small>Bien dormi<small class=\"fine d-inline\">\u00a0<\/small>? C\u2019\u00e9tait important de se lever avant l\u2019aurore, car les grues sont tr\u00e8s matinales<small class=\"fine d-inline\">\u00a0<\/small>\u00bb<\/i>, me motive Antoine Cubaixo. Ce guide ornithologue ne compte plus les petits matins \u00e0 faire d\u00e9couvrir avec passion les tr\u00e9sors \u00e0 plumes aux touristes venus de toute l\u2019Europe. Nous avan\u00e7ons par un froid de canard sur une jet\u00e9e pour observer le spectacle du lever de grues.<\/p>\n<p>Dans le jour naissant, le guide rep\u00e8re \u00e0 la longue-vue quatre groupes de plusieurs centaines d\u2019individus sur des \u00eelots lointains. R\u00e9veill\u00e9s, les oiseaux \u00e0 \u00e9chasses font un brin de toilette, prot\u00e9g\u00e9s par leur enceinte aquatique. D\u00e9j\u00e0, leur concert de trompettes en st\u00e9r\u00e9o d\u00e9ploie une toile sonore ininterrompue. Ils prennent leur temps ce matin.<\/p>\n<p>Le lac du Der-Chantecoq et son \u00e9crin de roseli\u00e8res, marais et boisements est un paradis ornithologique. Pourtant, sa naissance fut un enfer\u00a0: en 1974, la mise en eau de ce r\u00e9servoir artificiel a englouti trois villages et leurs alentours sur 4\u00a0800\u00a0ha. Cette retenue parmi les plus \u00e9tendues d\u2019Europe r\u00e9gule les eaux du bassin de la Seine pour tamponner les crues \u00e0 Paris.<\/p>\n<p><i>\u00ab<small class=\"fine d-inline\">\u00a0<\/small>Le Der est comme une mer int\u00e9rieure avec des mar\u00e9es<\/i>,\u00a0explique Antoine Cubaixo.\u00a0<i>Il se vide \u00e0 partir de juillet pour soutenir l\u2019\u00e9tiage de la Marne. La baisse du niveau d\u00e9couvre des vasi\u00e8res et des \u00eelots, qui attirent les migrateurs en automne. En d\u00e9cembre, il se remplit \u00e0 nouveau.<small class=\"fine d-inline\">\u00a0<\/small>\u00bb<\/i><\/p>\n<div class=\"spip_document_88577 spip_document spip_documents spip_document_image spip_documents_center spip_document_center spip_document_avec_legende\" data-legende-len=\"125\" data-legende-lenx=\"xx\">\n<figure class=\"spip_doc_inner\">\n      <picture><source type=\"image\/webp\" srcset=\"https:\/\/reporterre.net\/local\/cache-vignettes\/L1050xH698\/gruschamps-37b0c.jpg@.webp?1738948292\"><img decoding=\"async\" src=\"https:\/\/reporterre.net\/IMG\/jpg\/gruschamps.jpg\" width=\"1200\" height=\"798\" loading=\"lazy\" alt=\"\"\/><br \/>\n    <\/source><\/picture><figcaption class=\"spip_doc_legende\">\n<p>Lors de leurs escales dans des zones humides, les grues se nourrissent notamment dans des cultures alentours.<br \/>\n<i>\u00a9 Adobe stock<\/i><\/p>\n<\/figcaption><\/figure>\n<\/p><\/div>\n<p>On peut observer plus de 300\u00a0esp\u00e8ces d\u2019oiseaux dans cette r\u00e9serve nationale de chasse et de faune sauvage. Avec l\u2019essor de la culture de ma\u00efs dans les ann\u00e9es 1970, dont sont friandes les grues, le g\u00eete et le couvert sont offerts sur un plateau. Apr\u00e8s des ann\u00e9es d\u2019absence en France, les premi\u00e8res revenantes l\u2019ont adopt\u00e9 durant l\u2019hiver 1975-1976. L\u2019ann\u00e9e suivante, trente-quatre ont \u00e9t\u00e9 d\u00e9nombr\u00e9es. Aujourd\u2019hui, au 14\u00a0janvier 2024, elles sont estim\u00e9es \u00e0 30\u00a0500<small class=\"fine d-inline\">\u00a0<\/small>!<\/p>\n<p>La mi-janvier marque les premiers fr\u00e9missements migratoires en Champagne et le gros du d\u00e9part se d\u00e9roule dans la premi\u00e8re quinzaine de f\u00e9vrier. Celles que l\u2019on observe aujourd\u2019hui sont majoritairement venues d\u2019Espagne.<\/p>\n<h2 class=\"spip\">D\u00e9parts fanfaronnants<\/h2>\n<p>7 h 30, le brouhaha gagne en intensit\u00e9. \u00c7a y est, un premier groupe file enfin en direction du nord-est<small class=\"fine d-inline\">\u00a0<\/small>! D\u2019autres suivent, sortant de toutes parts dans la clart\u00e9 du matin. D\u2019abord d\u00e9sorganis\u00e9s, les petits points se rangent en lignes, en V ou, quand ils sont plus d\u2019une centaine, en chevrons ou en vastes arcs de cercle.<\/p>\n<p>Ces formations permettent d\u2019\u00e9cono\u00admiser de l\u2019\u00e9nergie en profitant de la pouss\u00e9e d\u2019air provoqu\u00e9e par l\u2019oiseau qui pr\u00e9c\u00e8de, comme les cyclistes qui se maintiennent dans le peloton.\u00a0<i>\u00ab<small class=\"fine d-inline\">\u00a0<\/small>Il n\u2019y a pas de meneuse, toutes se relaient \u00e0 la t\u00eate de la formation<\/i>, explique l\u2019ornithologue, un caf\u00e9 entre ses doigts glac\u00e9s. <i>Ce sont des groupes familiaux\u00a0: des couples avec ou sans leurs jeunes, et d\u2019autres individus qui peuvent avoir des liens de parent\u00e9. Beaucoup retournent sur leurs sites de naissance ou de nidification.<small class=\"fine d-inline\">\u00a0<\/small>\u00bb<\/i>\u00a0<\/p>\n<p>Bilan de la matin\u00e9e\u00a0: plus de 600\u00a0individus.\u00a0<i>\u00ab<small class=\"fine d-inline\">\u00a0<\/small>Un chiffre correct pour la saison. Les rassemblements les plus spectaculaires sont automnaux, \u00e0 l\u2019image du record du 3\u00a0novembre 2019 avec 268 120 grues, soit presque la totalit\u00e9 des hivernantes d\u2019Espagne<small class=\"fine d-inline\">\u00a0<\/small>!<\/i> se rappelle l\u2019ornithologue.\u00a0<i>Elles \u00e9taient bloqu\u00e9es sur leur route par une mauvaise m\u00e9t\u00e9o, puis ont toutes d\u00e9cid\u00e9 de partir en m\u00eame temps quand l\u2019anticyclone s\u2019est install\u00e9.<small class=\"fine d-inline\">\u00a0<\/small>\u00bb<\/i><\/p>\n<h2 class=\"spip\">Concert d\u00eenatoire<\/h2>\n<p>L\u2019apr\u00e8s-midi, je rejoins Jean Chevallier pour sillonner la plate campagne alentour. Ce peintre animalier est devenu un fin connaisseur de sa r\u00e9gion d\u2019adoption \u00e0 force d\u2019y scruter la faune presque tous les jours de l\u2019ann\u00e9e. Nous recherchons&#8230; des grues, \u00e9videmment. De celles qui ont choisi de prolonger leur halte pour reprendre des forces.<\/p>\n<p><i>\u00ab<small class=\"fine d-inline\">\u00a0<\/small>Il y a quelques jours encore, il y avait des groupes un peu partout dans les pr\u00e9s mouill\u00e9s ou sous quelques ch\u00eanes. Elles \u00e9taient parfois plusieurs dizaines assez bruyantes<small class=\"fine d-inline\">\u00a0<\/small>\u00bb<\/i>, dit le naturaliste. Aujourd\u2019hui, nous rep\u00e9rons au loin une petite poign\u00e9e de grues paisibles, plant\u00e9es dans une prairie bien verte sem\u00e9e d\u2019oies cendr\u00e9es et rieuses.<\/p>\n<div class=\"spip_document_88578 spip_document spip_documents spip_document_image spip_documents_center spip_document_center spip_document_avec_legende\" data-legende-len=\"79\" data-legende-lenx=\"xx\">\n<figure class=\"spip_doc_inner\">\n      <picture><source type=\"image\/webp\" srcset=\"https:\/\/reporterre.net\/local\/cache-vignettes\/L1050xH698\/grueschamps2-43a59.jpg@.webp?1738948292\"><img decoding=\"async\" src=\"https:\/\/reporterre.net\/IMG\/jpg\/grueschamps2.jpg\" width=\"1200\" height=\"798\" loading=\"lazy\" alt=\"\"\/><br \/>\n    <\/source><\/picture><figcaption class=\"spip_doc_legende\">\n<p>Les grues ont un r\u00e9gime tr\u00e8s vari\u00e9\u00a0: ma\u00efs, insectes, graines&#8230;<br \/>\n<i>\u00a9 Adobe stock<\/i><\/p>\n<\/figcaption><\/figure>\n<\/p><\/div>\n<p>Dans l\u2019objectif de la longue-vue, malgr\u00e9 le soleil d\u00e9clinant, quelques immatures sont reconnaissables \u00e0 leur plumage plus terne tirant sur le brun. Leur t\u00eate et leur cou affichent une esquisse de marques noires et blanches typiques du futur plumage adulte.<\/p>\n<p>C\u2019est l\u2019heure de d\u00e9cadenasser le v\u00e9lo pour rejoindre le g\u00eete. La nuit arrive et, avec elle, des centaines de nouvelles arrivantes qui se dirigent vers le lac en fanfare.\u00a0<i>\u00ab<small class=\"fine d-inline\">\u00a0<\/small>La journ\u00e9e de demain s\u2019annonce bien<\/i>, sourit Jean.\u00a0<i>Les grues partent souvent en fin de matin\u00e9e, avec les thermiques. Comment devinent-elles que la m\u00e9t\u00e9o sera bonne<small class=\"fine d-inline\">\u00a0<\/small>? Comment se concertent-elles sur le d\u00e9part et la destination<small class=\"fine d-inline\">\u00a0<\/small>?<small class=\"fine d-inline\">\u00a0<\/small>\u00bb<\/i>\u00a0Ses questions s\u2019\u00e9vaporent dans l\u2019obscurit\u00e9.<\/p>\n<h2 class=\"spip\">Crescendo d\u2019\u00e9motions<\/h2>\n<p>Dernier r\u00e9veil piquant avant l\u2019aube. Cette fois, je me recroqueville comme un rocher parmi les rochers pour m\u2019effacer sur une digue \u00e0 la vue d\u00e9gag\u00e9e. La notion du temps se perd parmi les clapotis de l\u2019eau. La clameur des grues monte d\u00e9j\u00e0. Bient\u00f4t, le ciel en feu se z\u00e8bre de guirlandes mouvantes.<\/p>\n<p>Quand les voyageuses se mettent \u00e0 planer l\u2019une apr\u00e8s l\u2019autre, entre les s\u00e9ries d\u2019amples battements d\u2019ailes, ces rubans sont comme soulev\u00e9s par une onde invisible. En une dizaine de minutes seulement, je crois \u00adcompter plus de 1 000 migratrices. Certains groupes me survolent \u00e0 quelques m\u00e8tres, en m\u2019offrant des bribes de leurs conversations et des bruissements d\u2019ailes. Je vois leurs becs s\u2019entrouvrir au moment des <i>\u00ab<small class=\"fine d-inline\">\u00a0<\/small>grou<small class=\"fine d-inline\">\u00a0<\/small>\u00bb<\/i> sonores, ou des quelques <i>\u00ab<small class=\"fine d-inline\">\u00a0<\/small>s\u00ee\u00ee\u00ee<small class=\"fine d-inline\">\u00a0<\/small>\u00bb<\/i> aigus des jeunes.<\/p>\n<p>Ces cris ont\u00a0<i>\u00ab<small class=\"fine d-inline\">\u00a0<\/small>ouvert un tiroir secret de mon \u00e2me dont je ne poss\u00e9dais pas la clef<small class=\"fine d-inline\">\u00a0<\/small>\u00bb<\/i>, \u00e9crivait le po\u00e8te su\u00e9dois Bengt Berg (1885-1967). Seule une interrogation plane encore dans l\u2019air\u00a0: que vont devenir les grandes voyageuses ces prochains mois<small class=\"fine d-inline\">\u00a0<\/small>?<\/p>\n<hr class=\"spip\"\/>\n<p>Cet article est issu du <a target=\"_blank\" href=\"https:\/\/www.salamandre.org\/revue-salamandre\/?utm_source=site&amp;utm_medium=pub&amp;utm_content=grue&amp;utm_campaign=reporterre\" class=\"spip_out\" rel=\"external\">n\u00b0\u00a0286 de la <i>Revue Salamandre<\/i><\/a>, <i>\u00ab<small class=\"fine d-inline\">\u00a0<\/small>L\u2019appel des grues<small class=\"fine d-inline\">\u00a0<\/small>\u00bb<\/i>, qui vient juste de para\u00eetre.<\/p>\n<div class=\"spip_document_88574 spip_document spip_documents spip_document_image spip_documents_center spip_document_center spip_document_avec_legende\" data-legende-len=\"15\" data-legende-lenx=\"\">\n<figure class=\"spip_doc_inner\">\n      <picture>\n<p>        <img decoding=\"async\" src=\"https:\/\/reporterre.net\/IMG\/jpg\/couv_286_grues_rvb.jpg\" width=\"250\" height=\"354\" loading=\"lazy\" alt=\"\"\/>\n    <\/picture><figcaption class=\"spip_doc_legende\">\n<p><i>\u00a9 Adobe stock<\/i><\/p>\n<\/figcaption><\/figure>\n<\/p><\/div>\n<p>La <i>Revue Salamandre<\/i> est un magazine ind\u00e9pendant \u00e0 but non lucratif, qui r\u00e9v\u00e8le tous les deux mois la vie extraordinaire des animaux et des plantes sauvages qui vivent sur le pas de votre porte. <a target=\"_blank\" href=\"https:\/\/boutique.salamandre.org\/offres-d-abonnements.rub-2\/?promo=report23&amp;utm_source=reporterre&amp;q52utm_medium=coupon_et_web&amp;utm_campaign=partenaire\" class=\"spip_out\" rel=\"external\">Abonnez-vous ici<\/a>.<\/p>\n<aside class=\"boite_encarts\">\n<div class=\"encart encart_gris noprint\">\n<p><strong>Puisque vous \u00eates l\u00e0&#8230;<\/strong><\/p>\n<p>&#8230; nous avons un petit service \u00e0 vous demander.<br class=\"autobr\"\/><br \/>\nEntre la pr\u00e9sence d\u2019un climatosceptique \u00e0 la t\u00eate de la premi\u00e8re puissance mondiale, un gouvernement fran\u00e7ais qui flirte avec l\u2019extr\u00eame-droite, et les catastrophes climatiques qui s\u2019enchainent&#8230; Faire vivre l\u2019\u00e9cologie dans le d\u00e9bat public est un enjeu crucial.<\/p>\n<p>Personne ne modifie ce que nous publions. Nous n\u2019avons ni actionnaire, ni propri\u00e9taire milliardaire \u2014 seulement une \u00e9quipe d\u2019irr\u00e9ductibles journalistes, pleine de d\u00e9termination.<\/p>\n<p>Nous avons la conviction que l\u2019urgence \u00e9cologique est l\u2019enjeu majeur de notre \u00e9poque. Et comme plus de 2 millions de lectrices et lecteurs chaque mois, vous partagez sans doute cette conviction&#8230;<\/p>\n<p><strong>Depuis 12 ans, nous publions des articles de qualit\u00e9 sur l\u2019\u00e9cologie, en acc\u00e8s libre et sans publicit\u00e9, pour tous.<\/strong><br class=\"autobr\"\/><br \/>\nMais ce travail demande beaucoup de temps et de ressources.<\/p>\n<p>Alors, si vous en avez les moyens, sachez qu\u2019un don, m\u00eame d\u20191\u20ac, est un acte de soutien fort pour l\u2019\u00e9cologie et le journalisme ind\u00e9pendant.<br class=\"autobr\"\/><br \/>\n(Et \u00e7a vous prendra moins de temps que la lecture de ce texte).<\/p>\n<p><strong>Si vous le pouvez, choisissez un soutien mensuel. Merci.<\/strong><\/p>\n<p><a target=\"_blank\" href=\"https:\/\/reporterre.net\/dons\" class=\"bt_soutenir\">Je soutiens <i>Reporterre<\/i><\/a><\/p>\n<\/p><\/div>\n<div class=\"encart encart_vert noprint montre_1023\">\n<div class=\"infolettre-form-container noprint\">\n<p>Abonnez-vous \u00e0 la lettre d\u2019info de Reporterre<\/p>\n<\/div><\/div>\n<\/aside>\n<aside class=\"boite_apresarticle encart_note\">\n<h4>Apr\u00e8s cet article<\/h4>\n<p>      <a target=\"_blank\" href=\"https:\/\/reporterre.net\/Les-Alpes-vont-mourir-et-devenir-une-plaine\" class=\"lien_article\">\n      <picture class=\"vignette_gauche\"><source type=\"image\/webp\" srcset=\"https:\/\/reporterre.net\/local\/cache-vignettes\/L450xH300\/adobestock_230596751-fea75.jpg@.webp?1737368252\"><img decoding=\"async\" src=\"https:\/\/reporterre.net\/local\/cache-vignettes\/L450xH300\/adobestock_230596751-fea75.jpg?1737368252\" width=\"450\" height=\"300\" alt=\"\" class=\"marge12\" loading=\"lazy\"\/><br \/>\n<\/source><\/picture>\n<p class=\"libelle\">\n<p>          Entretien \u2014<\/p>\n<p>      Montagne\n    <\/p>\n<p class=\"titre pol20\">\u00ab<small class=\"fine d-inline\">\u00a0<\/small>Les Alpes vont mourir et devenir une plaine<small class=\"fine d-inline\">\u00a0<\/small>\u00bb<\/p>\n<p>      <\/a><br \/>\n    <\/aside>\n<aside class=\"boite_complement texte\">\n<p>      <!-- zone_forum --><br \/>\n          <\/aside>\n<aside class=\"boite_lireaussi noprint\">\n<\/aside>\n<aside class=\"colonne\">\n<div class=\"article_info cache_1023 noprint\">\n<p>    <span class=\"date\">10 f\u00e9vrier 2025  \u00e0 17h12<\/span><\/p>\n<p>    <span class=\"date_modif\">Mis \u00e0 jour le 10 f\u00e9vrier 2025 \u00e0 17h40<\/span>      <\/p>\n<p class=\"duree_lecture\">\n        Dur\u00e9e de lecture : 8 minutes\n      <\/p>\n<\/p><\/div>\n<div class=\"bloc_infolettre\">\n<div class=\"infolettre-form-container noprint\">\n<p>Abonnez-vous \u00e0 la lettre d\u2019info de Reporterre<\/p>\n<\/div><\/div>\n<\/aside>\n<div id=\"galerie\">\n  <img decoding=\"async\" src=\"\" class=\"principale\" id=\"principale\"\/><\/p>\n<p id=\"legende\">legende<\/p>\n<\/div>\n<footer class=\"noprint\">\n<\/footer>\n<\/div>\n<p><br \/>\n<br \/><a href=\"https:\/\/reporterre.net\/Les-grues-cendrees-au-lac-de-Der-une-migration-son-et-lumiere\" target=\"_blank\"\">Source link <\/a><\/p>\n","protected":false},"excerpt":{"rendered":"<p>Cet article est publi\u00e9 en partenariat avec la Revue Salamandre. Lac du Der-Chantecoq (Grand Est), reportage La voix gr\u00e9sille \u00e0 chaque arr\u00eat\u00a0:\u00a0\u00ab\u00a0Prenez garde \u00e0 l\u2019intervalle entre le marchepied et le&hellip; <\/p>\n","protected":false},"author":1,"featured_media":2337,"comment_status":"open","ping_status":"open","sticky":false,"template":"","format":"standard","meta":{"footnotes":""},"categories":[1],"tags":[],"class_list":["post-2336","post","type-post","status-publish","format-standard","has-post-thumbnail","hentry","category-non-classe"],"_links":{"self":[{"href":"https:\/\/monde25.info\/index.php\/wp-json\/wp\/v2\/posts\/2336","targetHints":{"allow":["GET"]}}],"collection":[{"href":"https:\/\/monde25.info\/index.php\/wp-json\/wp\/v2\/posts"}],"about":[{"href":"https:\/\/monde25.info\/index.php\/wp-json\/wp\/v2\/types\/post"}],"author":[{"embeddable":true,"href":"https:\/\/monde25.info\/index.php\/wp-json\/wp\/v2\/users\/1"}],"replies":[{"embeddable":true,"href":"https:\/\/monde25.info\/index.php\/wp-json\/wp\/v2\/comments?post=2336"}],"version-history":[{"count":0,"href":"https:\/\/monde25.info\/index.php\/wp-json\/wp\/v2\/posts\/2336\/revisions"}],"wp:featuredmedia":[{"embeddable":true,"href":"https:\/\/monde25.info\/index.php\/wp-json\/wp\/v2\/media\/2337"}],"wp:attachment":[{"href":"https:\/\/monde25.info\/index.php\/wp-json\/wp\/v2\/media?parent=2336"}],"wp:term":[{"taxonomy":"category","embeddable":true,"href":"https:\/\/monde25.info\/index.php\/wp-json\/wp\/v2\/categories?post=2336"},{"taxonomy":"post_tag","embeddable":true,"href":"https:\/\/monde25.info\/index.php\/wp-json\/wp\/v2\/tags?post=2336"}],"curies":[{"name":"wp","href":"https:\/\/api.w.org\/{rel}","templated":true}]}}