{"id":2342,"date":"2025-02-11T03:56:01","date_gmt":"2025-02-11T02:56:01","guid":{"rendered":"https:\/\/monde25.info\/index.php\/2025\/02\/11\/la-suisse-refuse-dinscrire-les-limites-planetaires-dans-sa-constitution\/"},"modified":"2025-02-11T03:56:01","modified_gmt":"2025-02-11T02:56:01","slug":"la-suisse-refuse-dinscrire-les-limites-planetaires-dans-sa-constitution","status":"publish","type":"post","link":"https:\/\/monde25.info\/index.php\/2025\/02\/11\/la-suisse-refuse-dinscrire-les-limites-planetaires-dans-sa-constitution\/","title":{"rendered":"La Suisse refuse d\u2019inscrire les limites plan\u00e9taires dans sa Constitution"},"content":{"rendered":"<p> <br \/>\n<\/p>\n<div style=\"position:relative;\">\n        <picture><source type=\"image\/webp\" srcset=\"https:\/\/reporterre.net\/local\/cache-vignettes\/L720xH480\/pexels-stephen-leonardi-587681991-18558698_1_-5bf1c.jpg@.webp?1739199446\"><img loading=\"lazy\" decoding=\"async\" src=\"https:\/\/reporterre.net\/local\/cache-vignettes\/L720xH480\/pexels-stephen-leonardi-587681991-18558698_1_-5bf1c.jpg?1739199446\" width=\"720\" height=\"480\" alt=\"La Suisse refuse d'inscrire les limites plan\u00e9taires dans sa Constitution\" class=\"image_logo voir_logo\"\/><\/p>\n<p><\/source><\/picture>\n<p class=\"legende_logo\">Le \u00ab non\u00bb l&rsquo;a emport\u00e9 \u00e0 plus de 70,5 %. <span class=\"copyright_logo\">&#8211; Pexels\/CC\/Stephen Leonardi<\/span><\/p>\n<p class=\"legende_logo_480\">Le \u00ab non\u00bb l&rsquo;a emport\u00e9 \u00e0 plus de 70,5 %. <span class=\"copyright_logo\">&#8211; Pexels\/CC\/Stephen Leonardi<\/span><\/p>\n<\/p><\/div>\n<div>\n        <span class=\"date\">10 f\u00e9vrier 2025  \u00e0 15h57<\/span><\/p>\n<p class=\"duree_lecture\">\n        Dur\u00e9e de lecture : 2 minutes\n      <\/p>\n<\/p><\/div>\n<div>\n<p>C\u2019est la premi\u00e8re fois qu\u2019un pays \u00e9tait appel\u00e9 \u00e0 se prononcer sur l\u2019encadrement des limites naturelles. Le 9\u00a0f\u00e9vrier, les Suisses devaient voter par r\u00e9f\u00e9rendum pour ou contre <i>\u00ab<small class=\"fine d-inline\">\u00a0<\/small>une \u00e9conomie responsable dans les <a target=\"_blank\" href=\"https:\/\/reporterre.net\/Qu-est-ce-que-les-limites-planetaires\">limites de la plan\u00e8te<\/a><small class=\"fine d-inline\">\u00a0<\/small>\u00bb<\/i>, seuils qui nous approchent du point de non-retour. Avec plus de 70,5<small class=\"fine d-inline\">\u00a0<\/small>%, le non l\u2019a emport\u00e9 dans les 26 cantons qui composent le pays, avec un taux de participation de 38<small class=\"fine d-inline\">\u00a0<\/small>%.<\/p>\n<p><i>\u00ab<small class=\"fine d-inline\">\u00a0<\/small>Ce \u201cnon\u201d n\u2019est certainement pas un \u201cnon\u201d \u00e0 la protection de l\u2019environnement<\/i>, a tent\u00e9 de temporiser Albert R\u00f6sti, conseiller f\u00e9d\u00e9ral en charge de l\u2019environnement. <i>C\u2019\u00e9tait un \u201cnon\u201d \u00e0 une vie radicalement diff\u00e9rente de celle que nous menons aujourd\u2019hui en Suisse.<small class=\"fine d-inline\">\u00a0<\/small>\u00bb<\/i><\/p>\n<p>Margot Chauderna, la copr\u00e9sidente des Jeunes Vert<span aria-hidden=\"true\">\u00b7<\/span>e<span aria-hidden=\"true\">\u00b7<\/span>x<span aria-hidden=\"true\">\u00b7<\/span>s, la formation \u00e0 l\u2019origine de cette initiative, a regrett\u00e9 une <i>\u00ab<small class=\"fine d-inline\">\u00a0<\/small>campagne des opposants r\u00e9fractaires \u00e0 tout changement<small class=\"fine d-inline\">\u00a0<\/small>\u00bb<\/i>, rapporte l\u2019<span class=\"caps\">AFP<\/span>. Inscrire le concept de <i>\u00ab<small class=\"fine d-inline\">\u00a0<\/small>limites plan\u00e9taires<small class=\"fine d-inline\">\u00a0<\/small>\u00bb<\/i> dans la Constitution aurait permis de p\u00e9renniser plus globalement la lutte contre les crises environnementales actuelles et futures.<\/p>\n<p><i>\u00ab<small class=\"fine d-inline\">\u00a0<\/small>L\u2019objectif est d\u2019aboutir en une d\u00e9cennie \u00e0 une \u00e9conomie et une soci\u00e9t\u00e9 o\u00f9 la quantit\u00e9 de ressources consomm\u00e9es et celles des polluants rejet\u00e9s restent dans des proportions supportables par l\u2019environnement<small class=\"fine d-inline\">\u00a0<\/small>\u00bb<\/i>, d\u00e9taille Greenpeace dans un communiqu\u00e9.<\/p>\n<h2 class=\"spip\">Fervente opposition de la droite<\/h2>\n<p>Le r\u00e9sultat du r\u00e9f\u00e9rendum est tomb\u00e9 sans surprise. Le gouvernement f\u00e9d\u00e9ral et les partis conservateurs avaient men\u00e9 campagne contre ce texte, estimant que la mesure mettrait en p\u00e9ril l\u2019\u00e9conomie.<\/p>\n<p>Avant le scrutin, l\u2019<span class=\"caps\">UDC<\/span>, la droite radicale constituant le premier parti de Suisse, avait m\u00eame qualifi\u00e9 l\u2019initiative de <i>\u00ab<small class=\"fine d-inline\">\u00a0<\/small>dangereuse<small class=\"fine d-inline\">\u00a0<\/small>\u00bb<\/i>. Motif\u00a0: elle aurait comme cons\u00e9quences <i>\u00ab<small class=\"fine d-inline\">\u00a0<\/small>une augmentation tr\u00e8s importante des prix<small class=\"fine d-inline\">\u00a0<\/small>\u00bb<\/i> ou une <i>\u00ab<small class=\"fine d-inline\">\u00a0<\/small>diminution de la diversit\u00e9 de l\u2019offre<small class=\"fine d-inline\">\u00a0<\/small>\u00bb<\/i> dans <i>\u00ab<small class=\"fine d-inline\">\u00a0<\/small>l\u2019alimentation, le logement, la mobilit\u00e9 ou encore les v\u00eatements<small class=\"fine d-inline\">\u00a0<\/small>\u00bb<\/i>.<\/p>\n<aside class=\"boite_encarts\">\n<div class=\"encart encart_gris noprint\">\n<p><strong>Puisque vous \u00eates l\u00e0&#8230;<\/strong><\/p>\n<p>&#8230; nous avons un petit service \u00e0 vous demander.<br class=\"autobr\"\/><br \/>\nEntre la pr\u00e9sence d\u2019un climatosceptique \u00e0 la t\u00eate de la premi\u00e8re puissance mondiale, un gouvernement fran\u00e7ais qui flirte avec l\u2019extr\u00eame-droite, et les catastrophes climatiques qui s\u2019enchainent&#8230; Faire vivre l\u2019\u00e9cologie dans le d\u00e9bat public est un enjeu crucial.<\/p>\n<p>Personne ne modifie ce que nous publions. Nous n\u2019avons ni actionnaire, ni propri\u00e9taire milliardaire \u2014 seulement une \u00e9quipe d\u2019irr\u00e9ductibles journalistes, pleine de d\u00e9termination.<\/p>\n<p>Nous avons la conviction que l\u2019urgence \u00e9cologique est l\u2019enjeu majeur de notre \u00e9poque. Et comme plus de 2 millions de lectrices et lecteurs chaque mois, vous partagez sans doute cette conviction&#8230;<\/p>\n<p><strong>Depuis 12 ans, nous publions des articles de qualit\u00e9 sur l\u2019\u00e9cologie, en acc\u00e8s libre et sans publicit\u00e9, pour tous.<\/strong><br class=\"autobr\"\/><br \/>\nMais ce travail demande beaucoup de temps et de ressources.<\/p>\n<p>Alors, si vous en avez les moyens, sachez qu\u2019un don, m\u00eame d\u20191\u20ac, est un acte de soutien fort pour l\u2019\u00e9cologie et le journalisme ind\u00e9pendant.<br class=\"autobr\"\/><br \/>\n(Et \u00e7a vous prendra moins de temps que la lecture de ce texte).<\/p>\n<p><strong>Si vous le pouvez, choisissez un soutien mensuel. Merci.<\/strong><\/p>\n<p><a target=\"_blank\" href=\"https:\/\/reporterre.net\/dons\" class=\"bt_soutenir\">Je soutiens <i>Reporterre<\/i><\/a><\/p>\n<\/p><\/div>\n<div class=\"encart encart_vert noprint montre_1023\">\n<div class=\"infolettre-form-container noprint\">\n<p>Abonnez-vous \u00e0 la lettre d\u2019info de Reporterre<\/p>\n<\/div><\/div>\n<\/aside>\n<aside class=\"boite_apresarticle encart_note\">\n<h4>Apr\u00e8s cet article<\/h4>\n<p>      <a target=\"_blank\" href=\"https:\/\/reporterre.net\/Qu-est-ce-que-les-limites-planetaires\" class=\"lien_article\">\n      <picture class=\"vignette_gauche\"><source type=\"image\/webp\" srcset=\"https:\/\/reporterre.net\/local\/cache-vignettes\/L450xH300\/arton26564-81def.jpg@.webp?1737370061\"><img decoding=\"async\" src=\"https:\/\/reporterre.net\/local\/cache-vignettes\/L450xH300\/arton26564-81def.jpg?1737370061\" width=\"450\" height=\"300\" alt=\"\" class=\"marge12\" loading=\"lazy\"\/><br \/>\n<\/source><\/picture>\n<p class=\"libelle\">\n<p>      Sciences\n    <\/p>\n<p class=\"titre pol20\">Tout comprendre aux limites plan\u00e9taires<\/p>\n<p>      <\/a><br \/>\n    <\/aside>\n<aside class=\"boite_complement texte\">\n<p>      <!-- zone_forum --><br \/>\n          <\/aside>\n<aside class=\"boite_lireaussi noprint\">\n<\/aside>\n<aside class=\"colonne\">\n<div class=\"article_info cache_1023 noprint\">\n        <span class=\"date\">10 f\u00e9vrier 2025  \u00e0 15h57<\/span><\/p>\n<p class=\"duree_lecture\">\n        Dur\u00e9e de lecture : 2 minutes\n      <\/p>\n<\/p><\/div>\n<div class=\"bloc_infolettre\">\n<div class=\"infolettre-form-container noprint\">\n<p>Abonnez-vous \u00e0 la lettre d\u2019info de Reporterre<\/p>\n<\/div><\/div>\n<\/aside>\n<div id=\"galerie\">\n  <img decoding=\"async\" src=\"\" class=\"principale\" id=\"principale\"\/><\/p>\n<p id=\"legende\">legende<\/p>\n<\/div>\n<footer class=\"noprint\">\n<\/footer>\n<\/div>\n<p><br \/>\n<br \/><a href=\"https:\/\/reporterre.net\/La-Suisse-refuse-d-inscrire-les-limites-planetaires-dans-sa-Constitution\" target=\"_blank\"\">Source link <\/a><\/p>\n","protected":false},"excerpt":{"rendered":"<p>Le \u00ab non\u00bb l&rsquo;a emport\u00e9 \u00e0 plus de 70,5 %. &#8211; Pexels\/CC\/Stephen Leonardi Le \u00ab non\u00bb l&rsquo;a emport\u00e9 \u00e0 plus de 70,5 %. &#8211; Pexels\/CC\/Stephen Leonardi 10 f\u00e9vrier 2025 \u00e0&hellip; <\/p>\n","protected":false},"author":1,"featured_media":2343,"comment_status":"open","ping_status":"open","sticky":false,"template":"","format":"standard","meta":{"footnotes":""},"categories":[1],"tags":[],"class_list":["post-2342","post","type-post","status-publish","format-standard","has-post-thumbnail","hentry","category-non-classe"],"_links":{"self":[{"href":"https:\/\/monde25.info\/index.php\/wp-json\/wp\/v2\/posts\/2342","targetHints":{"allow":["GET"]}}],"collection":[{"href":"https:\/\/monde25.info\/index.php\/wp-json\/wp\/v2\/posts"}],"about":[{"href":"https:\/\/monde25.info\/index.php\/wp-json\/wp\/v2\/types\/post"}],"author":[{"embeddable":true,"href":"https:\/\/monde25.info\/index.php\/wp-json\/wp\/v2\/users\/1"}],"replies":[{"embeddable":true,"href":"https:\/\/monde25.info\/index.php\/wp-json\/wp\/v2\/comments?post=2342"}],"version-history":[{"count":0,"href":"https:\/\/monde25.info\/index.php\/wp-json\/wp\/v2\/posts\/2342\/revisions"}],"wp:featuredmedia":[{"embeddable":true,"href":"https:\/\/monde25.info\/index.php\/wp-json\/wp\/v2\/media\/2343"}],"wp:attachment":[{"href":"https:\/\/monde25.info\/index.php\/wp-json\/wp\/v2\/media?parent=2342"}],"wp:term":[{"taxonomy":"category","embeddable":true,"href":"https:\/\/monde25.info\/index.php\/wp-json\/wp\/v2\/categories?post=2342"},{"taxonomy":"post_tag","embeddable":true,"href":"https:\/\/monde25.info\/index.php\/wp-json\/wp\/v2\/tags?post=2342"}],"curies":[{"name":"wp","href":"https:\/\/api.w.org\/{rel}","templated":true}]}}