{"id":2344,"date":"2025-02-11T03:56:07","date_gmt":"2025-02-11T02:56:07","guid":{"rendered":"https:\/\/monde25.info\/index.php\/2025\/02\/11\/donald-trump-entend-deplacer-les-palestiniens-de-gaza-et-construire-une-riviera-sur-leur-terre\/"},"modified":"2025-02-11T03:56:07","modified_gmt":"2025-02-11T02:56:07","slug":"donald-trump-entend-deplacer-les-palestiniens-de-gaza-et-construire-une-riviera-sur-leur-terre","status":"publish","type":"post","link":"https:\/\/monde25.info\/index.php\/2025\/02\/11\/donald-trump-entend-deplacer-les-palestiniens-de-gaza-et-construire-une-riviera-sur-leur-terre\/","title":{"rendered":"Donald Trump entend d\u00e9placer les Palestiniens de Gaza et construire une riviera sur leur terre"},"content":{"rendered":"<p> <br \/>\n<\/p>\n<div>\n<div align=\"center\"><img loading=\"lazy\" decoding=\"async\" src=\"https:\/\/www.voltairenet.org\/local\/cache-vignettes\/L800xH500\/ca8d0c94-donald-trump-4-ce025.webp?1738855102\" class=\"spip_logo\" width=\"800\" height=\"500\" alt=\"\"\/><\/div>\n<p>\u2022 L\u2019annonce par le pr\u00e9sident Donald Trump d\u2019un plan visant \u00e0 reprendre la bande de Gaza et \u00e0 expulser par la force sa population palestinienne s\u2019est heurt\u00e9e \u00e0 une indignation g\u00e9n\u00e9rale, m\u00eame les alli\u00e9s les plus proches des \u00c9tats-Unis rejetant l\u2019id\u00e9e comme inacceptable et ill\u00e9gale.<\/p>\n<p>\u2022 Au cours d\u2019une conf\u00e9rence de presse conjointe avec le Premier ministre isra\u00e9lien, Benyamin Netanyahou, le pr\u00e9sident Trump a d\u00e9clar\u00e9\u00a0: \u00ab\u00a0Nous poss\u00e9derons [la bande de Gaza] et serons responsables du d\u00e9mant\u00e8lement de toutes les bombes non explos\u00e9es et autres armes sur le site [\u2026] Nous construirons une riviera au Moyen-Orient. Nous veillerons \u00e0 ce que ce soit fait de classe mondiale. Ce sera merveilleux pour les gens [\u2026] Nous allons donner aux gens une chance de vivre dans une belle communaut\u00e9 qui sera s\u00fbre [\u2026] J\u2019ai le sentiment que, malgr\u00e9 tout, le roi de Jordanie et le g\u00e9n\u00e9ral en \u00c9gypte ouvriront leurs c\u0153urs et nous donneront la terre pour que nous fassions cela cela [\u2026] J\u2019ai parl\u00e9 \u00e0 d\u2019autres dirigeants au Moyen-Orient et ils aiment l\u2019id\u00e9e. Ils disent que cela apporterait vraiment de la stabilit\u00e9.\u00a0\u00bb<\/p>\n<p>\u2022 Stup\u00e9fait, Mahmoud Abbas, pr\u00e9sident de l\u2019Autorit\u00e9 palestinienne, a comment\u00e9\u00a0: \u00ab\u00a0La paix et la stabilit\u00e9 ne pourront \u00eatre obtenues dans la r\u00e9gion sans l\u2019\u00e9tablissement d\u2019un \u00c9tat palestinien avec J\u00e9rusalem comme capitale.\u00a0\u00bb<\/p>\n<p>\u2022 L\u2019Arabie saoudite a exprim\u00e9 son \u00ab\u00a0rejet sans \u00e9quivoque\u00a0\u00bb des plans visant \u00e0 remplacer les Palestiniens et a exclu explicitement un pacte de normalisation avec l\u2019\u00c9tat isra\u00e9lien sans \u00c9tat palestinien ind\u00e9pendant.<\/p>\n<p>\u2022 Si l\u2019\u00c9gypte s\u2019est prudemment content\u00e9e d\u2019appeler \u00e0 \u00ab\u00a0la reconstruction de Gaza sans que les Palestiniens ne partent\u00a0\u00bb, les m\u00e9dias officiels n\u2019ont pas eu de mots assez durs contre ce \u00ab\u00a0projet colonial\u00a0\u00bb.<\/p>\n<p>\u2022 Le roi Abdallah II de Jordanie a \u00ab\u00a0rejet\u00e9 toute tentative d\u2019annexer des terres et de d\u00e9placer les Palestiniens\u00a0\u00bb. Il a, le lendemain, en pr\u00e9sence du prince h\u00e9ritier et de membres de son gouvernement, re\u00e7u le pr\u00e9sident de l\u2019Autorit\u00e9 palestinienne, Mahmoud Abbas, pour exprimer son soutien aux Palestiniens.<\/p>\n<p>\u2022 La Ligue arabe a soulign\u00e9 que les principes fondamentaux de la cause palestinienne demeureront un \u00ab\u00a0point de consensus coh\u00e9rent et in\u00e9branlable\u00a0\u00bb dans l\u2019ensemble du monde arabe. \u00ab\u00a0La Cisjordanie occup\u00e9e et la bande de Gaza constituent ensemble le fondement territorial du futur \u00c9tat palestinien dans le contexte d\u2019une solution \u00e0 deux \u00c9tats, sans aucune s\u00e9paration entre les deux ou violation des droits du peuple palestinien, dont la pr\u00e9sence continue sur ses terres demeure la pierre angulaire de sa juste cause.\u00a0\u00bb<\/p>\n<p>\u2022 Hakan Fidan, ministre turc des Affaires \u00e9trang\u00e8res, a qualifi\u00e9 ce plan \u00ab\u00a0d\u2019inacceptable\u00a0\u00bb.<\/p>\n<p>\u2022 La Chine a rappel\u00e9 avoir \u00ab\u00a0toujours soutenu que \u201cseuls les Palestiniens gouvernent la Palestine\u201d est le principe fondamental de la gouvernance de Gaza apr\u00e8s les conflits. Nous nous opposons au d\u00e9placement forc\u00e9 de la population de Gaza, et nous esp\u00e9rons que les parties concern\u00e9es saisiront l\u2019occasion du cessez-le-feu et de la gouvernance apr\u00e8s les conflits \u00e0 Gaza pour ramener la question palestinienne sur la bonne voie d\u2019un r\u00e8glement politique fond\u00e9 sur la solution des deux \u00c9tats, afin de parvenir \u00e0 une paix durable au Moyen-Orient.\u00a0\u00bb<\/p>\n<p>\u2022 Volker Turk, haut-commissaire de l\u2019ONU pour les Droits de l\u2019homme, a soulign\u00e9 que \u00ab\u00a0Tout transfert forc\u00e9 ou expulsion de personnes en provenance de territoires occup\u00e9s est strictement interdit.\u00a0\u00bb Ant\u00f3nio Guterres, secr\u00e9taire g\u00e9n\u00e9ral de l\u2019ONU, a d\u00e9clar\u00e9, quant \u00e0 lui\u00a0: \u00ab\u00a0Dans la recherche de solutions, nous ne devons pas aggraver le probl\u00e8me. Il est vital de rester fid\u00e8le au fondement du droit international. Il est essentiel d\u2019\u00e9viter toute forme de nettoyage ethnique. Toute paix durable exigera un progr\u00e8s tangible, irr\u00e9versible et permanent vers la solution \u00e0 deux \u00c9tats, la fin de l\u2019occupation et la cr\u00e9ation d\u2019un \u00c9tat palestinien ind\u00e9pendant, avec Gaza comme partie int\u00e9grante.\u00a0\u00bb<\/p>\n<p>\u2022 Karoline Leavitt, porte-parole de la Maison-Blanche, a tent\u00e9 de rectifier le tir en pr\u00e9cisant que Washington ne financerait pas la reconstruction de Gaza et qu\u2019il n\u2019\u00e9tait pas question d\u2019envoyer des bottes sur le terrain.<\/p>\n<p>\u261e L\u2019id\u00e9e d\u2019appliquer en Palestine le mod\u00e8le choisi par le pr\u00e9sident \u00e9tats-unien Andrew Jackson pour mettre fin aux guerres indiennes ne tient pas compte des diff\u00e9rences culturelles entre les Cherokees pour qui la terre appartient \u00e0 tous et les Arabes pour qui, au contraire, la terre participe de l\u2019identit\u00e9 d\u2019un peuple.<\/p>\n<p>Pourtant, l\u2019Organisation de lib\u00e9ration de la Palestine (OLP) avait envisag\u00e9 d\u2019abandonner la Palestine et de gouverner la Jordanie (septembre noir, 1970-71), le Liban (1973-83), voire d\u2019\u00e9migrer en Tunisie (1983).<\/p>\n<p>Le pr\u00e9sident \u00e9tats-unien, Ronald Reagan, de son c\u00f4t\u00e9, avait d\u00e9j\u00e0 envisag\u00e9 une d\u00e9portation, non seulement des Gazaouis, mais de tous les Palestiniens, en \u00c9gypte et en Jordanie (1983).<\/p>\n<p>La question sera au centre des pourparlers indirects du Hamas et de l\u2019\u00c9tat d\u2019Isra\u00ebl \u00e0 Washington.<\/p>\n<p>\u261e L\u2019id\u00e9e de transformer Gaza en riviera du Moyen-Orient n\u2019est pas une lubie de Jared Kushner, elle a \u00e9t\u00e9 la premi\u00e8re fois avanc\u00e9e, en 1993, par Shimon Peres, alors ministre des Affaires \u00e9trang\u00e8res. Il parlait de faire de Gaza le \u00ab\u00a0Singapour du Moyen-Orient\u00a0\u00bb. Isra\u00ebl Katz, alors ministre isra\u00e9lien des Affaires \u00e9trang\u00e8res, avait \u00e9galement pr\u00e9sent\u00e9, en janvier 2024, au Conseil europ\u00e9en, un projet (cf. VAI 0300), tout aussi surprenant quoi que plus petit, de station baln\u00e9aire sur une \u00eele artificielle au large de Gaza.<\/p>\n<blockquote class=\"spip\">\n<p>Cet article est extrait du num\u00e9ro 119 de \u00ab\u00a0Voltaire, actualit\u00e9 internationale\u00a0\u00bb. Le monde change vite. <a target=\"_blank\" href=\"https:\/\/buy.stripe.com\/7sI16i222cRI4UgcN9\" class=\"spip_out\" rel=\"external\">Abonnez-vous<\/a> \u00e0 notre lettre confidentielle hebdomadaire\u00a0; une source exceptionnelle d\u2019information sur la transition vers un monde multipolaire.<\/p>\n<\/blockquote>\n<\/div>\n<p><br \/>\n<br \/><a href=\"https:\/\/www.voltairenet.org\/article221775.html\" target=\"_blank\"\">Source link <\/a><\/p>\n","protected":false},"excerpt":{"rendered":"<p>\u2022 L\u2019annonce par le pr\u00e9sident Donald Trump d\u2019un plan visant \u00e0 reprendre la bande de Gaza et \u00e0 expulser par la force sa population palestinienne s\u2019est heurt\u00e9e \u00e0 une indignation&hellip; <\/p>\n","protected":false},"author":1,"featured_media":2345,"comment_status":"open","ping_status":"open","sticky":false,"template":"","format":"standard","meta":{"footnotes":""},"categories":[1],"tags":[],"class_list":["post-2344","post","type-post","status-publish","format-standard","has-post-thumbnail","hentry","category-non-classe"],"_links":{"self":[{"href":"https:\/\/monde25.info\/index.php\/wp-json\/wp\/v2\/posts\/2344","targetHints":{"allow":["GET"]}}],"collection":[{"href":"https:\/\/monde25.info\/index.php\/wp-json\/wp\/v2\/posts"}],"about":[{"href":"https:\/\/monde25.info\/index.php\/wp-json\/wp\/v2\/types\/post"}],"author":[{"embeddable":true,"href":"https:\/\/monde25.info\/index.php\/wp-json\/wp\/v2\/users\/1"}],"replies":[{"embeddable":true,"href":"https:\/\/monde25.info\/index.php\/wp-json\/wp\/v2\/comments?post=2344"}],"version-history":[{"count":0,"href":"https:\/\/monde25.info\/index.php\/wp-json\/wp\/v2\/posts\/2344\/revisions"}],"wp:featuredmedia":[{"embeddable":true,"href":"https:\/\/monde25.info\/index.php\/wp-json\/wp\/v2\/media\/2345"}],"wp:attachment":[{"href":"https:\/\/monde25.info\/index.php\/wp-json\/wp\/v2\/media?parent=2344"}],"wp:term":[{"taxonomy":"category","embeddable":true,"href":"https:\/\/monde25.info\/index.php\/wp-json\/wp\/v2\/categories?post=2344"},{"taxonomy":"post_tag","embeddable":true,"href":"https:\/\/monde25.info\/index.php\/wp-json\/wp\/v2\/tags?post=2344"}],"curies":[{"name":"wp","href":"https:\/\/api.w.org\/{rel}","templated":true}]}}