{"id":2346,"date":"2025-02-11T04:29:30","date_gmt":"2025-02-11T03:29:30","guid":{"rendered":"https:\/\/monde25.info\/index.php\/2025\/02\/11\/lerosion-a-bas-bruit-des-droits-de-la-defense-par-vincent-brengarth-antoine-ory-le-monde-diplomatique-fevrier-2025\/"},"modified":"2025-02-11T04:29:30","modified_gmt":"2025-02-11T03:29:30","slug":"lerosion-a-bas-bruit-des-droits-de-la-defense-par-vincent-brengarth-antoine-ory-le-monde-diplomatique-fevrier-2025","status":"publish","type":"post","link":"https:\/\/monde25.info\/index.php\/2025\/02\/11\/lerosion-a-bas-bruit-des-droits-de-la-defense-par-vincent-brengarth-antoine-ory-le-monde-diplomatique-fevrier-2025\/","title":{"rendered":"L\u2019\u00e9rosion \u00e0 bas bruit des droits de la d\u00e9fense, par Vincent Brengarth &#038; Antoine Ory (Le Monde diplomatique, f\u00e9vrier 2025)"},"content":{"rendered":"<p> <br \/>\n<\/p>\n<div>\n<p class=\"crayon article-surtitre-68036 surtitre\">Dossier\u00a0: L\u2019exception comme r\u00e8gle<\/p>\n<div class=\"crayon article-chapo-68036 chapo\">\n<p>Le 6\u00a0janvier, le garde des sceaux G\u00e9rald Darmanin reprochait \u00e0 certains avocats de \u00ab<small class=\"fine\">\u00a0<\/small>travailler non pas \u00e0 l\u2019innocence de leurs clients mais [\u00e0] emboliser  la proc\u00e9dure judiciaire<small class=\"fine\">\u00a0<\/small>\u00bb. En r\u00e9alit\u00e9, depuis quelques ann\u00e9es, ce sont plut\u00f4t les r\u00e9formes de cette proc\u00e9dure qui tendent \u00e0 compliquer la d\u00e9fense des personnes mises en cause  par la police ou la justice.<\/p>\n<\/div><\/div>\n<div couleurfade=\"e5eaed\" couleurclaire=\"dfe7eb\" couleurpale=\"afd3e8\" couleurmi=\"4e6c7d\" couleurfoncee=\"1f5879\" couleursombre=\"131b1f\" couleurfond=\"4c565c\" couleurtexte=\"ffffff\">\n<div class=\"enapercu\">\n<figure class=\"spip_document_34116 spip_documents spip_documents_center xl\" style=\"width:890px;\">\n<div class=\"limage\">\n<p>\t\t\t<img loading=\"lazy\" decoding=\"async\" src=\"https:\/\/www.monde-diplomatique.fr\/\/local\/cache-vignettes\/L890xH711\/15-9-192cd.jpg?1738680742\" width=\"890\" height=\"711\" class=\"spip_logos\" alt=\"JPEG - 113.1\u00a0ko\"\/><\/p><\/div><figcaption>\n<p>Peter Martensen. \u2013 \u00ab<small class=\"fine\">\u00a0<\/small>The Movement<small class=\"fine\">\u00a0<\/small>\u00bb (Le mouvement), 2003<\/p>\n<p>\u00a9 ADAGP, Paris, 2025 &#8211; Galerie Maria Lund, Paris\n<\/p>\n<\/figcaption><\/figure>\n<p><i><span class=\"mot-lettrine\"><span class=\"lettrine\"><span class=\"guillemet\">\u00ab<\/span>L\u2019<\/span>\u00c9tat<\/span> de droit, \u00e7a n\u2019est pas intangible ni sacr\u00e9<small class=\"fine\">\u00a0<\/small>\u00bb,<\/i> affirmait le ministre de l\u2019int\u00e9rieur Bruno Retailleau, le 28\u00a0septembre dernier. Son pr\u00e9d\u00e9cesseur Place Beauvau, M.\u00a0G\u00e9rald Darmanin, avait assum\u00e9 d\u2019expulser un ressortissant ouzbek soup\u00e7onn\u00e9 de radicalisation malgr\u00e9 une d\u00e9cision provisoire de la Cour europ\u00e9enne des droits de l\u2019homme (CEDH) s\u2019y opposant. Le juge des r\u00e9f\u00e9r\u00e9s du Conseil d\u2019\u00c9tat avait ensuite, par une d\u00e9cision du 7\u00a0d\u00e9cembre\u00a02023, enjoint au minist\u00e8re de l\u2019int\u00e9rieur de prendre dans les meilleurs d\u00e9lais toutes mesures utiles permettant le retour de la personne ainsi expuls\u00e9e. L\u2019aspiration croissante de nos gouvernants au s\u00e9curitarisme affecte la perception du contr\u00f4le juridictionnel \u2014 parfois appr\u00e9hend\u00e9 comme un obstacle \u00e0 l\u2019efficacit\u00e9. Les professionnels de la justice re\u00e7oivent aussi les coups de boutoir d\u2019une classe politique avide de d\u00e9signer \u00e0 l\u2019opinion des responsables apr\u00e8s les faits divers les plus m\u00e9diatiques, en particulier si des personnes r\u00e9cidivistes se trouvent impliqu\u00e9es. \u00c0 entendre les expressions les plus caricaturales, la justice ferait preuve de laxisme, alors m\u00eame que la surpopulation carc\u00e9rale atteint des sommets.<\/p>\n<p>L\u2019avocat se situe au carrefour de ces courants violents. Il incarne le respect du contradictoire, qui peut, pr\u00e9cis\u00e9ment, faire fl\u00e9chir le juge. Dernier rempart, notamment compte tenu de ses missions contentieuses, il voit, par ricochet, son r\u00f4le affaibli. Cette remise en cause se traduit aussi bien par des modifications r\u00e9glementaires et l\u00e9gislatives que, plus g\u00e9n\u00e9ralement, par la mani\u00e8re dont les responsables politiques le per\u00e7oivent, aspir\u00e9s par le glissement \u00e0 l\u2019extr\u00eame droite d\u2019une partie de l\u2019\u00e9lectorat et de l\u2019opinion.<\/p>\n<p>L\u2019avocat occupe pourtant une place centrale dans l\u2019\u0153uvre judiciaire. Il a vocation \u00e0 assurer aux mis en cause l\u2019appui d\u2019un professionnel de la justice exer\u00e7ant, selon son serment, avec dignit\u00e9, conscience, ind\u00e9pendance, probit\u00e9 et humanit\u00e9. Son intervention consacre le caract\u00e8re \u00e9quitable de la proc\u00e9dure, sans lequel une d\u00e9cision de\u00a0(&#8230;)<\/p>\n<\/p><\/div>\n<p>Taille de l\u2019article complet\u00a0:\u00a0<span>3\u00a0207<\/span>\u00a0mots.<\/p>\n<div class=\"promo_dispo_article\">\n<h2 class=\"avantbloc\">\n\tCet article est r\u00e9serv\u00e9 aux\u00a0abonn\u00e9s<\/p>\n<\/h2>\n<div class=\"abo_inst\">\n\t<strong>Lyc\u00e9es, biblioth\u00e8ques, administrations, entreprises,<\/strong><br \/>\n\tacc\u00e9dez \u00e0 la base de donn\u00e9es en ligne de tous les articles du <i>Monde diplomatique<\/i> de 1954 \u00e0 nos\u00a0jours.<br \/>\n\t<a target=\"_blank\" id=\"pw-institutions\" class=\"suivi\" href=\"https:\/\/www.monde-diplomatique.fr\/archives\/institutions\">Retrouvez cette\u00a0offre sp\u00e9cifique<\/a>.\n<\/div>\n<\/div><\/div>\n<p><br \/>\n<br \/><a href=\"https:\/\/www.monde-diplomatique.fr\/2025\/02\/BRENGARTH\/68036\" target=\"_blank\"\">Source link <\/a><\/p>\n","protected":false},"excerpt":{"rendered":"<p>Dossier\u00a0: L\u2019exception comme r\u00e8gle Le 6\u00a0janvier, le garde des sceaux G\u00e9rald Darmanin reprochait \u00e0 certains avocats de \u00ab\u00a0travailler non pas \u00e0 l\u2019innocence de leurs clients mais [\u00e0] emboliser la proc\u00e9dure&hellip; <\/p>\n","protected":false},"author":1,"featured_media":2347,"comment_status":"open","ping_status":"open","sticky":false,"template":"","format":"standard","meta":{"footnotes":""},"categories":[1],"tags":[],"class_list":["post-2346","post","type-post","status-publish","format-standard","has-post-thumbnail","hentry","category-non-classe"],"_links":{"self":[{"href":"https:\/\/monde25.info\/index.php\/wp-json\/wp\/v2\/posts\/2346","targetHints":{"allow":["GET"]}}],"collection":[{"href":"https:\/\/monde25.info\/index.php\/wp-json\/wp\/v2\/posts"}],"about":[{"href":"https:\/\/monde25.info\/index.php\/wp-json\/wp\/v2\/types\/post"}],"author":[{"embeddable":true,"href":"https:\/\/monde25.info\/index.php\/wp-json\/wp\/v2\/users\/1"}],"replies":[{"embeddable":true,"href":"https:\/\/monde25.info\/index.php\/wp-json\/wp\/v2\/comments?post=2346"}],"version-history":[{"count":0,"href":"https:\/\/monde25.info\/index.php\/wp-json\/wp\/v2\/posts\/2346\/revisions"}],"wp:featuredmedia":[{"embeddable":true,"href":"https:\/\/monde25.info\/index.php\/wp-json\/wp\/v2\/media\/2347"}],"wp:attachment":[{"href":"https:\/\/monde25.info\/index.php\/wp-json\/wp\/v2\/media?parent=2346"}],"wp:term":[{"taxonomy":"category","embeddable":true,"href":"https:\/\/monde25.info\/index.php\/wp-json\/wp\/v2\/categories?post=2346"},{"taxonomy":"post_tag","embeddable":true,"href":"https:\/\/monde25.info\/index.php\/wp-json\/wp\/v2\/tags?post=2346"}],"curies":[{"name":"wp","href":"https:\/\/api.w.org\/{rel}","templated":true}]}}