{"id":2348,"date":"2025-02-11T05:03:00","date_gmt":"2025-02-11T04:03:00","guid":{"rendered":"https:\/\/monde25.info\/index.php\/2025\/02\/11\/50-de-lile-devores-par-les-flammes\/"},"modified":"2025-02-11T05:03:00","modified_gmt":"2025-02-11T04:03:00","slug":"50-de-lile-devores-par-les-flammes","status":"publish","type":"post","link":"https:\/\/monde25.info\/index.php\/2025\/02\/11\/50-de-lile-devores-par-les-flammes\/","title":{"rendered":"50\u00a0% de l\u2019\u00eele d\u00e9vor\u00e9s par les flammes"},"content":{"rendered":"<p> <br \/>\n<\/p>\n<div style=\"position:relative;\">\n        <picture><source type=\"image\/webp\" srcset=\"https:\/\/reporterre.net\/local\/cache-vignettes\/L720xH480\/onafumeamsterdam-0ccc6.jpg@.webp?1739196611\"><img loading=\"lazy\" decoding=\"async\" src=\"https:\/\/reporterre.net\/local\/cache-vignettes\/L720xH480\/onafumeamsterdam-0ccc6.jpg?1739196611\" width=\"720\" height=\"480\" alt=\"Incendie de l'\u00eele Amsterdam\u00a0: 50&lt;small class=&quot;fine d-inline&quot;&gt;\u00a0&lt;\/small&gt;% de l'\u00eele d\u00e9vor\u00e9s par les flammes\" class=\"image_logo voir_logo\"\/><\/p>\n<p><\/source><\/picture>\n<p class=\"legende_logo\">La station de mesure des gaz \u00e0 effet de serre de la pointe B\u00e9n\u00e9dicte, dans la fum\u00e9e de l&rsquo;incendie qui ravage l&rsquo;\u00eele Amsterdam. <span class=\"copyright_logo\">&#8211; \u00a9 Taaf \u2013 R\u00e9mi CHAZOT<\/span><\/p>\n<p class=\"legende_logo_480\">La station de mesure des gaz \u00e0 effet de serre de la pointe B\u00e9n\u00e9dicte, dans la fum\u00e9e de l&rsquo;incendie qui ravage l&rsquo;\u00eele Amsterdam. <span class=\"copyright_logo\">&#8211; \u00a9 Taaf \u2013 R\u00e9mi CHAZOT<\/span><\/p>\n<\/p><\/div>\n<div>\n        <span class=\"date\">10 f\u00e9vrier 2025  \u00e0 15h10<\/span><\/p>\n<p>    <span class=\"date_modif\">Mis \u00e0 jour le 10 f\u00e9vrier 2025 \u00e0 18h31<\/span>      <\/p>\n<p class=\"duree_lecture\">\n        Dur\u00e9e de lecture : 2 minutes\n      <\/p>\n<\/p><\/div>\n<div>\n<p>L\u2019un des joyaux de la biodiversit\u00e9 risque de dispara\u00eetre. Situ\u00e9e \u00e0 pr\u00e8s de 3\u00a0000 kilom\u00e8tres au sud-est de La R\u00e9union, l\u2019\u00eele d\u2019Amsterdam est <a target=\"_blank\" href=\"https:\/\/reporterre.net\/Un-incendie-menace-une-station-scientifique-cruciale-sur-l-ile-d-Amsterdam\" class=\"spip_in\">depuis le 15\u00a0janvier<\/a> en proie \u00e0 un incendie. Les flammes ont d\u00e9j\u00e0 ravag\u00e9 50<small class=\"fine d-inline\">\u00a0<\/small>% de la superficie de ce morceau isol\u00e9 de terre, d\u2019une superficie de 58\u00a0km\u00b2, situ\u00e9 dans le sud de l\u2019oc\u00e9an Indien.<\/p>\n<p>Les raisons du d\u00e9part de l\u2019incendie restent inconnues, mais en cet \u00e9t\u00e9 austral, la v\u00e9g\u00e9tation y est tr\u00e8s s\u00e8che et les vents, r\u00e9guliers, atteignent en moyenne entre 30 et 40\u00a0km\/h.<\/p>\n<p>Les trente-et-une\u00a0personnes qui vivaient sur l\u2019\u00eele d\u2019Amsterdam ont \u00e9t\u00e9 \u00e9vacu\u00e9es par un bateau de p\u00eache. Il s\u2019agit principalement de scientifiques et de militaires. Gr\u00e2ce \u00e0 sa situation g\u00e9ographique, l\u2019\u00eele est un site pr\u00e9cieux pour mesurer les cons\u00e9quences du d\u00e9r\u00e8glement climatique.<\/p>\n<h2 class=\"spip\">Plusieurs installations touch\u00e9es<\/h2>\n<p>Les autorit\u00e9s suivent la progression de l\u2019incendie via les images satellites. Dans un communiqu\u00e9 du 7\u00a0f\u00e9vrier, la pr\u00e9fecture charg\u00e9e des Terres australes et antarctiques fran\u00e7aises (Taaf), a indiqu\u00e9 que les relais de t\u00e9l\u00e9communication, le syst\u00e8me d\u2019alimentation \u00e9lectrique reli\u00e9 \u00e0 des panneaux photovolta\u00efques ainsi que le syst\u00e8me de collecte d\u2019eau de pluie ont \u00e9t\u00e9 touch\u00e9s. Les pompiers ne peuvent pas essayer de venir \u00e0 bout des flammes, mais s\u2019approchent le plus possible de l\u2019\u00eele, en bateau, afin d\u2019en suivre la progression.<\/p>\n<p>Tr\u00e9sor de biodiversit\u00e9, l\u2019\u00eele, en plus de sa v\u00e9g\u00e9tation unique, abrite 84<small class=\"fine d-inline\">\u00a0<\/small>% de la population mondiale de l\u2019albatros \u00e0 bec jaune, et l\u2019on y trouve aussi la troisi\u00e8me population d\u2019otarie \u00e0 fourrure, pr\u00e9cise <i>Le Monde<\/i>. La perte de donn\u00e9es scientifiques inqui\u00e8te aussi beaucoup les chercheurs.<\/p>\n<aside class=\"boite_encarts\">\n<div class=\"encart encart_gris noprint\">\n<p><strong>Puisque vous \u00eates l\u00e0&#8230;<\/strong><\/p>\n<p>&#8230; nous avons un petit service \u00e0 vous demander.<br class=\"autobr\"\/><br \/>\nEntre la pr\u00e9sence d\u2019un climatosceptique \u00e0 la t\u00eate de la premi\u00e8re puissance mondiale, un gouvernement fran\u00e7ais qui flirte avec l\u2019extr\u00eame-droite, et les catastrophes climatiques qui s\u2019enchainent&#8230; Faire vivre l\u2019\u00e9cologie dans le d\u00e9bat public est un enjeu crucial.<\/p>\n<p>Personne ne modifie ce que nous publions. Nous n\u2019avons ni actionnaire, ni propri\u00e9taire milliardaire \u2014 seulement une \u00e9quipe d\u2019irr\u00e9ductibles journalistes, pleine de d\u00e9termination.<\/p>\n<p>Nous avons la conviction que l\u2019urgence \u00e9cologique est l\u2019enjeu majeur de notre \u00e9poque. Et comme plus de 2 millions de lectrices et lecteurs chaque mois, vous partagez sans doute cette conviction&#8230;<\/p>\n<p><strong>Depuis 12 ans, nous publions des articles de qualit\u00e9 sur l\u2019\u00e9cologie, en acc\u00e8s libre et sans publicit\u00e9, pour tous.<\/strong><br class=\"autobr\"\/><br \/>\nMais ce travail demande beaucoup de temps et de ressources.<\/p>\n<p>Alors, si vous en avez les moyens, sachez qu\u2019un don, m\u00eame d\u20191\u20ac, est un acte de soutien fort pour l\u2019\u00e9cologie et le journalisme ind\u00e9pendant.<br class=\"autobr\"\/><br \/>\n(Et \u00e7a vous prendra moins de temps que la lecture de ce texte).<\/p>\n<p><strong>Si vous le pouvez, choisissez un soutien mensuel. Merci.<\/strong><\/p>\n<p><a target=\"_blank\" href=\"https:\/\/reporterre.net\/dons\" class=\"bt_soutenir\">Je soutiens <i>Reporterre<\/i><\/a><\/p>\n<\/p><\/div>\n<div class=\"encart encart_vert noprint montre_1023\">\n<div class=\"infolettre-form-container noprint\">\n<p>Abonnez-vous \u00e0 la lettre d\u2019info de Reporterre<\/p>\n<\/div><\/div>\n<\/aside>\n<aside class=\"boite_apresarticle encart_note\">\n<h4>Apr\u00e8s cet article<\/h4>\n<p>      <a target=\"_blank\" href=\"https:\/\/reporterre.net\/Los-Angeles-brule-C-est-le-resultat-des-mensonges-de-l-industrie-fossile\" class=\"lien_article\">\n      <picture class=\"vignette_gauche\"><source type=\"image\/webp\" srcset=\"https:\/\/reporterre.net\/https:\/\/reporterre.net\/local\/cache-vignettes\/L450xH300\/afp__20250113__mei-usa-dp-aolacadwhc-20250112-0003__v1__highres__altadenacaliforniaj-24f64.jpg@.webp?1737368030\"><img decoding=\"async\" src=\"https:\/\/reporterre.net\/local\/cache-vignettes\/L450xH300\/afp__20250113__mei-usa-dp-aolacadwhc-20250112-0003__v1__highres__altadenacaliforniaj-24f64.jpg?1737368030\" width=\"450\" height=\"300\" alt=\"\" class=\"marge12\" loading=\"lazy\"\/><br \/>\n<\/source><\/picture>\n<p class=\"libelle\">\n<p>          Entretien \u2014<\/p>\n<p>      Incendies\n    <\/p>\n<p class=\"titre pol20\"> Los Angeles br\u00fble\u00a0: \u00ab<small class=\"fine d-inline\">\u00a0<\/small>C\u2019est le r\u00e9sultat des mensonges de l\u2019industrie fossile<small class=\"fine d-inline\">\u00a0<\/small>\u00bb<\/p>\n<p>      <\/a><br \/>\n    <\/aside>\n<aside class=\"boite_complement texte\">\n<p>      <!-- zone_forum --><br \/>\n          <\/aside>\n<aside class=\"boite_lireaussi noprint\">\n<\/aside>\n<aside class=\"colonne\">\n<div class=\"article_info cache_1023 noprint\">\n        <span class=\"date\">10 f\u00e9vrier 2025  \u00e0 15h10<\/span><\/p>\n<p>    <span class=\"date_modif\">Mis \u00e0 jour le 10 f\u00e9vrier 2025 \u00e0 18h31<\/span>      <\/p>\n<p class=\"duree_lecture\">\n        Dur\u00e9e de lecture : 2 minutes\n      <\/p>\n<\/p><\/div>\n<div class=\"bloc_infolettre\">\n<div class=\"infolettre-form-container noprint\">\n<p>Abonnez-vous \u00e0 la lettre d\u2019info de Reporterre<\/p>\n<\/div><\/div>\n<\/aside>\n<div id=\"galerie\">\n  <img decoding=\"async\" src=\"\" class=\"principale\" id=\"principale\"\/><\/p>\n<p id=\"legende\">legende<\/p>\n<\/div>\n<footer class=\"noprint\">\n<\/footer>\n<\/div>\n<p><br \/>\n<br \/><a href=\"https:\/\/reporterre.net\/Incendie-de-l-ile-Amsterdam-50-de-l-ile-devores-par-les-flammes\" target=\"_blank\"\">Source link <\/a><\/p>\n","protected":false},"excerpt":{"rendered":"<p>La station de mesure des gaz \u00e0 effet de serre de la pointe B\u00e9n\u00e9dicte, dans la fum\u00e9e de l&rsquo;incendie qui ravage l&rsquo;\u00eele Amsterdam. &#8211; \u00a9 Taaf \u2013 R\u00e9mi CHAZOT La&hellip; <\/p>\n","protected":false},"author":1,"featured_media":2349,"comment_status":"open","ping_status":"open","sticky":false,"template":"","format":"standard","meta":{"footnotes":""},"categories":[1],"tags":[],"class_list":["post-2348","post","type-post","status-publish","format-standard","has-post-thumbnail","hentry","category-non-classe"],"_links":{"self":[{"href":"https:\/\/monde25.info\/index.php\/wp-json\/wp\/v2\/posts\/2348","targetHints":{"allow":["GET"]}}],"collection":[{"href":"https:\/\/monde25.info\/index.php\/wp-json\/wp\/v2\/posts"}],"about":[{"href":"https:\/\/monde25.info\/index.php\/wp-json\/wp\/v2\/types\/post"}],"author":[{"embeddable":true,"href":"https:\/\/monde25.info\/index.php\/wp-json\/wp\/v2\/users\/1"}],"replies":[{"embeddable":true,"href":"https:\/\/monde25.info\/index.php\/wp-json\/wp\/v2\/comments?post=2348"}],"version-history":[{"count":0,"href":"https:\/\/monde25.info\/index.php\/wp-json\/wp\/v2\/posts\/2348\/revisions"}],"wp:featuredmedia":[{"embeddable":true,"href":"https:\/\/monde25.info\/index.php\/wp-json\/wp\/v2\/media\/2349"}],"wp:attachment":[{"href":"https:\/\/monde25.info\/index.php\/wp-json\/wp\/v2\/media?parent=2348"}],"wp:term":[{"taxonomy":"category","embeddable":true,"href":"https:\/\/monde25.info\/index.php\/wp-json\/wp\/v2\/categories?post=2348"},{"taxonomy":"post_tag","embeddable":true,"href":"https:\/\/monde25.info\/index.php\/wp-json\/wp\/v2\/tags?post=2348"}],"curies":[{"name":"wp","href":"https:\/\/api.w.org\/{rel}","templated":true}]}}