{"id":235,"date":"2024-11-16T07:47:50","date_gmt":"2024-11-16T06:47:50","guid":{"rendered":"https:\/\/monde25.info\/index.php\/2024\/11\/16\/5-points-pour-comprendre-la-colere-des-agriculteurs\/"},"modified":"2024-11-16T07:47:50","modified_gmt":"2024-11-16T06:47:50","slug":"5-points-pour-comprendre-la-colere-des-agriculteurs","status":"publish","type":"post","link":"https:\/\/monde25.info\/index.php\/2024\/11\/16\/5-points-pour-comprendre-la-colere-des-agriculteurs\/","title":{"rendered":"5 points pour comprendre la col\u00e8re des agriculteurs"},"content":{"rendered":"<p> <br \/>\n<\/p>\n<div>\n<p>Il est en n\u00e9gociation depuis pr\u00e8s de vingt-cinq ans. L\u2019accord de libre-\u00e9change entre l\u2019Union europ\u00e9enne (<span class=\"caps\">UE<\/span>) et le Mercosur (Argentine, Br\u00e9sil, Paraguay, Uruguay, Bolivie) pourrait \u00eatre sign\u00e9 <a target=\"_blank\" href=\"https:\/\/reporterre.net\/L-accord-Mercosur-bientot-finalise\">d\u2019ici la fin de l\u2019ann\u00e9e<\/a>. La Commission europ\u00e9enne, soutenue notamment par l\u2019Allemagne et l\u2019Espagne, pousse pour signer au plus vite. Cela pourrait avoir lieu lors du prochain sommet du Mercosur, qui se tiendra du 5 au 7\u00a0d\u00e9cembre \u00e0 Montevideo (Uruguay), voire d\u00e8s le sommet du G20 au Br\u00e9sil, les 18 et 19\u00a0novembre.<\/p>\n<p>Une perspective qui participe \u00e0 alimenter <a target=\"_blank\" href=\"https:\/\/reporterre.net\/Un-coup-de-poignard-les-agriculteurs-denoncent-le-traite-UE-Mercosur\">la col\u00e8re des agriculteurs<\/a>. \u00c0 l\u2019appel de la <span class=\"caps\">FNSEA<\/span>, le syndicat agricole majoritaire et productiviste, ils promettent une nouvelle vague de manifestations \u00e0 partir du lundi 18\u00a0novembre. La Coordination rurale compte encha\u00eener d\u00e8s le lendemain, le 19\u00a0novembre. Voici cinq points pour mieux comprendre les enjeux de cet accord.<\/p>\n<h2 class=\"spip\">1. Pourquoi l\u2019<span class=\"caps\">UE<\/span> et le Mercosur souhaitent-ils un accord<small class=\"fine d-inline\">\u00a0<\/small>?<\/h2>\n<p>L\u2019Union europ\u00e9enne et le Mercosur n\u00e9gocient un accord de libre-\u00e9change depuis 1999, visant \u00e0 renforcer leurs relations commerciales. Fond\u00e9 en 1991, le Mercosur forme une zone de libre circulation des biens et services en Am\u00e9rique latine avec une politique commerciale commune.<\/p>\n<p>L\u2019<span class=\"caps\">UE<\/span> souhaite obtenir un acc\u00e8s accru \u00e0 ce vaste march\u00e9 sud-am\u00e9ricain pour y promouvoir ses produits industriels, en particulier les voitures, la machinerie, les produits pharmaceutiques et les \u00e9quipements de haute technologie. Quant aux pays du Mercosur, <i>\u00ab<small class=\"fine d-inline\">\u00a0<\/small>il est tr\u00e8s compliqu\u00e9 pour eux de s\u2019opposer \u00e0 l\u2019id\u00e9e de renforcer leurs \u00e9changes commerciaux avec l\u2019<span class=\"caps\">UE<\/span>, car ils sont tr\u00e8s d\u00e9pendants de leurs exportations et qu\u2019il y a un enjeu culturel et politique \u00e0 ne pas \u00eatre uniquement d\u00e9pendre des \u00c9tats-Unis<small class=\"fine d-inline\">\u00a0<\/small>\u00bb<\/i>, explique Maxime Combes, \u00e9conomiste et coanimateur du collectif Stop Mercosur.<\/p>\n<h2 class=\"spip\">2. Des cons\u00e9quences \u00e9cologiques pr\u00e9occupantes<\/h2>\n<p>La validation de cet accord, qui r\u00e9unit <i>\u00ab<small class=\"fine d-inline\">\u00a0<\/small>deux blocs aux syst\u00e8mes \u00e9conomiques tr\u00e8s diff\u00e9rents<small class=\"fine d-inline\">\u00a0<\/small>\u00bb<\/i>, risque d\u2019avoir des cons\u00e9quences majeures sur le <a target=\"_blank\" href=\"Qu-est-ce-que-le-rechauffement-climatique\">r\u00e9chauffement climatique<\/a>, avertit Maxime Combes. L\u2019augmentation du commerce entra\u00eenera en effet une hausse de la production \u2014 notamment orient\u00e9e vers l\u2019exportation \u2014 et, par cons\u00e9quent, des \u00e9missions de gaz \u00e0 effet de serre.<\/p>\n<p>Pour r\u00e9pondre \u00e0 la demande croissante de viande bovine, les agriculteurs du Mercosur seront incit\u00e9s \u00e0 d\u00e9fricher davantage de terres, ce qui accentuera la destruction de for\u00eats riches en biodiversit\u00e9, notamment en Amazonie et dans le Cerrado, exacerbant ainsi le d\u00e9r\u00e8glement climatique, comme <a target=\"_blank\" href=\"https:\/\/reporterre.net\/Le-traite-Mercosur-aurait-des-consequences-desastreuses-pour-l-Amazonie\">l\u2019expliquait <i>Reporterre<\/i><\/a> en 2020.<\/p>\n<p>De l\u2019autre c\u00f4t\u00e9, selon l\u2019\u00e9conomiste, <i>\u00ab<small class=\"fine d-inline\">\u00a0<\/small>cet accord encourage l\u2019industrie automobile europ\u00e9enne \u00e0 maintenir le statu quo et \u00e0 continuer d\u2019esp\u00e9rer vendre ses v\u00e9hicules thermiques polluants en Am\u00e9rique latine<small class=\"fine d-inline\">\u00a0<\/small>\u00bb<\/i>. D\u2019o\u00f9 le surnom de <i>\u00ab<small class=\"fine d-inline\">\u00a0<\/small>viande contre voitures<small class=\"fine d-inline\">\u00a0<\/small>\u00bb<\/i>. C\u2019est un accord qui encourage, selon lui, les secteurs \u00e9conomiques <i>\u00ab<small class=\"fine d-inline\">\u00a0<\/small>les plus nocifs de chacune des deux r\u00e9gions<small class=\"fine d-inline\">\u00a0<\/small>\u00bb<\/i>, ce qui va engendrer l\u2019accroissement des \u00e9missions de gaz \u00e0 effet de serre, m\u00eame si cette hausse est difficile \u00e0 quantifier avec pr\u00e9cision.<\/p>\n<p>Cet accord soul\u00e8ve ainsi des pr\u00e9occupations \u00e9thiques et environnementales\u00a0: alors que l\u2019Europe satisfait ses besoins agricoles, elle d\u00e9place une partie de son impact \u00e9cologique vers l\u2019Am\u00e9rique latine, tout en exposant cette r\u00e9gion \u00e0 davantage de pollution industrielle.<\/p>\n<h2 class=\"spip\">3. Une concurrence d\u00e9loyale pour les agriculteurs europ\u00e9ens<\/h2>\n<p>Les agriculteurs europ\u00e9ens, en particulier les \u00e9leveurs, d\u00e9noncent ce qu\u2019ils consid\u00e8rent \u00eatre une concurrence d\u00e9loyale face aux producteurs du Mercosur, qui b\u00e9n\u00e9ficient de co\u00fbts de production plus bas. Selon Maxime Combes, <i>\u00ab<small class=\"fine d-inline\">\u00a0<\/small>le prix de la terre y est abordable, le climat favorable \u00e0 une production abondante, le co\u00fbt de la main-d\u2019\u0153uvre est tr\u00e8s faible et les normes moins strictes<small class=\"fine d-inline\">\u00a0<\/small>\u00bb<\/i>.<\/p>\n<p>Cette situation place les producteurs europ\u00e9ens en difficult\u00e9, op\u00e9rant sous des r\u00e9glementations plus rigoureuses et des co\u00fbts plus \u00e9lev\u00e9s, comme ceux engendr\u00e9s par l\u2019interdiction de certains pesticides tels que le paraquat, interdit pour ses risques sanitaires et environnementaux, mais autoris\u00e9 dans les pays du Mercosur.<\/p>\n<p>Les produits import\u00e9s du Mercosur risquent donc d\u2019inonder le march\u00e9 \u00e0 des prix plus bas que ceux des productions europ\u00e9ennes et fran\u00e7aises, comme l\u2019a d\u00e9j\u00e0 <a target=\"_blank\" href=\"https:\/\/reporterre.net\/Ca-nous-a-aneanti-le-libre-echange-tue-l-agriculture-francaise\">expliqu\u00e9 <i>Reporterre<\/i><\/a> et entra\u00eener la disparition des producteurs incapables de rivaliser sur les prix, selon l\u2019\u00e9conomiste. De fa\u00e7on similaire, dans les secteurs pharmaceutiques et automobiles, les produits europ\u00e9ens, plus comp\u00e9titifs, pourraient dominer les march\u00e9s sud-am\u00e9ricains, mena\u00e7ant ainsi les emplois locaux.<\/p>\n<h2 class=\"spip\">4. Des ressources mini\u00e8res exploit\u00e9es<\/h2>\n<p>L\u2019accord entre le Mercosur et l\u2019<span class=\"caps\">UE<\/span> visant \u00e0 renforcer les \u00e9changes commerciaux, il devrait faciliter les investissements, y compris dans le secteur minier. Ce cadre commercial devrait, selon Maxime Combes, <i>\u00ab<small class=\"fine d-inline\">\u00a0<\/small>favoriser l\u2019exploitation des ressources mini\u00e8res<small class=\"fine d-inline\">\u00a0<\/small>\u00bb<\/i> dans les pays du Mercosur, notamment des ressources strat\u00e9giques comme <a target=\"_blank\" href=\"https:\/\/reporterre.net\/La-voiture-electrique-cause-une-enorme-pollution-miniere\">le lithium<\/a>, un m\u00e9tal essentiel pour les batteries des v\u00e9hicules \u00e9lectriques et les \u00e9nergies renouvelables.<\/p>\n<p><a target=\"_blank\" href=\"https:\/\/reporterre.net\/Les-voitures-electriques-assoiffent-les-pays-du-Sud\" class=\"lien_lireaussi\"><strong>Lire aussi : <\/strong> <span>Les voitures \u00e9lectriques assoiffent les pays du Sud<\/span><\/a><\/p>\n<p>Cependant, l\u2019extraction intensive de ces ressources en Am\u00e9rique latine engendre de <a target=\"_blank\" href=\"https:\/\/reporterre.net\/Au-Chili-tout-pour-le-lithium-au-detriment-de-l-environnement\">graves cons\u00e9quences environnementales et sociales<\/a>. Dans des r\u00e9gions arides du Chili et de l\u2019Argentine par exemple, l\u2019extraction du lithium exige d\u2019importantes quantit\u00e9s d\u2019eau pour s\u00e9parer le m\u00e9tal des autres composants. Cela \u00e9puise les sources d\u2019eau souterraine, r\u00e9duisant fortement les r\u00e9serves disponibles pour les habitants et les \u00e9cosyst\u00e8mes.<\/p>\n<p><i>\u00ab<small class=\"fine d-inline\">\u00a0<\/small>Que les mines partent et laissent mon peuple vivre en paix<small class=\"fine d-inline\">\u00a0<\/small>\u00bb<\/i>, t\u00e9moigne dans <i><a target=\"_blank\" href=\"https:\/\/reporterre.net\/Au-Chili-tout-pour-le-lithium-au-detriment-de-l-environnement\">Reporterre<\/a><\/i> un habitant de Toconao, au Chili, inquiet pour l\u2019avenir de sa communaut\u00e9 indig\u00e8ne, tr\u00e8s d\u00e9pendante en eau pour ses cultures et ses traditions.<\/p>\n<h2 class=\"spip\">5. Des pratiques \u00ab<small class=\"fine d-inline\">\u00a0<\/small>n\u00e9ocoloniales<small class=\"fine d-inline\">\u00a0<\/small>\u00bb<\/h2>\n<p>Le collectif Stop-Mercosur <a target=\"_blank\" href=\"https:\/\/france.attac.org\/se-mobiliser\/le-grand-marche-transatlantique\/article\/ue-mercosur-un-accord-de-liberalisation-du-commerce-obsolete-neocolonial-et\" class=\"spip_out\" rel=\"external\">d\u00e9nonce<\/a> un accord <i>\u00ab<small class=\"fine d-inline\">\u00a0<\/small>n\u00e9ocolonial et d\u00e9s\u00e9quilibr\u00e9<small class=\"fine d-inline\">\u00a0<\/small>\u00bb<\/i>, qui devrait <i>\u00ab<small class=\"fine d-inline\">\u00a0<\/small>aggraver les asym\u00e9tries \u00e9conomiques et socio-environnementales existantes<small class=\"fine d-inline\">\u00a0<\/small>\u00bb<\/i>. Selon Maxime Combes, les pays du Sud sont en effet d\u00e9j\u00e0 tr\u00e8s d\u00e9pendants de l\u2019exportation de leurs ressources naturelles, car n\u00e9cessaire pour financer leurs politiques nationales et pour des questions de stabilit\u00e9 mon\u00e9taire. Cet accord les enfermerait un peu plus dans un mod\u00e8le d\u2019extraction et d\u2019exportation de mati\u00e8res premi\u00e8res, au d\u00e9triment du d\u00e9veloppement d\u2019une industrie et d\u2019autres services.<\/p>\n<p>Sans retomb\u00e9es \u00e9conomiques significatives pour les populations locales, les b\u00e9n\u00e9fices de l\u2019exploitation des ressources naturelles profitent en effet, selon l\u2019\u00e9conomiste, principalement aux grandes entreprises, souvent \u00e9trang\u00e8res, tandis que les communaut\u00e9s locales doivent supporter les cons\u00e9quences environnementales et sociales. Une <a target=\"_blank\" href=\"https:\/\/reporterre.net\/Le-Mercosur-est-un-accord-de-commerce-neocolonial\">forme de n\u00e9ocolonialisme<\/a>, o\u00f9 l\u2019Am\u00e9rique latine supporte les co\u00fbts environnementaux tandis que l\u2019Europe en tire les b\u00e9n\u00e9fices \u00e9conomiques.<\/p>\n<aside class=\"boite_encarts\">\n<div class=\"encart encart_gris noprint\">\n<p><strong>Il est de retour.<\/strong><\/p>\n<p>Dans quelques semaines, Donald Trump se r\u00e9-installera \u00e0 la Maison Blanche.<\/p>\n<p>Un milliardaire, pour qui le r\u00e9chauffement climatique est \u00ab<small class=\"fine d-inline\">\u00a0<\/small>un canular<small class=\"fine d-inline\">\u00a0<\/small>\u00bb, sera \u00e0 la t\u00eate de la plus grande puissance mondiale.<\/p>\n<p>Dans une d\u00e9cennie cruciale pour l\u2019\u00e9cologie, nous ne pouvons pas nous permettre de perdre plus de temps.<\/p>\n<p>La soci\u00e9t\u00e9 civile doit continuer de se soulever, de se mobiliser et de faire pression sur les puissants.<\/p>\n<p>Mais pour agir, il faut savoir.<\/p>\n<p><strong>Depuis 11 ans, nous publions des articles de qualit\u00e9 sur l\u2019\u00e9cologie, en acc\u00e8s libre et sans publicit\u00e9, pour tous.<\/strong><\/p>\n<p>Nous avons la conviction que l\u2019urgence \u00e9cologique est l\u2019enjeu majeur de notre \u00e9poque.<br class=\"autobr\"\/><br \/>\n Et comme plus de 2 millions de lectrices et lecteurs chaque mois, vous partagez sans doute cette conviction&#8230;<\/p>\n<p>Alors si vous en avez les moyens, sachez qu\u2019un don, m\u00eame d\u20191\u20ac, est un acte de soutien fort pour l\u2019\u00e9cologie et le journalisme ind\u00e9pendant.<br class=\"autobr\"\/><br \/>\n (Et \u00e7a vous prendra moins de temps que la lecture de ce texte).<\/p>\n<p><strong>Si vous le pouvez, choisissez un soutien mensuel. Merci.<\/strong><\/p>\n<p><a target=\"_blank\" href=\"https:\/\/reporterre.net\/dons\" class=\"bt_soutenir\">Je soutiens <i>Reporterre<\/i><\/a><\/p>\n<\/p><\/div>\n<div class=\"encart encart_vert noprint montre_1023\">\n<div class=\"infolettre-form-container noprint\">\n<p>Abonnez-vous \u00e0 la lettre d\u2019info de Reporterre<\/p>\n<\/div><\/div>\n<\/aside>\n<aside class=\"boite_apresarticle encart_note\">\n<h4>Apr\u00e8s cet article<\/h4>\n<p>      <a target=\"_blank\" href=\"https:\/\/reporterre.net\/Accord-UE-Mercosur-l-opposition-de-facade-d-Emmanuel-Macron\" class=\"lien_article\">\n      <picture class=\"vignette_gauche\"><source type=\"image\/webp\" srcset=\"https:\/\/reporterre.net\/https:\/\/reporterre.net\/local\/cache-gd2\/63\/744ae2c5b30775c4e26724c9ddcf5f.jpg@.webp?1731059157\"><img decoding=\"async\" src=\"https:\/\/reporterre.net\/local\/cache-gd2\/63\/744ae2c5b30775c4e26724c9ddcf5f.jpg?1731059157\" width=\"450\" height=\"300\" alt=\"\" class=\"marge12\" loading=\"lazy\"\/><br \/>\n<\/source><\/picture>\n<p class=\"libelle\">\n<p>      Trait\u00e9s de libre-\u00e9change\n    <\/p>\n<p class=\"titre pol20\">Accord <span class=\"caps\">UE<\/span>-Mercosur\u00a0: l\u2019opposition de fa\u00e7ade d\u2019Emmanuel Macron<\/p>\n<p>      <\/a><br \/>\n    <\/aside>\n<aside class=\"boite_complement texte\">\n<p>      <!-- zone_forum --><br \/>\n          <\/aside>\n<aside class=\"boite_lireaussi noprint\">\n<\/aside>\n<aside class=\"colonne\">\n<div class=\"article_info cache_1023 noprint\">\n<p>    <span class=\"date\">15 novembre 2024  \u00e0 16h41<\/span><\/p>\n<p class=\"duree_lecture\">\n        Dur\u00e9e de lecture : 6 minutes\n      <\/p>\n<\/p><\/div>\n<div class=\"bloc_infolettre\">\n<div class=\"infolettre-form-container noprint\">\n<p>Abonnez-vous \u00e0 la lettre d\u2019info de Reporterre<\/p>\n<\/div><\/div>\n<\/aside>\n<div id=\"galerie\">\n  <img decoding=\"async\" src=\"\" class=\"principale\" id=\"principale\"\/><\/p>\n<p id=\"legende\">legende<\/p>\n<\/div>\n<footer class=\"noprint\">\n<\/footer>\n<\/div>\n<p><br \/>\n<br \/><a href=\"https:\/\/reporterre.net\/Accord-UE-Mercosur-5-points-pour-comprendre-la-colere-des-agriculteurs\" target=\"_blank\"\">Source link <\/a><\/p>\n","protected":false},"excerpt":{"rendered":"<p>Il est en n\u00e9gociation depuis pr\u00e8s de vingt-cinq ans. L\u2019accord de libre-\u00e9change entre l\u2019Union europ\u00e9enne (UE) et le Mercosur (Argentine, Br\u00e9sil, Paraguay, Uruguay, Bolivie) pourrait \u00eatre sign\u00e9 d\u2019ici la fin&hellip; <\/p>\n","protected":false},"author":1,"featured_media":236,"comment_status":"open","ping_status":"open","sticky":false,"template":"","format":"standard","meta":{"footnotes":""},"categories":[1],"tags":[],"class_list":["post-235","post","type-post","status-publish","format-standard","has-post-thumbnail","hentry","category-non-classe"],"_links":{"self":[{"href":"https:\/\/monde25.info\/index.php\/wp-json\/wp\/v2\/posts\/235","targetHints":{"allow":["GET"]}}],"collection":[{"href":"https:\/\/monde25.info\/index.php\/wp-json\/wp\/v2\/posts"}],"about":[{"href":"https:\/\/monde25.info\/index.php\/wp-json\/wp\/v2\/types\/post"}],"author":[{"embeddable":true,"href":"https:\/\/monde25.info\/index.php\/wp-json\/wp\/v2\/users\/1"}],"replies":[{"embeddable":true,"href":"https:\/\/monde25.info\/index.php\/wp-json\/wp\/v2\/comments?post=235"}],"version-history":[{"count":0,"href":"https:\/\/monde25.info\/index.php\/wp-json\/wp\/v2\/posts\/235\/revisions"}],"wp:featuredmedia":[{"embeddable":true,"href":"https:\/\/monde25.info\/index.php\/wp-json\/wp\/v2\/media\/236"}],"wp:attachment":[{"href":"https:\/\/monde25.info\/index.php\/wp-json\/wp\/v2\/media?parent=235"}],"wp:term":[{"taxonomy":"category","embeddable":true,"href":"https:\/\/monde25.info\/index.php\/wp-json\/wp\/v2\/categories?post=235"},{"taxonomy":"post_tag","embeddable":true,"href":"https:\/\/monde25.info\/index.php\/wp-json\/wp\/v2\/tags?post=235"}],"curies":[{"name":"wp","href":"https:\/\/api.w.org\/{rel}","templated":true}]}}