{"id":2352,"date":"2025-02-11T06:08:41","date_gmt":"2025-02-11T05:08:41","guid":{"rendered":"https:\/\/monde25.info\/index.php\/2025\/02\/11\/recul-des-libertes-faillite-politique-par-anne-cecile-robert-le-monde-diplomatique-fevrier-2025\/"},"modified":"2025-02-11T06:08:41","modified_gmt":"2025-02-11T05:08:41","slug":"recul-des-libertes-faillite-politique-par-anne-cecile-robert-le-monde-diplomatique-fevrier-2025","status":"publish","type":"post","link":"https:\/\/monde25.info\/index.php\/2025\/02\/11\/recul-des-libertes-faillite-politique-par-anne-cecile-robert-le-monde-diplomatique-fevrier-2025\/","title":{"rendered":"Recul des libert\u00e9s, faillite politique, par Anne-C\u00e9cile Robert (Le Monde diplomatique, f\u00e9vrier 2025)"},"content":{"rendered":"<p> <br \/>\n<\/p>\n<div couleurfade=\"e7e6e5\" couleurclaire=\"eae5e0\" couleurpale=\"e6ccb1\" couleurmi=\"7b6550\" couleurfoncee=\"614b37\" couleursombre=\"1e1914\" couleurfond=\"504e4c\" couleurtexte=\"ffffff\">\n<div class=\"enapercu\">\n<figure class=\"spip_document_34112 spip_documents spip_documents_center xl\" style=\"width:890px;\">\n<div class=\"limage\">\n<p>\t\t\t<img loading=\"lazy\" decoding=\"async\" src=\"https:\/\/www.monde-diplomatique.fr\/\/local\/cache-vignettes\/L890xH667\/13-10-185e5.jpg?1738680674\" width=\"890\" height=\"667\" class=\"spip_logos\" alt=\"JPEG - 106.8\u00a0ko\"\/><\/p><\/div><figcaption>\n<p>Peter Martensen. \u2013 \u00ab<small class=\"fine\">\u00a0<\/small>Front<small class=\"fine\">\u00a0<\/small>\u00bb, 2016<\/p>\n<p>\u00a9 ADAGP, Paris, 2025 &#8211; Galerie Maria Lund, Paris\n<\/p>\n<\/figcaption><\/figure>\n<p><i><span class=\"mot-lettrine\"><span class=\"lettrine\"><span class=\"guillemet\">\u00ab<\/span>N<\/span>ous<\/span> en avons assez des lettres de cachet. Nous en avons assez d\u2019\u00eatre mis en prison pour des raisons secr\u00e8tes. Nous en avons assez du scandale quotidien qui nous est r\u00e9v\u00e9l\u00e9 chaque jour au r\u00e9veil, et qui, le soir venu, tombera dans l\u2019oubli. Nous en avons assez des ministres falots qui pr\u00e9tendent nous diriger, alors qu\u2019ils ne savent pas se conduire bien eux-m\u00eames<small class=\"fine\">\u00a0<\/small>!<small class=\"fine\">\u00a0<\/small>\u00bb<\/i> L\u2019apostrophe de Beaumarchais \u2014 dans le film d\u2019\u00c9douard Molinaro (1996) \u2014 \u00e0 un tribunal aux ordres de la monarchie rappelle que 1789 est aussi une r\u00e9volution juridique. Contre l\u2019arbitraire et pour la justice. La D\u00e9claration des droits de l\u2019homme et du citoyen du 26\u00a0ao\u00fbt\u00a01789 affirme l\u2019\u00e9galit\u00e9 devant la loi et confie aux \u00e9lus de la nation la mission de d\u00e9finir, en public et apr\u00e8s d\u00e9bat, les crimes et d\u00e9lits. Elle \u00e9nonce les garanties accord\u00e9es aux citoyens, telles la s\u00e9paration des pouvoirs ou la pr\u00e9somption d\u2019innocence, la soumission du pouvoir ex\u00e9cutif et de la police \u00e0 l\u2019int\u00e9r\u00eat g\u00e9n\u00e9ral, ou encore celle des peines de prison \u00e0 leur stricte n\u00e9cessit\u00e9.<\/p>\n<p>Depuis plusieurs si\u00e8cles, la concr\u00e9tisation de ces principes faisait l\u2019objet d\u2019une constante bataille. En Angleterre, la Magna Carta (Grande Charte) avait introduit la notion d\u2019\u00e9galit\u00e9 devant la loi en 1215, et en 1679 le Parlement anglais avait arrach\u00e9 au roi Charles II le principe d\u2019habeas corpus, garant de la libert\u00e9 individuelle d\u00e8s lors qu\u2019il interdit la d\u00e9tention arbitraire en imposant la pr\u00e9sentation du prisonnier \u00e0 un juge. Ainsi la lutte s\u00e9culaire pour la \u00ab<small class=\"fine\">\u00a0<\/small>garantie des droits de l\u2019homme<small class=\"fine\">\u00a0<\/small>\u00bb alterne progr\u00e8s et retours en arri\u00e8re, \u00e0 la mesure des rapports de forces politiques, de l\u2019intensit\u00e9 des mobilisations populaires. L\u2019\u00e9volution du droit, celle des institutions et les m\u0153urs publiques, les relations police-justice permettent de caract\u00e9riser chaque \u00e9poque. \u00c0 cette aune, la p\u00e9riode actuelle ne pr\u00e9sente-t-elle pas toutes les caract\u00e9ristiques d\u2019une \u00e8re de r\u00e9gression<small class=\"fine\">\u00a0<\/small>?<\/p>\n<p>Le double mouvement des id\u00e9es et des peuples favorise de significatives avanc\u00e9es au XIXe et au <span class=\"siecle\">XX<sup>e<\/sup><\/span>\u00a0si\u00e8cle. En Europe,\u00a0(&#8230;)<\/p>\n<\/p><\/div>\n<p>Taille de l\u2019article complet\u00a0:\u00a0<span>1\u00a0645<\/span>\u00a0mots.<\/p>\n<div class=\"promo_dispo_article\">\n<h2 class=\"avantbloc\">\n\tCet article est r\u00e9serv\u00e9 aux\u00a0abonn\u00e9s<\/p>\n<\/h2>\n<div class=\"abo_inst\">\n\t<strong>Lyc\u00e9es, biblioth\u00e8ques, administrations, entreprises,<\/strong><br \/>\n\tacc\u00e9dez \u00e0 la base de donn\u00e9es en ligne de tous les articles du <i>Monde diplomatique<\/i> de 1954 \u00e0 nos\u00a0jours.<br \/>\n\t<a target=\"_blank\" id=\"pw-institutions\" class=\"suivi\" href=\"https:\/\/www.monde-diplomatique.fr\/archives\/institutions\">Retrouvez cette\u00a0offre sp\u00e9cifique<\/a>.\n<\/div>\n<\/div><\/div>\n<p><br \/>\n<br \/><a href=\"https:\/\/www.monde-diplomatique.fr\/2025\/02\/ROBERT\/68034\" target=\"_blank\"\">Source link <\/a><\/p>\n","protected":false},"excerpt":{"rendered":"<p>Peter Martensen. \u2013 \u00ab\u00a0Front\u00a0\u00bb, 2016 \u00a9 ADAGP, Paris, 2025 &#8211; Galerie Maria Lund, Paris \u00abNous en avons assez des lettres de cachet. Nous en avons assez d\u2019\u00eatre mis en prison&hellip; <\/p>\n","protected":false},"author":1,"featured_media":2353,"comment_status":"open","ping_status":"open","sticky":false,"template":"","format":"standard","meta":{"footnotes":""},"categories":[1],"tags":[],"class_list":["post-2352","post","type-post","status-publish","format-standard","has-post-thumbnail","hentry","category-non-classe"],"_links":{"self":[{"href":"https:\/\/monde25.info\/index.php\/wp-json\/wp\/v2\/posts\/2352","targetHints":{"allow":["GET"]}}],"collection":[{"href":"https:\/\/monde25.info\/index.php\/wp-json\/wp\/v2\/posts"}],"about":[{"href":"https:\/\/monde25.info\/index.php\/wp-json\/wp\/v2\/types\/post"}],"author":[{"embeddable":true,"href":"https:\/\/monde25.info\/index.php\/wp-json\/wp\/v2\/users\/1"}],"replies":[{"embeddable":true,"href":"https:\/\/monde25.info\/index.php\/wp-json\/wp\/v2\/comments?post=2352"}],"version-history":[{"count":0,"href":"https:\/\/monde25.info\/index.php\/wp-json\/wp\/v2\/posts\/2352\/revisions"}],"wp:featuredmedia":[{"embeddable":true,"href":"https:\/\/monde25.info\/index.php\/wp-json\/wp\/v2\/media\/2353"}],"wp:attachment":[{"href":"https:\/\/monde25.info\/index.php\/wp-json\/wp\/v2\/media?parent=2352"}],"wp:term":[{"taxonomy":"category","embeddable":true,"href":"https:\/\/monde25.info\/index.php\/wp-json\/wp\/v2\/categories?post=2352"},{"taxonomy":"post_tag","embeddable":true,"href":"https:\/\/monde25.info\/index.php\/wp-json\/wp\/v2\/tags?post=2352"}],"curies":[{"name":"wp","href":"https:\/\/api.w.org\/{rel}","templated":true}]}}