{"id":2354,"date":"2025-02-11T06:41:50","date_gmt":"2025-02-11T05:41:50","guid":{"rendered":"https:\/\/monde25.info\/index.php\/2025\/02\/11\/a-bruxelles-la-droite-et-lextreme-droite-veulent-museler-les-ong-environnementales\/"},"modified":"2025-02-11T06:41:50","modified_gmt":"2025-02-11T05:41:50","slug":"a-bruxelles-la-droite-et-lextreme-droite-veulent-museler-les-ong-environnementales","status":"publish","type":"post","link":"https:\/\/monde25.info\/index.php\/2025\/02\/11\/a-bruxelles-la-droite-et-lextreme-droite-veulent-museler-les-ong-environnementales\/","title":{"rendered":"\u00c0 Bruxelles, la droite et l\u2019extr\u00eame droite veulent museler les ONG environnementales"},"content":{"rendered":"<p> <br \/>\n<\/p>\n<div>\n<p class=\"indication_lieu\">Bruxelles, correspondance<\/p>\n<p>Depuis plusieurs semaines, un climat d\u2019inqui\u00e9tude s\u2019est install\u00e9 dans le monde des <span class=\"caps\">ONG<\/span> environnementales, qui vont jusqu\u2019\u00e0 craindre pour leur existence. En cause, une offensive men\u00e9e par une partie du Parlement europ\u00e9en pour restreindre, voire supprimer, les financements issus du programme Life, un instrument essentiel du soutien \u00e0 la protection de la nature et du climat.<\/p>\n<p>Derri\u00e8re cette offensive, une bataille id\u00e9ologique\u00a0: d\u2019un c\u00f4t\u00e9, les organisations de la soci\u00e9t\u00e9 civile qui militent pour des mesures \u00e9cologiques ambitieuses<small class=\"fine d-inline\">\u00a0<\/small>; de l\u2019autre, les int\u00e9r\u00eats industriels et conservateurs qui consid\u00e8rent que ces financements sont d\u00e9tourn\u00e9s \u00e0 des fins de plaidoyer.<\/p>\n<h2 class=\"spip\">Ne pas nuire \u00e0 la \u00ab<small class=\"fine d-inline\">\u00a0<\/small>r\u00e9putation<small class=\"fine d-inline\">\u00a0<\/small>\u00bb de l\u2019<span class=\"caps\">UE<\/span><\/h2>\n<p>Cr\u00e9\u00e9 en 1992, <a target=\"_blank\" href=\"https:\/\/www.touteleurope.eu\/l-europe-et-moi\/life-le-programme-pour-le-climat-et-l-environnement\/\" class=\"spip_out\" rel=\"external\">le programme Life<\/a> permet \u00e0 la Commission de soutenir des entit\u00e9s \u00e0 but non lucratif qui participent \u00e0 l\u2019\u00e9laboration et \u00e0 la mise en \u0153uvre de la politique de l\u2019Union. Avec un budget de 5,4\u00a0milliards d\u2019euros pour la p\u00e9riode 2021-2027, il ne repr\u00e9sente que 0,3<small class=\"fine d-inline\">\u00a0<\/small>% du budget global de l\u2019Union europ\u00e9enne (<span class=\"caps\">UE<\/span>), mais constitue un levier essentiel pour des <span class=\"caps\">ONG<\/span> comme Les Amis de la Terre, le <span class=\"caps\">WWF<\/span>, ClientEarth ou la Ligue pour la protection des oiseaux (<span class=\"caps\">LPO<\/span>).<\/p>\n<p>Gr\u00e2ce \u00e0 ces fonds, des projets majeurs ont vu le jour. \u00c0 la <span class=\"caps\">LPO<\/span>, il a permis de prot\u00e9ger le vison d\u2019Europe, de sauvegarder le gypa\u00e8te barbu ou de mener des activit\u00e9s de sensibilisation.<\/p>\n<p>Aujourd\u2019hui, ces financements sont fragilis\u00e9s. Le 7\u00a0mai dernier, la Commission europ\u00e9enne a publi\u00e9 <a target=\"_blank\" href=\"https:\/\/www.europarl.europa.eu\/cmsdata\/290965\/Guidance_funding%20to%20lobbying%20activities_final%20Ares(2024)3320196-%2007052024.pdf\" class=\"spip_out\" rel=\"external\">de nouvelles orientations<\/a> proposant d\u2019exclure de ces subventions les <span class=\"caps\">ONG<\/span> engag\u00e9es dans des activit\u00e9s de plaidoyer. Objectif\u00a0: \u00e9viter tout <i>\u00ab<small class=\"fine d-inline\">\u00a0<\/small>risque pour la r\u00e9putation<small class=\"fine d-inline\">\u00a0<\/small>\u00bb<\/i> des institutions europ\u00e9ennes.<\/p>\n<p>Par exemple, certaines <span class=\"caps\">ONG<\/span> qui b\u00e9n\u00e9ficient des fonds ont d\u00e9nonc\u00e9 l\u2019accord de libre-\u00e9change entre l\u2019<span class=\"caps\">UE<\/span> et les pays du Mercosur (Argentine, Br\u00e9sil, Paraguay, Uruguay, Bolivie), notamment pour <a target=\"_blank\" href=\"https:\/\/reporterre.net\/Finalise-l-accord-UE-Mercosur-est-une-bombe-environnementale-et-sociale\">ses cons\u00e9quences environnementales<\/a>. Les conservateurs ont d\u00e9nonc\u00e9 ce <i>\u00ab<small class=\"fine d-inline\">\u00a0<\/small>double jeu<small class=\"fine d-inline\">\u00a0<\/small>\u00bb<\/i>\u00a0: l\u2019<span class=\"caps\">UE<\/span> financerait des groupes qui critiquent ses propres accords.<\/p>\n<p>En pratique, ces r\u00e8gles pourraient emp\u00eacher le financement d\u2019actions essentielles comme <i>\u00ab<small class=\"fine d-inline\">\u00a0<\/small>envoyer des lettres, organiser des r\u00e9unions ou fournir du mat\u00e9riel de plaidoyer aux institutions europ\u00e9ennes ou \u00e0 certains de leurs membres<small class=\"fine d-inline\">\u00a0<\/small>; ou identifier des membres ou des fonctionnaires sp\u00e9cifiques d\u2019une institution afin d\u2019\u00e9valuer ou de d\u00e9crire leurs positions, ou encore de discuter d\u2019un contenu ou d\u2019un r\u00e9sultat politique pr\u00e9cis<small class=\"fine d-inline\">\u00a0<\/small>\u00bb<\/i>. Si une <span class=\"caps\">ONG<\/span> franchissait cette ligne d\u00e9finie de mani\u00e8re large et vague, sa subvention pourrait \u00eatre refus\u00e9e ou suspendue.<\/p>\n<h2 class=\"spip\">La droite et l\u2019extr\u00eame droite aux manettes<\/h2>\n<p>Cette r\u00e9orientation budg\u00e9taire est soutenue par une frange influente du Parlement europ\u00e9en\u00a0: des d\u00e9put\u00e9s de son plus grand groupe, le Parti populaire europ\u00e9en (<span class=\"caps\">PPE<\/span>)<small class=\"fine d-inline\">\u00a0<\/small>; des membres des Conservateurs et r\u00e9formistes europ\u00e9ens (<span class=\"caps\">ECR<\/span>) ou encore des Patriotes pour l\u2019Europe, dont fait partie Jordan Bardella, pr\u00e9sident du Rassemblement national (<span class=\"caps\">RN<\/span>).<\/p>\n<p>Leur principal argument\u00a0: les <span class=\"caps\">ONG<\/span> d\u00e9tourneraient des fonds publics pour mener des activit\u00e9s de lobbying politique, constituant selon eux une forme d\u2019ing\u00e9rence dans le processus d\u00e9mocratique. Ils ont m\u00eame accus\u00e9 la Commission de payer des militants \u00e9cologistes pour faire discr\u00e8tement du lobbying en son nom en faveur du Pacte vert. Des accusations balay\u00e9es par les <span class=\"caps\">ONG<\/span>, qui rappellent que leur travail contribue \u00e0 la construction du d\u00e9bat politique europ\u00e9en, sans recevoir d\u2019ordre de la Commission.<\/p>\n<p>La commission parlementaire de contr\u00f4le budg\u00e9taire, dirig\u00e9e par l\u2019eurod\u00e9put\u00e9 <span class=\"caps\">PPE<\/span> allemand Niclas Herbst, a r\u00e9cemment demand\u00e9 \u00e0 l\u2019ex\u00e9cutif europ\u00e9en la remise d\u2019une trentaine de contrats de subventions octroy\u00e9es \u00e0 des r\u00e9seaux d\u2019<span class=\"caps\">ONG<\/span> environnementales, dans le cadre du programme Life. Le m\u00e9dia <i>Politico<\/i> <a target=\"_blank\" href=\"https:\/\/www.politico.eu\/article\/fact-checking-la-commission-europeenne-paye-lobbying-pacte-vert\/\" class=\"spip_out\" rel=\"external\">a analys\u00e9<\/a> 28\u00a0de ces contrats, et conclut que la Commission n\u2019a jamais donn\u00e9 d\u2019instructions directes pour faire du plaidoyer en son nom.<\/p>\n<blockquote class=\"spip\">\n<p>\u00ab<small class=\"fine d-inline\">\u00a0<\/small>Toute <span class=\"caps\">ONG<\/span> qui critique les institutions pourrait \u00eatre r\u00e9duite au silence<small class=\"fine d-inline\">\u00a0<\/small>\u00bb<\/p>\n<\/blockquote>\n<p><i>\u00ab<small class=\"fine d-inline\">\u00a0<\/small>C\u2019est une tentative claire de museler la soci\u00e9t\u00e9 civile, qui joue un r\u00f4le de contre-pouvoir face aux int\u00e9r\u00eats industriels<small class=\"fine d-inline\">\u00a0<\/small>\u00bb<\/i>, s\u2019insurge Hans van Scharen, du centre de recherche Corporate Europe Observatory. Il rappelle que les <span class=\"caps\">ONG<\/span> environnementales, malgr\u00e9 des budgets d\u00e9risoires, ont eu une t\u00e2che cl\u00e9 ces derni\u00e8res ann\u00e9es, en d\u00e9fendant des r\u00e9gulations plus strictes sur les \u00e9missions de gaz \u00e0 effet de serre et les \u00e9nergies fossiles.<\/p>\n<p>Monika Hohlmeier, eurod\u00e9put\u00e9e <span class=\"caps\">PPE<\/span> et vice-pr\u00e9sidente de la commission des budgets, est l\u2019une des figures de cette charge. Selon elle, les financements allou\u00e9s aux <span class=\"caps\">ONG<\/span> poseraient un <i>\u00ab<small class=\"fine d-inline\">\u00a0<\/small>probl\u00e8me de transparence<small class=\"fine d-inline\">\u00a0<\/small>\u00bb<\/i> et risqueraient d\u2019exercer une influence indue sur les politiques europ\u00e9ennes. <i>\u00ab<small class=\"fine d-inline\">\u00a0<\/small>L\u2019argent des contribuables europ\u00e9ens ne doit pas servir \u00e0 faire pression sur les institutions<small class=\"fine d-inline\">\u00a0<\/small>\u00bb<\/i>, a-t-elle martel\u00e9 au Parlement, d\u00e9non\u00e7ant des <i>\u00ab<small class=\"fine d-inline\">\u00a0<\/small>protestations de masse<small class=\"fine d-inline\">\u00a0<\/small>\u00bb<\/i> et des <i>\u00ab<small class=\"fine d-inline\">\u00a0<\/small>campagnes de mailing intensives<small class=\"fine d-inline\">\u00a0<\/small>\u00bb<\/i> ciblant les d\u00e9put\u00e9s d\u00e9fendant <i>\u00ab<small class=\"fine d-inline\">\u00a0<\/small>un point de vue diff\u00e9rent de celui des <span class=\"caps\">ONG<\/span><small class=\"fine d-inline\">\u00a0<\/small>\u00bb<\/i> \u2014 notamment pour torpiller les accords de libre-\u00e9change entre l\u2019<span class=\"caps\">UE<\/span> et le Mercosur.<\/p>\n<p>Or, aucun des contrats analys\u00e9s par <i>Politico<\/i> ne mentionne d\u2019actions contre ce trait\u00e9, ni l\u2019organisation de manifestations d\u2019ampleur ou d\u2019envois massifs de courriels. La posture adopt\u00e9e par Monika Hohlmeier s\u2019est d\u2019ailleurs retourn\u00e9e contre elle\u00a0: <a target=\"_blank\" href=\"https:\/\/corporateeurope.org\/en\/2025\/01\/conflict-interest-exposed-conservative-push-defund-ngos\" class=\"spip_out\" rel=\"external\">comme l\u2019a r\u00e9v\u00e9l\u00e9 Corporate Europe Observatory<\/a>, qui surveille l\u2019influence des lobbies au sein des institutions europ\u00e9ennes, l\u2019eurod\u00e9put\u00e9e per\u00e7oit75\u00a0000 euros annuels de BayWa, o\u00f9 elle si\u00e8ge au conseil de surveillance, une entreprise allemande qui a b\u00e9n\u00e9fici\u00e9 de 6,5\u00a0millions d\u2019euros&#8230; du programme Life.<\/p>\n<h2 class=\"spip\">Un rapport de force in\u00e9gal<\/h2>\n<p>Si les partisans de cette r\u00e9forme pointent un suppos\u00e9 exc\u00e8s d\u2019influence des <span class=\"caps\">ONG<\/span>, les chiffres racontent une tout autre histoire. Le financement du programme Life repr\u00e9sente environ 15,6\u00a0millions d\u2019euros par an pour les <span class=\"caps\">ONG<\/span>, tandis que les lobbies industriels investissent pr\u00e8s de 1,7\u00a0milliard d\u2019euros chaque ann\u00e9e pour influencer la politique de l\u2019<span class=\"caps\">UE<\/span>.<\/p>\n<p><i>\u00ab<small class=\"fine d-inline\">\u00a0<\/small>Le vrai scandale, ce n\u2019est pas que des <span class=\"caps\">ONG<\/span> tentent d\u2019influencer les politiques publiques, c\u2019est que les multinationales le font avec des moyens colossaux, sans le moindre contr\u00f4le d\u00e9mocratique<small class=\"fine d-inline\">\u00a0<\/small>\u00bb<\/i>, d\u00e9nonce Hans van Scharen, qui met en garde contre une asym\u00e9trie dangereuse\u00a0: <i>\u00ab<small class=\"fine d-inline\">\u00a0<\/small>Toute <span class=\"caps\">ONG<\/span> qui critique les institutions pourrait \u00eatre r\u00e9duite au silence.<small class=\"fine d-inline\">\u00a0<\/small>\u00bb<\/i><\/p>\n<p>La campagne de la droite et de l\u2019extr\u00eame droite contre les <span class=\"caps\">ONG<\/span> s\u2019\u00e9tend m\u00eame au-del\u00e0 du programme Life. Transparency International, qui enqu\u00eate sur les conflits d\u2019int\u00e9r\u00eats au sein du Parlement europ\u00e9en, est \u00e9galement dans le viseur du <span class=\"caps\">PPE<\/span>. Niclas Herbst, pr\u00e9sident de la commission du contr\u00f4le budg\u00e9taire, a r\u00e9cemment demand\u00e9 un audit complet des financements octroy\u00e9s \u00e0 cette organisation.<\/p>\n<h2 class=\"spip\">Quelle riposte des <span class=\"caps\">ONG<\/span><small class=\"fine d-inline\">\u00a0<\/small>?<\/h2>\n<p>Face \u00e0 cette offensive, la soci\u00e9t\u00e9 civile s\u2019organise. Allain Bougrain Dubourg, pr\u00e9sident de la <span class=\"caps\">LPO<\/span>, appelle les eurod\u00e9put\u00e9s et le gouvernement fran\u00e7ais \u00e0 d\u00e9fendre le r\u00f4le essentiel des <span class=\"caps\">ONG<\/span> dans la transition \u00e9cologique. <i>\u00ab<small class=\"fine d-inline\">\u00a0<\/small>Les financements du programme Life sont une bou\u00e9e de sauvetage pour des centaines de projets environnementaux en Europe<small class=\"fine d-inline\">\u00a0<\/small>\u00bb<\/i>, rappelle-t-il.<\/p>\n<p>Plusieurs organisations envisagent de saisir la Cour de justice de l\u2019Union europ\u00e9enne (<span class=\"caps\">CJUE<\/span>), arguant que ces nouvelles restrictions vont \u00e0 l\u2019encontre des principes de transparence et de participation citoyenne inscrits dans les trait\u00e9s europ\u00e9ens.<\/p>\n<p>Les n\u00e9gociations qui se poursuivent jusqu\u2019\u00e0 fin mai sur le budget de la Commission seront d\u00e9terminantes. Pour Hans van Scharen, l\u2019enjeu est clair\u00a0: <i>\u00ab<small class=\"fine d-inline\">\u00a0<\/small>Cette bataille ne concerne pas seulement l\u2019avenir du programme Life. Elle pose une question plus large\u00a0: voulons-nous une Union europ\u00e9enne o\u00f9 les citoyens et la soci\u00e9t\u00e9 civile ont encore leur mot \u00e0 dire, ou un espace verrouill\u00e9 par les int\u00e9r\u00eats priv\u00e9s<small class=\"fine d-inline\">\u00a0<\/small>?<small class=\"fine d-inline\">\u00a0<\/small>\u00bb<\/i><\/p>\n<aside class=\"boite_encarts\">\n<div class=\"encart encart_gris noprint\">\n<p><strong>Puisque vous \u00eates l\u00e0&#8230;<\/strong><\/p>\n<p>&#8230; nous avons un petit service \u00e0 vous demander.<br class=\"autobr\"\/><br \/>\nEntre la pr\u00e9sence d\u2019un climatosceptique \u00e0 la t\u00eate de la premi\u00e8re puissance mondiale, un gouvernement fran\u00e7ais qui flirte avec l\u2019extr\u00eame-droite, et les catastrophes climatiques qui s\u2019enchainent&#8230; Faire vivre l\u2019\u00e9cologie dans le d\u00e9bat public est un enjeu crucial.<\/p>\n<p>Personne ne modifie ce que nous publions. Nous n\u2019avons ni actionnaire, ni propri\u00e9taire milliardaire \u2014 seulement une \u00e9quipe d\u2019irr\u00e9ductibles journalistes, pleine de d\u00e9termination.<\/p>\n<p>Nous avons la conviction que l\u2019urgence \u00e9cologique est l\u2019enjeu majeur de notre \u00e9poque. Et comme plus de 2 millions de lectrices et lecteurs chaque mois, vous partagez sans doute cette conviction&#8230;<\/p>\n<p><strong>Depuis 12 ans, nous publions des articles de qualit\u00e9 sur l\u2019\u00e9cologie, en acc\u00e8s libre et sans publicit\u00e9, pour tous.<\/strong><br class=\"autobr\"\/><br \/>\nMais ce travail demande beaucoup de temps et de ressources.<\/p>\n<p>Alors, si vous en avez les moyens, sachez qu\u2019un don, m\u00eame d\u20191\u20ac, est un acte de soutien fort pour l\u2019\u00e9cologie et le journalisme ind\u00e9pendant.<br class=\"autobr\"\/><br \/>\n(Et \u00e7a vous prendra moins de temps que la lecture de ce texte).<\/p>\n<p><strong>Si vous le pouvez, choisissez un soutien mensuel. Merci.<\/strong><\/p>\n<p><a target=\"_blank\" href=\"https:\/\/reporterre.net\/dons\" class=\"bt_soutenir\">Je soutiens <i>Reporterre<\/i><\/a><\/p>\n<\/p><\/div>\n<div class=\"encart encart_vert noprint montre_1023\">\n<div class=\"infolettre-form-container noprint\">\n<p>Abonnez-vous \u00e0 la lettre d\u2019info de Reporterre<\/p>\n<\/div><\/div>\n<\/aside>\n<aside class=\"boite_apresarticle encart_note\">\n<h4>Apr\u00e8s cet article<\/h4>\n<p>      <a target=\"_blank\" href=\"https:\/\/reporterre.net\/Marie-Toussaint-La-droite-et-l-extreme-droite-europeennes-s-allient-contre-l-ecologie\" class=\"lien_article\">\n      <picture class=\"vignette_gauche\"><source type=\"image\/webp\" srcset=\"https:\/\/reporterre.net\/https:\/\/reporterre.net\/local\/cache-vignettes\/L450xH300\/marie_toussaint-5ec6d.jpg@.webp?1738224759\"><img decoding=\"async\" src=\"https:\/\/reporterre.net\/local\/cache-vignettes\/L450xH300\/marie_toussaint-5ec6d.jpg?1738224759\" width=\"450\" height=\"300\" alt=\"\" class=\"marge12\" loading=\"lazy\"\/><br \/>\n<\/source><\/picture>\n<p class=\"libelle\">\n<p>          Entretien \u2014<\/p>\n<p>      Europe\n    <\/p>\n<p class=\"titre pol20\">Marie Toussaint\u00a0: \u00ab<small class=\"fine d-inline\">\u00a0<\/small>De plus en plus de voix europ\u00e9ennes s\u2019allient et veulent suivre la voie trumpiste<small class=\"fine d-inline\">\u00a0<\/small>\u00bb<\/p>\n<p>      <\/a><br \/>\n    <\/aside>\n<aside class=\"boite_complement texte\">\n<p>      <!-- zone_forum --><br \/>\n          <\/aside>\n<aside class=\"boite_lireaussi noprint\">\n<\/aside>\n<aside class=\"colonne\">\n<div class=\"article_info cache_1023 noprint\">\n<p>    <span class=\"date\">10 f\u00e9vrier 2025  \u00e0 14h42<\/span><\/p>\n<p>    <span class=\"date_modif\">Mis \u00e0 jour le 10 f\u00e9vrier 2025 \u00e0 17h20<\/span>      <\/p>\n<p class=\"duree_lecture\">\n        Dur\u00e9e de lecture : 7 minutes\n      <\/p>\n<\/p><\/div>\n<div class=\"bloc_infolettre\">\n<div class=\"infolettre-form-container noprint\">\n<p>Abonnez-vous \u00e0 la lettre d\u2019info de Reporterre<\/p>\n<\/div><\/div>\n<\/aside>\n<div id=\"galerie\">\n  <img decoding=\"async\" src=\"\" class=\"principale\" id=\"principale\"\/><\/p>\n<p id=\"legende\">legende<\/p>\n<\/div>\n<footer class=\"noprint\">\n<\/footer>\n<\/div>\n<p><br \/>\n<br \/><a href=\"https:\/\/reporterre.net\/Critiquer-l-Europe-pourrait-couter-cher-aux-ONG-environnementales\" target=\"_blank\"\">Source link <\/a><\/p>\n","protected":false},"excerpt":{"rendered":"<p>Bruxelles, correspondance Depuis plusieurs semaines, un climat d\u2019inqui\u00e9tude s\u2019est install\u00e9 dans le monde des ONG environnementales, qui vont jusqu\u2019\u00e0 craindre pour leur existence. En cause, une offensive men\u00e9e par une&hellip; <\/p>\n","protected":false},"author":1,"featured_media":2355,"comment_status":"open","ping_status":"open","sticky":false,"template":"","format":"standard","meta":{"footnotes":""},"categories":[1],"tags":[],"class_list":["post-2354","post","type-post","status-publish","format-standard","has-post-thumbnail","hentry","category-non-classe"],"_links":{"self":[{"href":"https:\/\/monde25.info\/index.php\/wp-json\/wp\/v2\/posts\/2354","targetHints":{"allow":["GET"]}}],"collection":[{"href":"https:\/\/monde25.info\/index.php\/wp-json\/wp\/v2\/posts"}],"about":[{"href":"https:\/\/monde25.info\/index.php\/wp-json\/wp\/v2\/types\/post"}],"author":[{"embeddable":true,"href":"https:\/\/monde25.info\/index.php\/wp-json\/wp\/v2\/users\/1"}],"replies":[{"embeddable":true,"href":"https:\/\/monde25.info\/index.php\/wp-json\/wp\/v2\/comments?post=2354"}],"version-history":[{"count":0,"href":"https:\/\/monde25.info\/index.php\/wp-json\/wp\/v2\/posts\/2354\/revisions"}],"wp:featuredmedia":[{"embeddable":true,"href":"https:\/\/monde25.info\/index.php\/wp-json\/wp\/v2\/media\/2355"}],"wp:attachment":[{"href":"https:\/\/monde25.info\/index.php\/wp-json\/wp\/v2\/media?parent=2354"}],"wp:term":[{"taxonomy":"category","embeddable":true,"href":"https:\/\/monde25.info\/index.php\/wp-json\/wp\/v2\/categories?post=2354"},{"taxonomy":"post_tag","embeddable":true,"href":"https:\/\/monde25.info\/index.php\/wp-json\/wp\/v2\/tags?post=2354"}],"curies":[{"name":"wp","href":"https:\/\/api.w.org\/{rel}","templated":true}]}}