{"id":2360,"date":"2025-02-11T08:21:08","date_gmt":"2025-02-11T07:21:08","guid":{"rendered":"https:\/\/monde25.info\/index.php\/2025\/02\/11\/donald-trump-veut-le-retour-des-pailles-en-plastique\/"},"modified":"2025-02-11T08:21:08","modified_gmt":"2025-02-11T07:21:08","slug":"donald-trump-veut-le-retour-des-pailles-en-plastique","status":"publish","type":"post","link":"https:\/\/monde25.info\/index.php\/2025\/02\/11\/donald-trump-veut-le-retour-des-pailles-en-plastique\/","title":{"rendered":"Donald Trump veut le retour des pailles en plastique"},"content":{"rendered":"<p> <br \/>\n<br \/><img loading=\"lazy\" decoding=\"async\" src=\"https:\/\/reporterre.net\/local\/cache-vignettes\/L700xH467\/pencil-white-tube-color-colorful-party-1382059-pxhere_com_1_-ff1d9.jpg?1739192194\" class=\"spip_logo\" width=\"700\" height=\"467\" alt=\"\" \/><\/p>\n<p>Donald Trump poursuit la mise en \u0153uvre de son programme anti-\u00e9colo. Sur son r\u00e9seau d\u00e9j\u00e0 conquis \u00e0 la cause trumpiste, Truth Social, le pr\u00e9sident des \u00c9tats-Unis a annonc\u00e9 le 7\u00a0f\u00e9vrier qu&rsquo;il signerait un d\u00e9cret \u00ab<small class=\"fine d-inline\">\u00a0<\/small>la semaine prochaine<small class=\"fine d-inline\">\u00a0<\/small>\u00bb pour \u00ab<small class=\"fine d-inline\">\u00a0<\/small>mettre fin \u00e0 la promotion ridicule des pailles en papier<small class=\"fine d-inline\">\u00a0<\/small>\u00bb par son pr\u00e9d\u00e9cesseur Joe Biden. <br class=\"autobr\" \/><br \/>\n\u00ab<small class=\"fine d-inline\">\u00a0<\/small><span class=\"caps\">RETOUR<\/span> <span class=\"caps\">AU<\/span> <span class=\"caps\">PLASTIQUE<\/span><small class=\"fine d-inline\">\u00a0<\/small>!<small class=\"fine d-inline\">\u00a0<\/small>\u00bb a-t-il m\u00eame \u00e9crit, dans la droite lign\u00e9e de sa politique mettant l&rsquo;accent sur la production d&rsquo;\u00e9nergies fossiles et la r\u00e9duction des\u00a0(\u2026)<\/p>\n<p>                    <a target=\"_blank\" href=\"https:\/\/reporterre.net\/Donald-Trump-veut-le-retour-des-pailles-en-plastique?utm_source=RSS&amp;utm_medium=RSS\">Lire la suite<\/a><\/p>\n<p>                    &#8211;<br \/>\n                        <a target=\"_blank\" href=\"https:\/\/reporterre.net\/Breves-20\" rel=\"directory\">En bref<\/a><\/p>\n<p>                    \/<br \/>\n                        <a target=\"_blank\" href=\"https:\/\/reporterre.net\/Pollutions\" rel=\"tag\">Pollutions<\/a><br \/>\n<br \/><br \/>\n<br \/><a href=\"https:\/\/reporterre.net\/Donald-Trump-veut-le-retour-des-pailles-en-plastique\" target=\"_blank\"\">Source link <\/a><\/p>\n","protected":false},"excerpt":{"rendered":"<p>Donald Trump poursuit la mise en \u0153uvre de son programme anti-\u00e9colo. Sur son r\u00e9seau d\u00e9j\u00e0 conquis \u00e0 la cause trumpiste, Truth Social, le pr\u00e9sident des \u00c9tats-Unis a annonc\u00e9 le 7\u00a0f\u00e9vrier&hellip; <\/p>\n","protected":false},"author":1,"featured_media":2361,"comment_status":"open","ping_status":"open","sticky":false,"template":"","format":"standard","meta":{"footnotes":""},"categories":[1],"tags":[],"class_list":["post-2360","post","type-post","status-publish","format-standard","has-post-thumbnail","hentry","category-non-classe"],"_links":{"self":[{"href":"https:\/\/monde25.info\/index.php\/wp-json\/wp\/v2\/posts\/2360","targetHints":{"allow":["GET"]}}],"collection":[{"href":"https:\/\/monde25.info\/index.php\/wp-json\/wp\/v2\/posts"}],"about":[{"href":"https:\/\/monde25.info\/index.php\/wp-json\/wp\/v2\/types\/post"}],"author":[{"embeddable":true,"href":"https:\/\/monde25.info\/index.php\/wp-json\/wp\/v2\/users\/1"}],"replies":[{"embeddable":true,"href":"https:\/\/monde25.info\/index.php\/wp-json\/wp\/v2\/comments?post=2360"}],"version-history":[{"count":0,"href":"https:\/\/monde25.info\/index.php\/wp-json\/wp\/v2\/posts\/2360\/revisions"}],"wp:featuredmedia":[{"embeddable":true,"href":"https:\/\/monde25.info\/index.php\/wp-json\/wp\/v2\/media\/2361"}],"wp:attachment":[{"href":"https:\/\/monde25.info\/index.php\/wp-json\/wp\/v2\/media?parent=2360"}],"wp:term":[{"taxonomy":"category","embeddable":true,"href":"https:\/\/monde25.info\/index.php\/wp-json\/wp\/v2\/categories?post=2360"},{"taxonomy":"post_tag","embeddable":true,"href":"https:\/\/monde25.info\/index.php\/wp-json\/wp\/v2\/tags?post=2360"}],"curies":[{"name":"wp","href":"https:\/\/api.w.org\/{rel}","templated":true}]}}