{"id":2364,"date":"2025-02-11T09:26:56","date_gmt":"2025-02-11T08:26:56","guid":{"rendered":"https:\/\/monde25.info\/index.php\/2025\/02\/11\/en-coree-du-sud-un-coup-detat-revelateur-par-renaud-lambert-le-monde-diplomatique-fevrier-2025\/"},"modified":"2025-02-11T09:26:56","modified_gmt":"2025-02-11T08:26:56","slug":"en-coree-du-sud-un-coup-detat-revelateur-par-renaud-lambert-le-monde-diplomatique-fevrier-2025","status":"publish","type":"post","link":"https:\/\/monde25.info\/index.php\/2025\/02\/11\/en-coree-du-sud-un-coup-detat-revelateur-par-renaud-lambert-le-monde-diplomatique-fevrier-2025\/","title":{"rendered":"En Cor\u00e9e du Sud, un coup d\u2019\u00c9tat r\u00e9v\u00e9lateur, par Renaud Lambert (Le Monde diplomatique, f\u00e9vrier 2025)"},"content":{"rendered":"<p> <br \/>\n<\/p>\n<div>\n<p class=\"crayon article-surtitre-68031 surtitre\">Derri\u00e8re une saga rocambolesque, les limites d\u2019une d\u00e9mocratie<\/p>\n<div class=\"crayon article-chapo-68031 chapo\">\n<p>On crut d\u2019abord \u00e0 l\u2019un des fiascos les plus retentissants dans l\u2019histoire mondiale des coups d\u2019\u00c9tat. Il fallut en effet moins de six heures pour qu\u2019\u00e9choue celui tent\u00e9 par le pr\u00e9sident sud-cor\u00e9en Yoon Suk-yeol, le 3\u00a0d\u00e9cembre\u00a02024. Mais, au fil des jours, le sc\u00e9nario d\u2019une op\u00e9ration digne des Pieds nickel\u00e9s c\u00e9da la place \u00e0 une autre interpr\u00e9tation des faits, autrement pr\u00e9occupante.<\/p>\n<\/div><\/div>\n<div couleurfade=\"e5e5e5\" couleurclaire=\"e5e5e5\" couleurpale=\"cccccc\" couleurmi=\"666666\" couleurfoncee=\"4c4c4c\" couleursombre=\"191919\" couleurfond=\"4c4c4c\" couleurtexte=\"ffffff\">\n<div class=\"enapercu\">\n<figure class=\"spip_document_34125 spip_documents spip_documents_center xl\" style=\"width:890px;\">\n<div class=\"limage\">\n<p>\t\t\t<img loading=\"lazy\" decoding=\"async\" src=\"https:\/\/www.monde-diplomatique.fr\/\/local\/cache-vignettes\/L890xH593\/10-9-c6eb5.jpg?1738680737\" width=\"890\" height=\"593\" class=\"spip_logos\" alt=\"JPEG - 74.6\u00a0ko\"\/><\/p><\/div><figcaption>\n<p>Noh Suntag. \u2013 \u00ab<small class=\"fine\">\u00a0<\/small>Paths of Patriot #BEK0401<small class=\"fine\">\u00a0<\/small>\u00bb (Les chemins du patriote), S\u00e9oul, Cor\u00e9e du Sud, 2004 <\/p>\n<p>\u00a9 Noh Suntag &#8211; suntag.net\n<\/p>\n<\/figcaption><\/figure>\n<p><span class=\"mot-lettrine\"><span class=\"lettrine\">L<\/span>e<\/span> 3\u00a0d\u00e9cembre dernier, le pr\u00e9sident de la Cor\u00e9e du Sud quitte soudainement une r\u00e9union du conseil des ministres, sans donner d\u2019explication. La plupart des membres du gouvernement ne d\u00e9couvrent la raison de ce d\u00e9part inattendu qu\u2019en entendant M.\u00a0Yoon Suk-yeol prononcer une allocution t\u00e9l\u00e9vis\u00e9e depuis la pi\u00e8ce adjacente\u00a0: le pays s\u2019appr\u00eate \u00e0 conna\u00eetre son dix-septi\u00e8me \u00e9pisode de loi martiale depuis la fondation de la R\u00e9publique, en 1948. Par chance, le plus bref.<\/p>\n<p>Au moment o\u00f9 il prend la parole, les choses sont simples dans l\u2019esprit de M.\u00a0Yoon\u00a0: lorsqu\u2019une Assembl\u00e9e nationale aux mains de l\u2019opposition refuse d\u2019obtemp\u00e9rer \u00e0 un pr\u00e9sident \u2014 par exemple en ne votant pas le budget qu\u2019exige son gouvernement\u00a0\u2014, elle bafoue le suffrage universel et m\u00e9conna\u00eet la Constitution. Qu\u2019importe si les d\u00e9put\u00e9s ont eux-m\u00eames \u00e9t\u00e9 \u00e9lus et si la force de l\u2019opposition \u00e0 l\u2019Assembl\u00e9e s\u2019explique avant tout par la d\u00e9testation dont fait l\u2019objet le pr\u00e9sident en question. Dans le monde de M.\u00a0Yoon, un Parlement ob\u00e9it, ou se renverse.<\/p>\n<p>Sur la base de cette logique \u2014 dont on imagine qu\u2019elle pourrait s\u00e9duire d\u2019autres dirigeants politiques, et pas n\u00e9cessairement en Asie\u00a0\u2014, le dirigeant conservateur d\u00e9nonce la <i>\u00ab<small class=\"fine\">\u00a0<\/small>dictature l\u00e9gislative<small class=\"fine\">\u00a0<\/small>\u00bb<\/i> organis\u00e9e par l\u2019opposition et la <i>\u00ab<small class=\"fine\">\u00a0<\/small>paralysie<small class=\"fine\">\u00a0<\/small>\u00bb<\/i> de l\u2019\u00c9tat\u00a0: <i>\u00ab<small class=\"fine\">\u00a0<\/small>Une incitation \u00e0 la r\u00e9bellion qui pi\u00e9tine l\u2019ordre d\u00e9mocratique<\/i> (\u2026) <i>et perturbe les institutions l\u00e9gitimes \u00e9tablies par la Constitution et la loi.<small class=\"fine\">\u00a0<\/small>\u00bb<\/i><\/p>\n<p>Or la Cor\u00e9e du Sud est toujours en guerre avec son voisin du Nord puisque, depuis l\u2019armistice de 1953, son alli\u00e9 am\u00e9ricain s\u2019emploie \u00e0 torpiller les efforts visant \u00e0 signer un trait\u00e9 de paix. Pour M.\u00a0Yoon, aucun doute n\u2019est permis\u00a0: les d\u00e9put\u00e9s s\u00e9ditieux sont en r\u00e9alit\u00e9 des agents communistes qui cherchent \u00e0 <i>\u00ab<small class=\"fine\">\u00a0<\/small>renverser [le] syst\u00e8me d\u00e9mocratique lib\u00e9ral [du pays]<small class=\"fine\">\u00a0<\/small>\u00bb<\/i> pour le livrer \u00e0 l\u2019ennemi. Qu\u2019importe si la formation majoritaire au Parlement, le Parti d\u00e9mocrate (Minju), ferait passer le premier ministre fran\u00e7ais Fran\u00e7ois Bayrou pour un zadiste et si elle a toujours contribu\u00e9 \u00e0\u00a0(&#8230;)<\/p>\n<\/p><\/div>\n<p>Taille de l\u2019article complet\u00a0:\u00a0<span>4\u00a0908<\/span>\u00a0mots.<\/p>\n<div class=\"promo_dispo_article\">\n<h2 class=\"avantbloc\">\n\tCet article est r\u00e9serv\u00e9 aux\u00a0abonn\u00e9s<\/p>\n<\/h2>\n<div class=\"abo_inst\">\n\t<strong>Lyc\u00e9es, biblioth\u00e8ques, administrations, entreprises,<\/strong><br \/>\n\tacc\u00e9dez \u00e0 la base de donn\u00e9es en ligne de tous les articles du <i>Monde diplomatique<\/i> de 1954 \u00e0 nos\u00a0jours.<br \/>\n\t<a target=\"_blank\" id=\"pw-institutions\" class=\"suivi\" href=\"https:\/\/www.monde-diplomatique.fr\/archives\/institutions\">Retrouvez cette\u00a0offre sp\u00e9cifique<\/a>.\n<\/div>\n<\/div><\/div>\n<p><br \/>\n<br \/><a href=\"https:\/\/www.monde-diplomatique.fr\/2025\/02\/LAMBERT\/68031\" target=\"_blank\"\">Source link <\/a><\/p>\n","protected":false},"excerpt":{"rendered":"<p>Derri\u00e8re une saga rocambolesque, les limites d\u2019une d\u00e9mocratie On crut d\u2019abord \u00e0 l\u2019un des fiascos les plus retentissants dans l\u2019histoire mondiale des coups d\u2019\u00c9tat. Il fallut en effet moins de&hellip; <\/p>\n","protected":false},"author":1,"featured_media":2365,"comment_status":"open","ping_status":"open","sticky":false,"template":"","format":"standard","meta":{"footnotes":""},"categories":[1],"tags":[],"class_list":["post-2364","post","type-post","status-publish","format-standard","has-post-thumbnail","hentry","category-non-classe"],"_links":{"self":[{"href":"https:\/\/monde25.info\/index.php\/wp-json\/wp\/v2\/posts\/2364","targetHints":{"allow":["GET"]}}],"collection":[{"href":"https:\/\/monde25.info\/index.php\/wp-json\/wp\/v2\/posts"}],"about":[{"href":"https:\/\/monde25.info\/index.php\/wp-json\/wp\/v2\/types\/post"}],"author":[{"embeddable":true,"href":"https:\/\/monde25.info\/index.php\/wp-json\/wp\/v2\/users\/1"}],"replies":[{"embeddable":true,"href":"https:\/\/monde25.info\/index.php\/wp-json\/wp\/v2\/comments?post=2364"}],"version-history":[{"count":0,"href":"https:\/\/monde25.info\/index.php\/wp-json\/wp\/v2\/posts\/2364\/revisions"}],"wp:featuredmedia":[{"embeddable":true,"href":"https:\/\/monde25.info\/index.php\/wp-json\/wp\/v2\/media\/2365"}],"wp:attachment":[{"href":"https:\/\/monde25.info\/index.php\/wp-json\/wp\/v2\/media?parent=2364"}],"wp:term":[{"taxonomy":"category","embeddable":true,"href":"https:\/\/monde25.info\/index.php\/wp-json\/wp\/v2\/categories?post=2364"},{"taxonomy":"post_tag","embeddable":true,"href":"https:\/\/monde25.info\/index.php\/wp-json\/wp\/v2\/tags?post=2364"}],"curies":[{"name":"wp","href":"https:\/\/api.w.org\/{rel}","templated":true}]}}