{"id":2366,"date":"2025-02-11T10:01:03","date_gmt":"2025-02-11T09:01:03","guid":{"rendered":"https:\/\/monde25.info\/index.php\/2025\/02\/11\/ils-resistent-au-rouleau-compresseur-de-lia\/"},"modified":"2025-02-11T10:01:03","modified_gmt":"2025-02-11T09:01:03","slug":"ils-resistent-au-rouleau-compresseur-de-lia","status":"publish","type":"post","link":"https:\/\/monde25.info\/index.php\/2025\/02\/11\/ils-resistent-au-rouleau-compresseur-de-lia\/","title":{"rendered":"ils r\u00e9sistent au rouleau compresseur de l\u2019IA"},"content":{"rendered":"<p> <br \/>\n<\/p>\n<div>\n<p class=\"indication_lieu\">Paris, reportage<\/p>\n<p><i>\u00ab<small class=\"fine d-inline\">\u00a0<\/small>C\u2019est le rush, \u00e7a n\u2019arr\u00eate pas<small class=\"fine d-inline\">\u00a0<\/small>!<small class=\"fine d-inline\">\u00a0<\/small>\u00bb<\/i> sourit une ouvreuse. En ce 10\u00a0f\u00e9vrier, le public afflue dans la grande salle du th\u00e9\u00e2tre de la Concorde, dans le 8<sup class=\"typo_exposants\">e<\/sup> arrondissement de Paris. En cet apr\u00e8s-midi pluvieux, la foule press\u00e9e ne vient pas appr\u00e9cier un spectacle, mais partager ses craintes et ses solutions face \u00e0 la r\u00e9volution num\u00e9rique qui vient\u00a0: <a target=\"_blank\" href=\"https:\/\/reporterre.net\/Ruee-sur-l-intelligence-artificielle-une-dangereuse-illusion-au-service-de-la-Big-Tech\" class=\"spip_in\">l\u2019intelligence artificielle<\/a> (<span class=\"caps\">IA<\/span>).<\/p>\n<p>Un contre-sommet, organis\u00e9 \u00e0 l\u2019initiative du <a target=\"_blank\" href=\"https:\/\/reporterre.net\/Trump-et-Musk-nous-menent-vers-un-monde-glacial-domine-par-l-IA\">philosophe technocritique \u00c9ric Sadin<\/a>, pour d\u00e9noncer la <i>\u00ab<small class=\"fine d-inline\">\u00a0<\/small>gigantesque messe propagandiste<small class=\"fine d-inline\">\u00a0<\/small>\u00bb<\/i> offici\u00e9e par les dirigeants de la plan\u00e8te et les industriels du num\u00e9rique au Sommet pour l\u2019action sur l\u2019<span class=\"caps\">IA<\/span> qui se tient pendant deux jours au Grand Palais. Suppression d\u2019emplois, <a target=\"_blank\" href=\"https:\/\/reporterre.net\/DeepSeek-une-IA-moins-energivore-Les-experts-en-doutent\" class=\"spip_in\">d\u00e9g\u00e2ts environnementaux<\/a>, renforcement des in\u00e9galit\u00e9s, exploitation d\u2019enfants, conflits internationaux\u2026 En six tables rondes, chercheurs, syndicalistes, artistes et associations ont chacun \u00e9voqu\u00e9 les r\u00e9percussions de l\u2019intelligence artificielle dans leur quotidien et dans le monde.<\/p>\n<p> <a target=\"_blank\" href=\"https:\/\/reporterre.net\/Intelligence-artificielle-Nous-devons-combattre-le-fanatisme-technologique\" class=\"lien_lireaussi\"><strong>Lire aussi : <\/strong> <span>Intelligence artificielle\u00a0: \u00ab<small class=\"fine d-inline\">\u00a0<\/small>Nous devons combattre le fanatisme technologique<small class=\"fine d-inline\">\u00a0<\/small>\u00bb<\/span><\/a><\/p>\n<p>\u00c0 France Travail, par exemple, son d\u00e9ploiement a entra\u00een\u00e9 <i>\u00ab<small class=\"fine d-inline\">\u00a0<\/small>une perte de sens<\/i>, a t\u00e9moign\u00e9 Sandrine Larizza, syndicaliste <span class=\"caps\">CGT<\/span>. <i>Les conseillers ne font plus que des microt\u00e2ches \u00e0 la cha\u00eene<small class=\"fine d-inline\">\u00a0<\/small>\u00bb<\/i>. Cette technologie met en p\u00e9ril<i> \u00ab<small class=\"fine d-inline\">\u00a0<\/small>ce qui fait de nous des \u00eatres humains. On devient des robots de chair et de sang<small class=\"fine d-inline\">\u00a0<\/small>\u00bb<\/i>, a pr\u00e9venu \u00c9ric Sadin.<\/p>\n<div class=\"spip_document_88609 spip_document spip_documents spip_document_image spip_documents_center spip_document_center spip_document_avec_legende\" data-legende-len=\"94\" data-legende-lenx=\"xx\">\n<figure class=\"spip_doc_inner\">\n      <picture><source type=\"image\/webp\" srcset=\"https:\/\/reporterre.net\/local\/cache-vignettes\/L1050xH700\/20250210_reporterre_contre_sommet_ia_014_e_ric_sadin-de737.jpg@.webp?1739258405\"><img decoding=\"async\" src=\"https:\/\/reporterre.net\/IMG\/jpg\/20250210_reporterre_contre_sommet_ia_014_e_ric_sadin.jpg\" width=\"1200\" height=\"800\" loading=\"lazy\" alt=\"\"\/><br \/>\n    <\/source><\/picture><figcaption class=\"spip_doc_legende\">\n<p>\u00c9ric Sadin\u00a0: \u00ab<small class=\"fine d-inline\">\u00a0<\/small><small class=\"fine d-inline\">\u00a0<\/small>Nous devons redevenir acteurs de notre destin.<small class=\"fine d-inline\">\u00a0<\/small><small class=\"fine d-inline\">\u00a0<\/small>\u00bb<br \/>\n<i>\u00a9 Mathieu G\u00e9non \/ Reporterre<\/i><\/p>\n<\/figcaption><\/figure>\n<\/p><\/div>\n<p>Gr\u00e2ce \u00e0 un infaillible soutien politique et financier, l\u2019<span class=\"caps\">IA<\/span> s\u2019immisce \u00e0 toute vitesse dans le quotidien, s\u2019implante dans les entreprises, les services publics, selon l\u2019\u00e9crivain. <i>\u00ab<small class=\"fine d-inline\">\u00a0<\/small>Elle est devenue la seule voie du futur et inonde toutes les autres possibles. L\u2019<span class=\"caps\">IA<\/span> nous pose une question morale\u00a0: \u00e0 l\u2019\u00e2ge des syst\u00e8mes omniscients, quel va \u00eatre notre r\u00f4le sur Terre<small class=\"fine d-inline\">\u00a0<\/small>? Devenir des assist\u00e9s par les \u00e9crans<small class=\"fine d-inline\">\u00a0<\/small>?<small class=\"fine d-inline\">\u00a0<\/small>\u00bb<\/i> questionne-t-il. Et de clamer\u00a0: <i>\u00ab<small class=\"fine d-inline\">\u00a0<\/small>Nous devons redevenir acteurs de notre destin.<small class=\"fine d-inline\">\u00a0<\/small>\u00bb<\/i><\/p>\n<p>Mais comment lutter contre ce rouleau compresseur qu\u2019est l\u2019<span class=\"caps\">IA<\/span>, ralentir la cadence, tout en reconnaissant ses vraies opportunit\u00e9s et ses atouts<small class=\"fine d-inline\">\u00a0<\/small>?<\/p>\n<div class=\"spip_document_88603 spip_document spip_documents spip_document_image spip_documents_center spip_document_center spip_document_avec_legende\" data-legende-len=\"87\" data-legende-lenx=\"xx\">\n<figure class=\"spip_doc_inner\">\n      <picture><source type=\"image\/webp\" srcset=\"https:\/\/reporterre.net\/local\/cache-vignettes\/L1050xH700\/20250210_reporterre_contre_sommet_ia_016-83ec1.jpg@.webp?1739258405\"><img decoding=\"async\" src=\"https:\/\/reporterre.net\/IMG\/jpg\/20250210_reporterre_contre_sommet_ia_016.jpg\" width=\"1200\" height=\"800\" loading=\"lazy\" alt=\"\"\/><br \/>\n    <\/source><\/picture><figcaption class=\"spip_doc_legende\">\n<p>Le th\u00e9\u00e2tre de la Concorde, \u00e0 Paris, a fait salle comble.<br \/>\n<i>\u00a9 Mathieu G\u00e9non \/ Reporterre<\/i><\/p>\n<\/figcaption><\/figure>\n<\/p><\/div>\n<h2 class=\"spip\">\u00ab<small class=\"fine d-inline\">\u00a0<\/small>Levez-vous<small class=\"fine d-inline\">\u00a0<\/small>!<small class=\"fine d-inline\">\u00a0<\/small>\u00bb <\/h2>\n<p>Parmi les spectateurs, beaucoup se posent la m\u00eame question. La peintre-sculptrice Genevi\u00e8ve Daveine ne le sait pas encore. Inqui\u00e8te pour ses enfants, elle a justement fait le d\u00e9placement \u00e0 la recherche d\u2019id\u00e9es. Ce qui est s\u00fbr, c\u2019est que la septuag\u00e9naire n\u2019est pas emball\u00e9e par le mode d\u2019action <i>\u00ab<small class=\"fine d-inline\">\u00a0<\/small>ni les arguments<small class=\"fine d-inline\">\u00a0<\/small>\u00bb<\/i> du collectif Anti-Tech Resistance.<\/p>\n<div class=\"spip_document_88602 spip_document spip_documents spip_document_image spip_documents_center spip_document_center spip_document_avec_legende\" data-legende-len=\"91\" data-legende-lenx=\"xx\">\n<figure class=\"spip_doc_inner\">\n      <picture><source type=\"image\/webp\" srcset=\"https:\/\/reporterre.net\/local\/cache-vignettes\/L1050xH700\/20250210_reporterre_contre_sommet_ia_010-c0d7c.jpg@.webp?1739258405\"><img decoding=\"async\" src=\"https:\/\/reporterre.net\/IMG\/jpg\/20250210_reporterre_contre_sommet_ia_010.jpg\" width=\"1200\" height=\"800\" loading=\"lazy\" alt=\"\"\/><br \/>\n    <\/source><\/picture><figcaption class=\"spip_doc_legende\">\n<p>Le collectif Anti-Tech Resistance au d\u00e9but du contre-sommet.<br \/>\n<i>\u00a9 Mathieu G\u00e9non \/ Reporterre<\/i><\/p>\n<\/figcaption><\/figure>\n<\/p><\/div>\n<p>Avant ce contre-sommet, le collectif a occup\u00e9 la sc\u00e8ne pendant une vingtaine de minutes, parfois sous les hu\u00e9es, parfois sous les applaudissements du public. Pour la quinzaine de militants, rien ne vaut plus que la lutte sur le terrain, les blocages, la radicalit\u00e9.<\/p>\n<p><i>\u00ab<small class=\"fine d-inline\">\u00a0<\/small>L\u2019heure est grave, nos libert\u00e9s et la vie sur Terre s\u2019\u00e9teignent. Il faut d\u00e9clarer la guerre au syst\u00e8me industriel. Qu\u2019est-ce que vous faites assis<small class=\"fine d-inline\">\u00a0<\/small>? Levez-vous<small class=\"fine d-inline\">\u00a0<\/small>!<small class=\"fine d-inline\">\u00a0<\/small>\u00bb<\/i> ont-ils appel\u00e9 dans leur m\u00e9gaphone, le poing dress\u00e9. Le message n\u2019est pas vraiment bien pass\u00e9\u00a0: <i>\u00ab<small class=\"fine d-inline\">\u00a0<\/small>Allez au Grand Palais plut\u00f4t<small class=\"fine d-inline\">\u00a0<\/small>!<small class=\"fine d-inline\">\u00a0<\/small>\u00bb<\/i> ont cri\u00e9 en r\u00e9ponse quelques hommes.<\/p>\n<h2 class=\"spip\">\u00ab<small class=\"fine d-inline\">\u00a0<\/small>Inverser le cours des choses<small class=\"fine d-inline\">\u00a0<\/small>\u00bb<\/h2>\n<p>Au-del\u00e0 des actes de r\u00e9bellion, de nombreuses pistes ont \u00e9t\u00e9 \u00e9voqu\u00e9es durant les d\u00e9bats. Certaines estimant que le nom <i>\u00ab<small class=\"fine d-inline\">\u00a0<\/small>intelligence artificielle<small class=\"fine d-inline\">\u00a0<\/small>\u00bb<\/i> devrait \u00eatre chang\u00e9 au niveau europ\u00e9en car <i>\u00ab<small class=\"fine d-inline\">\u00a0<\/small>\u00e7a n\u2019a rien d\u2019une intelligence<small class=\"fine d-inline\">\u00a0<\/small>\u00bb<\/i><small class=\"fine d-inline\">\u00a0<\/small>; d\u2019autres incitant \u00e0 l\u2019engagement syndical, le seul moyen d\u2019aider les salari\u00e9s \u00e0 se battre contre l\u2019autonomisation des m\u00e9tiers<small class=\"fine d-inline\">\u00a0<\/small>; beaucoup ont aussi rappel\u00e9 l\u2019importance de communiquer sur <a target=\"_blank\" href=\"https:\/\/reporterre.net\/L-insoutenable-cout-ecologique-du-boom-de-l-IA\">les effets n\u00e9fastes de l\u2019<span class=\"caps\">IA<\/span><\/a>, encore souvent m\u00e9connus de la population.<\/p>\n<div class=\"spip_document_88611 spip_document spip_documents spip_document_image spip_documents_center spip_document_center spip_document_avec_legende\" data-legende-len=\"73\" data-legende-lenx=\"xx\">\n<figure class=\"spip_doc_inner\">\n      <picture><source type=\"image\/webp\" srcset=\"https:\/\/reporterre.net\/local\/cache-vignettes\/L1050xH700\/20250210_reporterre_contre_sommet_ia_001-dcdd8.jpg@.webp?1739259225\"><img decoding=\"async\" src=\"https:\/\/reporterre.net\/IMG\/jpg\/20250210_reporterre_contre_sommet_ia_001.jpg\" width=\"1200\" height=\"800\" loading=\"lazy\" alt=\"\"\/><br \/>\n    <\/source><\/picture><figcaption class=\"spip_doc_legende\">\n<p>Pour eux, l\u2019<span class=\"caps\"><span class=\"caps\">IA<\/span><\/span> est une \u00ab<small class=\"fine d-inline\">\u00a0<\/small><small class=\"fine d-inline\">\u00a0<\/small>f\u00e9roce machine<small class=\"fine d-inline\">\u00a0<\/small><small class=\"fine d-inline\">\u00a0<\/small>\u00bb.<br \/>\n<i>\u00a9 Mathieu G\u00e9non \/ Reporterre<\/i><\/p>\n<\/figcaption><\/figure>\n<\/p><\/div>\n<p>Quelques-uns ont enfin abord\u00e9 les gestes individuels, tout aussi primordiaux. Face aux \u00e9l\u00e8ves qui font leurs devoirs \u00e0 l\u2019aide de ChatGPT, l\u2019enseignante en histoire-g\u00e9o C\u00e9cile Vidil a, par exemple, adapt\u00e9 ses pratiques. <i>\u00ab<small class=\"fine d-inline\">\u00a0<\/small>Maintenant, tout le travail de r\u00e9flexion est fait en classe. \u00c0 la maison, je ne leur donne plus que les cours magistraux \u00e0 recopier<small class=\"fine d-inline\">\u00a0<\/small>\u00bb<\/i>, explique-t-elle. Le graphiste Patrick Hoarau, lui, <i>\u00ab<small class=\"fine d-inline\">\u00a0<\/small>fait attention aux outils num\u00e9riques<small class=\"fine d-inline\">\u00a0<\/small>\u00bb<\/i> qu\u2019il utilise\u00a0: <i>\u00ab<small class=\"fine d-inline\">\u00a0<\/small>Je boycotte Google et j\u2019entretiens depuis vingt ans mon mat\u00e9riel, m\u00eame si c\u2019est de plus en plus difficile.<small class=\"fine d-inline\">\u00a0<\/small>\u00bb<\/i><\/p>\n<p>Le refus est aussi la voie privil\u00e9gi\u00e9e d\u2019un jeune homme de 25\u00a0ans ayant pris la parole apr\u00e8s une table ronde\u00a0: <i>\u00ab<small class=\"fine d-inline\">\u00a0<\/small>Ici se trouve l\u2019\u00e9lite intellectuelle, qui a le pouvoir d\u2019inverser le cours des choses. Personnellement, je n\u2019ai pas de smartphone, et je trouve \u00e7a terrible que la majorit\u00e9 d\u2019entre vous en poss\u00e8de un. C\u2019est la premi\u00e8re compromission aux capitalistes et aux financiers qui se trouvent derri\u00e8re cette f\u00e9roce machine<small class=\"fine d-inline\">\u00a0<\/small>\u00bb<\/i>, a-t-il regrett\u00e9. Des points souvent bruyamment approuv\u00e9s par les voisins et les voisines de r\u00e9flexion. Reste \u00e0 mettre tout cela en pratique.<\/p>\n<p><center><br \/>\n  <\/p>\n<p><\/center><\/p>\n<aside class=\"boite_encarts\">\n<div class=\"encart encart_gris noprint\">\n<p><strong>Puisque vous \u00eates l\u00e0&#8230;<\/strong><\/p>\n<p>&#8230; nous avons un petit service \u00e0 vous demander.<br class=\"autobr\"\/><br \/>\nEntre la pr\u00e9sence d\u2019un climatosceptique \u00e0 la t\u00eate de la premi\u00e8re puissance mondiale, un gouvernement fran\u00e7ais qui flirte avec l\u2019extr\u00eame-droite, et les catastrophes climatiques qui s\u2019enchainent&#8230; Faire vivre l\u2019\u00e9cologie dans le d\u00e9bat public est un enjeu crucial.<\/p>\n<p>Personne ne modifie ce que nous publions. Nous n\u2019avons ni actionnaire, ni propri\u00e9taire milliardaire \u2014 seulement une \u00e9quipe d\u2019irr\u00e9ductibles journalistes, pleine de d\u00e9termination.<\/p>\n<p>Nous avons la conviction que l\u2019urgence \u00e9cologique est l\u2019enjeu majeur de notre \u00e9poque. Et comme plus de 2 millions de lectrices et lecteurs chaque mois, vous partagez sans doute cette conviction&#8230;<\/p>\n<p><strong>Depuis 12 ans, nous publions des articles de qualit\u00e9 sur l\u2019\u00e9cologie, en acc\u00e8s libre et sans publicit\u00e9, pour tous.<\/strong><br class=\"autobr\"\/><br \/>\nMais ce travail demande beaucoup de temps et de ressources.<\/p>\n<p>Alors, si vous en avez les moyens, sachez qu\u2019un don, m\u00eame d\u20191\u20ac, est un acte de soutien fort pour l\u2019\u00e9cologie et le journalisme ind\u00e9pendant.<br class=\"autobr\"\/><br \/>\n(Et \u00e7a vous prendra moins de temps que la lecture de ce texte).<\/p>\n<p><strong>Si vous le pouvez, choisissez un soutien mensuel. Merci.<\/strong><\/p>\n<p><a target=\"_blank\" href=\"https:\/\/reporterre.net\/dons\" class=\"bt_soutenir\">Je soutiens <i>Reporterre<\/i><\/a><\/p>\n<\/p><\/div>\n<div class=\"encart encart_vert noprint montre_1023\">\n<div class=\"infolettre-form-container noprint\">\n<p>Abonnez-vous \u00e0 la lettre d\u2019info de Reporterre<\/p>\n<\/div><\/div>\n<\/aside>\n<aside class=\"boite_apresarticle encart_note\">\n<h4>Apr\u00e8s cet article<\/h4>\n<p>      <a target=\"_blank\" href=\"https:\/\/reporterre.net\/Ruee-sur-l-intelligence-artificielle-une-dangereuse-illusion-au-service-de-la-Big-Tech\" class=\"lien_article\">\n      <picture class=\"vignette_gauche\"><source type=\"image\/webp\" srcset=\"https:\/\/reporterre.net\/https:\/\/reporterre.net\/local\/cache-vignettes\/L450xH300\/afp__20250203__ar-20250203143042_kinq1_006cho_1049_143027840__v1__highres__openaisam-94bf7.jpg@.webp?1738956405\"><img decoding=\"async\" src=\"https:\/\/reporterre.net\/local\/cache-vignettes\/L450xH300\/afp__20250203__ar-20250203143042_kinq1_006cho_1049_143027840__v1__highres__openaisam-94bf7.jpg?1738956405\" width=\"450\" height=\"300\" alt=\"\" class=\"marge12\" loading=\"lazy\"\/><br \/>\n<\/source><\/picture>\n<p class=\"libelle\">\n<p>      Num\u00e9rique\n    <\/p>\n<p class=\"titre pol20\">Ru\u00e9e sur l\u2019intelligence artificielle\u00a0: une dangereuse illusion au service de la Big Tech<\/p>\n<p>      <\/a><br \/>\n    <\/aside>\n<aside class=\"boite_complement texte\">\n<p>      <!-- zone_forum --><br \/>\n          <\/aside>\n<aside class=\"boite_lireaussi noprint\">\n<\/aside>\n<aside class=\"colonne\">\n<div class=\"article_info cache_1023 noprint\">\n<p>    <span class=\"date\">11 f\u00e9vrier 2025  \u00e0 09h41<\/span><\/p>\n<p class=\"duree_lecture\">\n        Dur\u00e9e de lecture : 4 minutes\n      <\/p>\n<\/p><\/div>\n<div class=\"bloc_infolettre\">\n<div class=\"infolettre-form-container noprint\">\n<p>Abonnez-vous \u00e0 la lettre d\u2019info de Reporterre<\/p>\n<\/div><\/div>\n<\/aside>\n<div id=\"galerie\">\n  <img decoding=\"async\" src=\"\" class=\"principale\" id=\"principale\"\/><\/p>\n<p id=\"legende\">legende<\/p>\n<\/div>\n<footer class=\"noprint\">\n<\/footer>\n<\/div>\n<p><br \/>\n<br \/><a href=\"https:\/\/reporterre.net\/Levez-vous-ils-resistent-au-rouleau-compresseur-de-l-IA\" target=\"_blank\"\">Source link <\/a><\/p>\n","protected":false},"excerpt":{"rendered":"<p>Paris, reportage \u00ab\u00a0C\u2019est le rush, \u00e7a n\u2019arr\u00eate pas\u00a0!\u00a0\u00bb sourit une ouvreuse. En ce 10\u00a0f\u00e9vrier, le public afflue dans la grande salle du th\u00e9\u00e2tre de la Concorde, dans le 8e arrondissement&hellip; <\/p>\n","protected":false},"author":1,"featured_media":2367,"comment_status":"open","ping_status":"open","sticky":false,"template":"","format":"standard","meta":{"footnotes":""},"categories":[1],"tags":[],"class_list":["post-2366","post","type-post","status-publish","format-standard","has-post-thumbnail","hentry","category-non-classe"],"_links":{"self":[{"href":"https:\/\/monde25.info\/index.php\/wp-json\/wp\/v2\/posts\/2366","targetHints":{"allow":["GET"]}}],"collection":[{"href":"https:\/\/monde25.info\/index.php\/wp-json\/wp\/v2\/posts"}],"about":[{"href":"https:\/\/monde25.info\/index.php\/wp-json\/wp\/v2\/types\/post"}],"author":[{"embeddable":true,"href":"https:\/\/monde25.info\/index.php\/wp-json\/wp\/v2\/users\/1"}],"replies":[{"embeddable":true,"href":"https:\/\/monde25.info\/index.php\/wp-json\/wp\/v2\/comments?post=2366"}],"version-history":[{"count":0,"href":"https:\/\/monde25.info\/index.php\/wp-json\/wp\/v2\/posts\/2366\/revisions"}],"wp:featuredmedia":[{"embeddable":true,"href":"https:\/\/monde25.info\/index.php\/wp-json\/wp\/v2\/media\/2367"}],"wp:attachment":[{"href":"https:\/\/monde25.info\/index.php\/wp-json\/wp\/v2\/media?parent=2366"}],"wp:term":[{"taxonomy":"category","embeddable":true,"href":"https:\/\/monde25.info\/index.php\/wp-json\/wp\/v2\/categories?post=2366"},{"taxonomy":"post_tag","embeddable":true,"href":"https:\/\/monde25.info\/index.php\/wp-json\/wp\/v2\/tags?post=2366"}],"curies":[{"name":"wp","href":"https:\/\/api.w.org\/{rel}","templated":true}]}}