{"id":2372,"date":"2025-02-11T11:43:33","date_gmt":"2025-02-11T10:43:33","guid":{"rendered":"https:\/\/monde25.info\/index.php\/2025\/02\/11\/letat-ouvre-la-porte-a-toutes-les-derives\/"},"modified":"2025-02-11T11:43:33","modified_gmt":"2025-02-11T10:43:33","slug":"letat-ouvre-la-porte-a-toutes-les-derives","status":"publish","type":"post","link":"https:\/\/monde25.info\/index.php\/2025\/02\/11\/letat-ouvre-la-porte-a-toutes-les-derives\/","title":{"rendered":"l\u2019\u00c9tat \u00ab\u00a0ouvre la porte \u00e0 toutes les d\u00e9rives\u00a0\u00bb"},"content":{"rendered":"<p> <br \/>\n<\/p>\n<div>\n<p>Loutre, h\u00e9risson, m\u00e9sange bleue, androsace des Alpes\u2026 Ces esp\u00e8ces prot\u00e9g\u00e9es n\u2019en auront peut-\u00eatre bient\u00f4t plus que le nom. Apr\u00e8s avoir \u00e9t\u00e9 <a target=\"_blank\" href=\"https:\/\/reporterre.net\/Destruction-de-la-biodiversite-Un-message-d-impunite-est-envoye-par-le-gouvernement\">adopt\u00e9e par l\u2019Assembl\u00e9e nationale en mai 2024<\/a>, la loi d\u2019orientation agricole est en cours d\u2019examen au S\u00e9nat.<\/p>\n<p>Son article 13, introduit par amendement par le gouvernement, pr\u00e9voit que seules les atteintes <i>\u00ab<small class=\"fine d-inline\">\u00a0<\/small>intentionnelles<small class=\"fine d-inline\">\u00a0<\/small>\u00bb<\/i> ou cons\u00e9cutives \u00e0 une <i>\u00ab<small class=\"fine d-inline\">\u00a0<\/small>n\u00e9gligence grave<small class=\"fine d-inline\">\u00a0<\/small>\u00bb<\/i> aux esp\u00e8ces prot\u00e9g\u00e9es seront passibles de poursuites p\u00e9nales.<\/p>\n<p>Apr\u00e8s les attaques contre <a target=\"_blank\" href=\"https:\/\/reporterre.net\/Le-Senat-et-le-gouvernement-veulent-supprimer-l-Agence-bio\">l\u2019Agence bio<\/a> et <a target=\"_blank\" href=\"https:\/\/reporterre.net\/L-OFB-les-raisons-de-la-greve-de-la-police-de-l-environnement\">l\u2019Office fran\u00e7ais de la biodiversit\u00e9 (<span class=\"caps\">OFB<\/span>)<\/a>, cette mesure est, pour les \u00e9cologistes, une \u00e9ni\u00e8me offensive contre l\u2019environnement de la part des s\u00e9nateurs Les R\u00e9publicains, avec l\u2019appui du gouvernement.<\/p>\n<h2 class=\"spip\">Cette disposition est \u00ab<small class=\"fine d-inline\">\u00a0<\/small>un permis de d\u00e9truire la biodiversit\u00e9<small class=\"fine d-inline\">\u00a0<\/small>\u00bb<\/h2>\n<p>Que se passera-t-il si cet amendement est adopt\u00e9<small class=\"fine d-inline\">\u00a0<\/small>? En distinguant les <i>\u00ab<small class=\"fine d-inline\">\u00a0<\/small>atteintes intentionnelles<small class=\"fine d-inline\">\u00a0<\/small>\u00bb<\/i> aux esp\u00e8ces prot\u00e9g\u00e9es des <i>\u00ab<small class=\"fine d-inline\">\u00a0<\/small>actes de bonne foi<small class=\"fine d-inline\">\u00a0<\/small>\u00bb<\/i>, cette disposition est <i>\u00ab<small class=\"fine d-inline\">\u00a0<\/small>un permis de d\u00e9truire la biodiversit\u00e9<small class=\"fine d-inline\">\u00a0<\/small>\u00bb<\/i>, d\u00e9nonce Laure Piolle, charg\u00e9e des questions agricoles \u00e0 France Nature Environnement (<span class=\"caps\">FNE<\/span>)\u00a0: il faudra alors prouver que la destruction de la nature a \u00e9t\u00e9 volontaire et r\u00e9fl\u00e9chie pour condamner le contrevenant. Or, en droit, prouver que la personne avait l\u2019intention de tuer une esp\u00e8ce est tr\u00e8s difficile.<\/p>\n<p> <i>\u00ab<small class=\"fine d-inline\">\u00a0<\/small>La plupart du temps, la destruction de l\u2019esp\u00e8ce est un dommage collat\u00e9ral<small class=\"fine d-inline\">\u00a0<\/small>\u00bb<\/i>, ajoute Laure Piolle. Quant \u00e0 la n\u00e9gligence grave, celle-ci est tr\u00e8s rare, <i>\u00ab<small class=\"fine d-inline\">\u00a0<\/small>ce sont les n\u00e9gligences simples comme les imprudences ou les manquements \u00e0 une obligation de prudence qui sont retenues<small class=\"fine d-inline\">\u00a0<\/small>\u00bb<\/i>, dit-elle.<\/p>\n<blockquote class=\"spip\">\n<p>\u00ab<small class=\"fine d-inline\">\u00a0<\/small>L\u2019une des pires r\u00e9gressions en mati\u00e8re de droit de l\u2019environnement de ces derni\u00e8res ann\u00e9es<small class=\"fine d-inline\">\u00a0<\/small>\u00bb<\/p>\n<\/blockquote>\n<p>Ainsi, <i>\u00ab<small class=\"fine d-inline\">\u00a0<\/small>en cas d\u2019atteinte aux esp\u00e8ces prot\u00e9g\u00e9es ou \u00e0 leur habitat, cet article remplace les poursuites p\u00e9nales par une sanction administrative d\u2019une amende de 450\u00a0euros maximum ou un stage de citoyennet\u00e9<small class=\"fine d-inline\">\u00a0<\/small>\u00bb<\/i>, r\u00e9sume Laure Piolle. Si un agriculteur tue une m\u00e9sange bleue apr\u00e8s avoir taill\u00e9 une haie, utilis\u00e9 un pesticide ou \u00e9pandu du lisier, il faudrait prouver que c\u2019\u00e9tait intentionnel, ce qui est quasiment impossible et donc il ne risquerait aucune poursuite p\u00e9nale.<\/p>\n<p>Pire, le texte ne concerne pas uniquement les agriculteurs mais tout le monde. <i>\u00ab<small class=\"fine d-inline\">\u00a0<\/small>Si un industriel pollue une rivi\u00e8re, il pourra plaider qu\u2019il ne l\u2019a pas fait expr\u00e8s et ne sera pas condamn\u00e9<small class=\"fine d-inline\">\u00a0<\/small>\u00bb<\/i>, ajoute Laure Piolle. M\u00eame chose pour un chasseur qui abattrait une esp\u00e8ce prot\u00e9g\u00e9e qu\u2019il aurait confondue avec une esp\u00e8ce gibier ou un particulier qui provoquerait la mort d\u2019un h\u00e9risson apr\u00e8s avoir r\u00e9pandu des produits pour \u00e9liminer les rongeurs sur son terrain.<\/p>\n<p><i>\u00ab<small class=\"fine d-inline\">\u00a0<\/small>Cette mesure met en danger toute la biodiversit\u00e9, c\u2019est l\u2019une des pires r\u00e9gressions en mati\u00e8re de droit de l\u2019environnement de ces derni\u00e8res ann\u00e9es<\/i>, d\u00e9plore Laure Piolle. <i>Le gouvernement envoie un message d\u2019impunit\u00e9\u00a0: puisqu\u2019il n\u2019y a pas de sanction, c\u2019est la porte ouverte \u00e0 toutes les d\u00e9rives.<small class=\"fine d-inline\">\u00a0<\/small>\u00bb<\/i><\/p>\n<div class=\"spip_document_88599 spip_document spip_documents spip_document_image spip_documents_center spip_document_center spip_document_avec_legende\" data-legende-len=\"237\" data-legende-lenx=\"xxx\">\n<figure class=\"spip_doc_inner\">\n      <picture><source type=\"image\/webp\" srcset=\"https:\/\/reporterre.net\/local\/cache-vignettes\/L1050xH700\/oiseau_mesange-89714.jpg@.webp?1739207345\"><img decoding=\"async\" src=\"https:\/\/reporterre.net\/IMG\/jpg\/oiseau_mesange.jpg\" width=\"1500\" height=\"1000\" loading=\"lazy\" alt=\"\"\/><br \/>\n    <\/source><\/picture><figcaption class=\"spip_doc_legende\">\n<p>Les personnes qui porteraient atteinte \u00e0 des esp\u00e8ces prot\u00e9g\u00e9es comme la m\u00e9sange bleue seraient bien moins susceptibles de r\u00e9percussions judiciaires, d\u00e9j\u00e0 rares aujourd\u2019hui, si cette loi \u00e9tait adopt\u00e9e telle quelle.<br \/>\n<i>\u00a9 P-<span class=\"caps\">O. C.<\/span>\/ Reporterre<br \/>\n<\/i><\/p>\n<\/figcaption><\/figure>\n<\/p><\/div>\n<p>\u00c0 l\u2019instar de <span class=\"caps\">FNE<\/span>, 38\u00a0associations de protection de l\u2019environnement ont publi\u00e9 <a target=\"_blank\" href=\"https:\/\/www.mesopinions.com\/petition\/animaux\/destruction-especes-protegees-impunite-offerte-loi\/230916\" class=\"spip_out\" rel=\"external\">une p\u00e9tition<\/a> contre cette mesure, qui a d\u00e9j\u00e0 recueilli plus de 40\u00a0000 signatures.<\/p>\n<p>Si la r\u00e9glementation actuelle punit la destruction d\u2019une esp\u00e8ce prot\u00e9g\u00e9e de maximum cinq ans d\u2019emprisonnement et de 150\u00a0000 euros d\u2019amende, <i>\u00ab<small class=\"fine d-inline\">\u00a0<\/small>ces condamnations sont rares, dans la grande majorit\u00e9 des cas, le contrevenant est seulement convoqu\u00e9 par l\u2019Office fran\u00e7ais de la biodiversit\u00e9 (<span class=\"caps\">OFB<\/span>)<small class=\"fine d-inline\">\u00a0<\/small>\u00bb<\/i>, indique Arnaud Gossement, avocat sp\u00e9cialiste en droit de l\u2019environnement. Selon le d\u00e9bat parlementaire, en 2022, seuls 136\u00a0agriculteurs ont \u00e9t\u00e9 impliqu\u00e9s dans une proc\u00e9dure en lien avec le droit de l\u2019environnement.<\/p>\n<h2 class=\"spip\">Un article contraire au droit europ\u00e9en<small class=\"fine d-inline\">\u00a0<\/small>?<\/h2>\n<p>Cette disposition est surtout une <i>\u00ab<small class=\"fine d-inline\">\u00a0<\/small>fausse promesse faite aux agriculteurs car l\u2019article 13\u00a0de la loi d\u2019orientation agricole est contraire au droit europ\u00e9en<small class=\"fine d-inline\">\u00a0<\/small>\u00bb<\/i>, affirme Arnaud Gossement. La destruction des esp\u00e8ces prot\u00e9g\u00e9e et de leur habitat est encadr\u00e9e par la directive europ\u00e9enne du 11\u00a0avril 2024 qui pr\u00e9cise que ce d\u00e9lit peut \u00eatre sanctionn\u00e9, m\u00eame lorsqu\u2019il n\u2019est pas intentionnel.<\/p>\n<p>Or, en vertu du principe de hi\u00e9rarchie des normes, le droit europ\u00e9en prime sur le droit national. Ainsi, <i>\u00ab<small class=\"fine d-inline\">\u00a0<\/small>cet article  pourra \u00eatre attaqu\u00e9 par une association environnementale devant le Conseil d\u2019\u00c9tat qui n\u2019aura d\u2019autre choix que d\u2019appliquer le droit europ\u00e9en<small class=\"fine d-inline\">\u00a0<\/small>\u00bb<\/i>, pressent-il.<\/p>\n<blockquote class=\"spip\">\n<p>\u00ab<small class=\"fine d-inline\">\u00a0<\/small>L\u2019\u00c9tat r\u00e9pond de mani\u00e8re d\u00e9magogique aux probl\u00e8mes des agriculteurs<small class=\"fine d-inline\">\u00a0<\/small>\u00bb<\/p>\n<\/blockquote>\n<p>Pour Arnaud Gossement, <i>\u00ab<small class=\"fine d-inline\">\u00a0<\/small>avec cette mesure, l\u2019\u00c9tat r\u00e9pond de mani\u00e8re d\u00e9magogique aux probl\u00e8mes des agriculteurs, ce dont ils ont besoin avant tout c\u2019est d\u2019\u00eatre mieux accompagn\u00e9s, pas de b\u00e9n\u00e9ficier d\u2019une sorte d\u2019impunit\u00e9<small class=\"fine d-inline\">\u00a0<\/small>\u00bb<\/i>.<\/p>\n<p>Mais pour le s\u00e9nateur \u00e9cologiste Daniel Salmon, <i>\u00ab<small class=\"fine d-inline\">\u00a0<\/small>en r\u00e9introduisant la notion de n\u00e9gligence grave pouvant conduire \u00e0 une sanction p\u00e9nale, les s\u00e9nateurs Les R\u00e9publicains ont fait en sorte que le texte soit difficilement attaquable au niveau europ\u00e9en<small class=\"fine d-inline\">\u00a0<\/small>\u00bb<\/i>. Selon lui, <i>\u00ab<small class=\"fine d-inline\">\u00a0<\/small>tout va d\u00e9pendre de quelle version sera finalement adopt\u00e9e par les s\u00e9nateurs<small class=\"fine d-inline\">\u00a0<\/small>\u00bb<\/i>. Le texte devrait \u00eatre vot\u00e9 par le S\u00e9nat le 18\u00a0f\u00e9vrier, soit quatre jours avant l\u2019ouverture du Salon de l\u2019agriculture \u00e0 Paris.<\/p>\n<aside class=\"boite_encarts\">\n<div class=\"encart encart_gris noprint\">\n<p><strong>Puisque vous \u00eates l\u00e0&#8230;<\/strong><\/p>\n<p>&#8230; nous avons un petit service \u00e0 vous demander.<br class=\"autobr\"\/><br \/>\nEntre la pr\u00e9sence d\u2019un climatosceptique \u00e0 la t\u00eate de la premi\u00e8re puissance mondiale, un gouvernement fran\u00e7ais qui flirte avec l\u2019extr\u00eame-droite, et les catastrophes climatiques qui s\u2019enchainent&#8230; Faire vivre l\u2019\u00e9cologie dans le d\u00e9bat public est un enjeu crucial.<\/p>\n<p>Personne ne modifie ce que nous publions. Nous n\u2019avons ni actionnaire, ni propri\u00e9taire milliardaire \u2014 seulement une \u00e9quipe d\u2019irr\u00e9ductibles journalistes, pleine de d\u00e9termination.<\/p>\n<p>Nous avons la conviction que l\u2019urgence \u00e9cologique est l\u2019enjeu majeur de notre \u00e9poque. Et comme plus de 2 millions de lectrices et lecteurs chaque mois, vous partagez sans doute cette conviction&#8230;<\/p>\n<p><strong>Depuis 12 ans, nous publions des articles de qualit\u00e9 sur l\u2019\u00e9cologie, en acc\u00e8s libre et sans publicit\u00e9, pour tous.<\/strong><br class=\"autobr\"\/><br \/>\nMais ce travail demande beaucoup de temps et de ressources.<\/p>\n<p>Alors, si vous en avez les moyens, sachez qu\u2019un don, m\u00eame d\u20191\u20ac, est un acte de soutien fort pour l\u2019\u00e9cologie et le journalisme ind\u00e9pendant.<br class=\"autobr\"\/><br \/>\n(Et \u00e7a vous prendra moins de temps que la lecture de ce texte).<\/p>\n<p><strong>Si vous le pouvez, choisissez un soutien mensuel. Merci.<\/strong><\/p>\n<p><a target=\"_blank\" href=\"https:\/\/reporterre.net\/dons\" class=\"bt_soutenir\">Je soutiens <i>Reporterre<\/i><\/a><\/p>\n<\/p><\/div>\n<div class=\"encart encart_vert noprint montre_1023\">\n<div class=\"infolettre-form-container noprint\">\n<p>Abonnez-vous \u00e0 la lettre d\u2019info de Reporterre<\/p>\n<\/div><\/div>\n<\/aside>\n<aside class=\"boite_apresarticle encart_note\">\n<h4>Apr\u00e8s cet article<\/h4>\n<p>      <a target=\"_blank\" href=\"https:\/\/reporterre.net\/Agriculture-cette-loi-ecocide-que-le-Senat-s-apprete-a-voter\" class=\"lien_article\">\n      <picture class=\"vignette_gauche\"><source type=\"image\/webp\" srcset=\"https:\/\/reporterre.net\/local\/cache-vignettes\/L450xH300\/29012024-nmn_6178_blocageautoroutea15_tracteurs__r_nnoman-2-42937.jpg@.webp?1738141399\"><img decoding=\"async\" src=\"https:\/\/reporterre.net\/local\/cache-vignettes\/L450xH300\/29012024-nmn_6178_blocageautoroutea15_tracteurs__r_nnoman-2-42937.jpg?1738141399\" width=\"450\" height=\"300\" alt=\"\" class=\"marge12\" loading=\"lazy\"\/><br \/>\n<\/source><\/picture>\n<p class=\"libelle\">\n<p>      Politique\n    <\/p>\n<p class=\"titre pol20\">Agriculture\u00a0: cette loi \u00e9cocide que le S\u00e9nat s\u2019appr\u00eate \u00e0 voter<\/p>\n<p>      <\/a><br \/>\n    <\/aside>\n<aside class=\"boite_complement texte\">\n<p>      <!-- zone_forum --><br \/>\n          <\/aside>\n<aside class=\"boite_lireaussi noprint\">\n<\/aside>\n<aside class=\"colonne\">\n<div class=\"article_info cache_1023 noprint\">\n<p>    <span class=\"date\">11 f\u00e9vrier 2025  \u00e0 10h07<\/span><\/p>\n<p>    <span class=\"date_modif\">Mis \u00e0 jour le 11 f\u00e9vrier 2025 \u00e0 11h11<\/span>      <\/p>\n<p class=\"duree_lecture\">\n        Dur\u00e9e de lecture : 5 minutes\n      <\/p>\n<\/p><\/div>\n<div class=\"bloc_infolettre\">\n<div class=\"infolettre-form-container noprint\">\n<p>Abonnez-vous \u00e0 la lettre d\u2019info de Reporterre<\/p>\n<\/div><\/div>\n<\/aside>\n<div id=\"galerie\">\n  <img decoding=\"async\" src=\"\" class=\"principale\" id=\"principale\"\/><\/p>\n<p id=\"legende\">legende<\/p>\n<\/div>\n<footer class=\"noprint\">\n<\/footer>\n<\/div>\n<p><br \/>\n<br \/><a href=\"https:\/\/reporterre.net\/Destructions-d-especes-protegees-l-Etat-ouvre-la-porte-a-toutes-les-derives\" target=\"_blank\"\">Source link <\/a><\/p>\n","protected":false},"excerpt":{"rendered":"<p>Loutre, h\u00e9risson, m\u00e9sange bleue, androsace des Alpes\u2026 Ces esp\u00e8ces prot\u00e9g\u00e9es n\u2019en auront peut-\u00eatre bient\u00f4t plus que le nom. Apr\u00e8s avoir \u00e9t\u00e9 adopt\u00e9e par l\u2019Assembl\u00e9e nationale en mai 2024, la loi&hellip; <\/p>\n","protected":false},"author":1,"featured_media":2373,"comment_status":"open","ping_status":"open","sticky":false,"template":"","format":"standard","meta":{"footnotes":""},"categories":[1],"tags":[],"class_list":["post-2372","post","type-post","status-publish","format-standard","has-post-thumbnail","hentry","category-non-classe"],"_links":{"self":[{"href":"https:\/\/monde25.info\/index.php\/wp-json\/wp\/v2\/posts\/2372","targetHints":{"allow":["GET"]}}],"collection":[{"href":"https:\/\/monde25.info\/index.php\/wp-json\/wp\/v2\/posts"}],"about":[{"href":"https:\/\/monde25.info\/index.php\/wp-json\/wp\/v2\/types\/post"}],"author":[{"embeddable":true,"href":"https:\/\/monde25.info\/index.php\/wp-json\/wp\/v2\/users\/1"}],"replies":[{"embeddable":true,"href":"https:\/\/monde25.info\/index.php\/wp-json\/wp\/v2\/comments?post=2372"}],"version-history":[{"count":0,"href":"https:\/\/monde25.info\/index.php\/wp-json\/wp\/v2\/posts\/2372\/revisions"}],"wp:featuredmedia":[{"embeddable":true,"href":"https:\/\/monde25.info\/index.php\/wp-json\/wp\/v2\/media\/2373"}],"wp:attachment":[{"href":"https:\/\/monde25.info\/index.php\/wp-json\/wp\/v2\/media?parent=2372"}],"wp:term":[{"taxonomy":"category","embeddable":true,"href":"https:\/\/monde25.info\/index.php\/wp-json\/wp\/v2\/categories?post=2372"},{"taxonomy":"post_tag","embeddable":true,"href":"https:\/\/monde25.info\/index.php\/wp-json\/wp\/v2\/tags?post=2372"}],"curies":[{"name":"wp","href":"https:\/\/api.w.org\/{rel}","templated":true}]}}