{"id":2376,"date":"2025-02-11T12:49:35","date_gmt":"2025-02-11T11:49:35","guid":{"rendered":"https:\/\/monde25.info\/index.php\/2025\/02\/11\/vos-batteries-vont-elles-exploser-par-raul-guillen-vincent-peyret-le-monde-diplomatique-fevrier-2025\/"},"modified":"2025-02-11T12:49:35","modified_gmt":"2025-02-11T11:49:35","slug":"vos-batteries-vont-elles-exploser-par-raul-guillen-vincent-peyret-le-monde-diplomatique-fevrier-2025","status":"publish","type":"post","link":"https:\/\/monde25.info\/index.php\/2025\/02\/11\/vos-batteries-vont-elles-exploser-par-raul-guillen-vincent-peyret-le-monde-diplomatique-fevrier-2025\/","title":{"rendered":"Vos batteries vont-elles exploser ?, par Ra\u00fal Guill\u00e9n &#038; Vincent Peyret (Le Monde diplomatique, f\u00e9vrier 2025)"},"content":{"rendered":"<p> <br \/>\n<\/p>\n<div>\n<p class=\"crayon article-surtitre-68043 surtitre\">Boulimie de m\u00e9taux, impasses du recyclage et dangers d\u2019incendie<\/p>\n<div class=\"crayon article-chapo-68043 chapo\">\n<p>La faillite du su\u00e9dois Northvolt douche les espoirs d\u2019une fili\u00e8re europ\u00e9enne des batteries. Elle interroge aussi la priorit\u00e9 accord\u00e9e aux v\u00e9hicules particuliers, alors que l\u2019\u00e9lectrification ne pr\u00e9sente des b\u00e9n\u00e9fices environnementaux que pour les transports en commun, aliment\u00e9s en continu par le r\u00e9seau. Car le recours croissant aux accumulateurs rechargeables pr\u00e9sente des \u00e9cueils trop souvent n\u00e9glig\u00e9s.<\/p>\n<\/div><\/div>\n<div couleurfade=\"fbebe5\" couleurclaire=\"f8dcd2\" couleurpale=\"f2baa5\" couleurmi=\"b34118\" couleurfoncee=\"892f0f\" couleursombre=\"2c1006\" couleurfond=\"78584c\" couleurtexte=\"ffffff\">\n<div class=\"enapercu\">\n<figure class=\"spip_document_34111 spip_documents spip_documents_center xl\" style=\"width:890px;\">\n<div class=\"limage\">\n<p>\t\t\t<img loading=\"lazy\" decoding=\"async\" src=\"https:\/\/www.monde-diplomatique.fr\/\/local\/cache-vignettes\/L890xH714\/01-10-1be67.jpg?1738680716\" width=\"890\" height=\"714\" class=\"spip_logos\" alt=\"JPEG - 106.8\u00a0ko\"\/><\/p><\/div><figcaption>\n<p>Wolfgang Ellenrieder. \u2013 \u00ab<small class=\"fine\">\u00a0<\/small>Limousine<small class=\"fine\">\u00a0<\/small>\u00bb, 2011<\/p>\n<p>\u00a9 ADAGP, Paris, 2025 &#8211; Wolfgang Ellenrieder &amp; VG-Bild Kunst\n<\/p>\n<\/figcaption><\/figure>\n<p><span class=\"mot-lettrine\"><span class=\"lettrine\"><span class=\"guillemet\">\u00ab<\/span>P<\/span>rojets<\/span> incontr\u00f4l\u00e9s, sant\u00e9 en danger<small class=\"fine\">\u00a0<\/small>\u00bb. Le 22\u00a0f\u00e9vrier\u00a02024, une centaine d\u2019habitants de Viviez, dans l\u2019Aveyron, manifestaient leur inqui\u00e9tude derri\u00e8re cette banderole. Cinq jours plus t\u00f4t, 1\u00a0200\u00a0tonnes de batteries \u00e9lectriques usag\u00e9es avaient pris feu dans un entrep\u00f4t de la Soci\u00e9t\u00e9 nouvelle d\u2019affinage des m\u00e9taux (SNAM), entra\u00eenant un \u00e9norme nuage de fum\u00e9e devenant parfois blanc, parfois bleut\u00e9. Des r\u00e9sidus carbon\u00e9s et certaines pi\u00e8ces m\u00e9talliques encore en fusion seraient retomb\u00e9s \u00e0 plus de quatre kilom\u00e8tres, nous assure M.\u00a0Laurent Alexandre, d\u00e9put\u00e9 La France insoumise (LFI) de la circonscription.<\/p>\n<p>Pour \u00e9viter la propagation du feu, les batteries doivent \u00eatre stock\u00e9es selon leurs types, dans des cellules s\u00e9par\u00e9es par des murs coupe-feu. Mais les entrep\u00f4ts partis en fum\u00e9e ne faisaient pas partie des installations class\u00e9es \u00ab<small class=\"fine\">\u00a0<\/small>Seveso, seuil haut<small class=\"fine\">\u00a0<\/small>\u00bb que poss\u00e8de la SNAM dans la ville. Cette entreprise sp\u00e9cialis\u00e9e dans le traitement des d\u00e9chets conservait son surplus, notamment de batteries au lithium, en dehors de tout cadre r\u00e9glementaire dans d\u2019anciens b\u00e2timents de la Soci\u00e9t\u00e9 pour l\u2019am\u00e9lioration et la valorisation de l\u2019environnement (Sopave). Malgr\u00e9 les nombreuses irr\u00e9gularit\u00e9s relev\u00e9es les ann\u00e9es pr\u00e9c\u00e9dentes par la direction r\u00e9gionale de l\u2019environnement, de l\u2019am\u00e9nagement et du logement (Dreal), l\u2019\u00c9tat n\u2019avait appliqu\u00e9 aucune sanction.Apr\u00e8s avoir improvis\u00e9 un confinement des habitants dans les cinq cents m\u00e8tres alentour le jour de l\u2019embrasement, la pr\u00e9fecture s\u2019est plut\u00f4t efforc\u00e9e de tranquilliser la population\u00a0: <i>\u00ab<small class=\"fine\">\u00a0<\/small>Les mesures effectu\u00e9es dans le cadre de plusieurs contr\u00f4les sont rassurantes<small class=\"fine\">\u00a0<\/small>\u00bb,<\/i> annon\u00e7ait-elle par communiqu\u00e9 le lendemain. <i>\u00ab<small class=\"fine\">\u00a0<\/small>Il n\u2019y a aucune proc\u00e9dure s\u00e9rieuse pour mesurer la pollution due \u00e0 ce type d\u2019incendie sur les habitants ou l\u2019environnement,<\/i> r\u00e9torque M.\u00a0Alexandre. <i>L\u2019incendie s\u2019est d\u00e9clar\u00e9 vers 14\u00a0heures et les premi\u00e8res mesures n\u2019ont \u00e9t\u00e9 effectu\u00e9es qu\u2019en d\u00e9but de soir\u00e9e, bien apr\u00e8s la dissipation du nuage dense de fum\u00e9e.<small class=\"fine\">\u00a0<\/small>\u00bb<\/i><\/p>\n<p>Va-t-il falloir s\u2019habituer \u00e0 ce genre d\u2019accident dans les\u00a0(&#8230;)<\/p>\n<\/p><\/div>\n<p>Taille de l\u2019article complet\u00a0:\u00a0<span>4\u00a0500<\/span>\u00a0mots.<\/p>\n<div class=\"promo_dispo_article\">\n<h2 class=\"avantbloc\">\n\tCet article est r\u00e9serv\u00e9 aux\u00a0abonn\u00e9s<\/p>\n<\/h2>\n<div class=\"abo_inst\">\n\t<strong>Lyc\u00e9es, biblioth\u00e8ques, administrations, entreprises,<\/strong><br \/>\n\tacc\u00e9dez \u00e0 la base de donn\u00e9es en ligne de tous les articles du <i>Monde diplomatique<\/i> de 1954 \u00e0 nos\u00a0jours.<br \/>\n\t<a target=\"_blank\" id=\"pw-institutions\" class=\"suivi\" href=\"https:\/\/www.monde-diplomatique.fr\/archives\/institutions\">Retrouvez cette\u00a0offre sp\u00e9cifique<\/a>.\n<\/div>\n<\/div><\/div>\n<div>\n<p class=\"nom\">Ra\u00fal Guill\u00e9n <span class=\"et\">&amp;<\/span> <\/p>\n<p>\tVincent Peyret<\/p>\n<p>\n\t\t\t\t\tJournalistes, <i>Le Postillon.<\/i><\/p>\n<\/p><\/div>\n<p><br \/>\n<br \/><a href=\"https:\/\/www.monde-diplomatique.fr\/2025\/02\/GUILLEN\/68043\" target=\"_blank\"\">Source link <\/a><\/p>\n","protected":false},"excerpt":{"rendered":"<p>Boulimie de m\u00e9taux, impasses du recyclage et dangers d\u2019incendie La faillite du su\u00e9dois Northvolt douche les espoirs d\u2019une fili\u00e8re europ\u00e9enne des batteries. Elle interroge aussi la priorit\u00e9 accord\u00e9e aux v\u00e9hicules&hellip; <\/p>\n","protected":false},"author":1,"featured_media":2377,"comment_status":"open","ping_status":"open","sticky":false,"template":"","format":"standard","meta":{"footnotes":""},"categories":[1],"tags":[],"class_list":["post-2376","post","type-post","status-publish","format-standard","has-post-thumbnail","hentry","category-non-classe"],"_links":{"self":[{"href":"https:\/\/monde25.info\/index.php\/wp-json\/wp\/v2\/posts\/2376","targetHints":{"allow":["GET"]}}],"collection":[{"href":"https:\/\/monde25.info\/index.php\/wp-json\/wp\/v2\/posts"}],"about":[{"href":"https:\/\/monde25.info\/index.php\/wp-json\/wp\/v2\/types\/post"}],"author":[{"embeddable":true,"href":"https:\/\/monde25.info\/index.php\/wp-json\/wp\/v2\/users\/1"}],"replies":[{"embeddable":true,"href":"https:\/\/monde25.info\/index.php\/wp-json\/wp\/v2\/comments?post=2376"}],"version-history":[{"count":0,"href":"https:\/\/monde25.info\/index.php\/wp-json\/wp\/v2\/posts\/2376\/revisions"}],"wp:featuredmedia":[{"embeddable":true,"href":"https:\/\/monde25.info\/index.php\/wp-json\/wp\/v2\/media\/2377"}],"wp:attachment":[{"href":"https:\/\/monde25.info\/index.php\/wp-json\/wp\/v2\/media?parent=2376"}],"wp:term":[{"taxonomy":"category","embeddable":true,"href":"https:\/\/monde25.info\/index.php\/wp-json\/wp\/v2\/categories?post=2376"},{"taxonomy":"post_tag","embeddable":true,"href":"https:\/\/monde25.info\/index.php\/wp-json\/wp\/v2\/tags?post=2376"}],"curies":[{"name":"wp","href":"https:\/\/api.w.org\/{rel}","templated":true}]}}