{"id":2378,"date":"2025-02-11T13:24:36","date_gmt":"2025-02-11T12:24:36","guid":{"rendered":"https:\/\/monde25.info\/index.php\/2025\/02\/11\/une-echeance-cruciale-ignoree-par-95-des-pays\/"},"modified":"2025-02-11T13:24:36","modified_gmt":"2025-02-11T12:24:36","slug":"une-echeance-cruciale-ignoree-par-95-des-pays","status":"publish","type":"post","link":"https:\/\/monde25.info\/index.php\/2025\/02\/11\/une-echeance-cruciale-ignoree-par-95-des-pays\/","title":{"rendered":"une \u00e9ch\u00e9ance cruciale ignor\u00e9e par 95\u00a0% des pays"},"content":{"rendered":"<p> <br \/>\n<\/p>\n<div>\n<p>\u00c0 peine plus de 5<small class=\"fine d-inline\">\u00a0<\/small>%. Telle est la proportion des pays signataires de l\u2019Accord de Paris sur le climat \u00e0 avoir rendu leur copie \u00e0 temps. Ils avaient jusqu\u2019au 10\u00a0f\u00e9vrier pour publier leur nouveau plan de r\u00e9duction des \u00e9missions, baptis\u00e9 les <i>\u00ab<small class=\"fine d-inline\">\u00a0<\/small>contributions d\u00e9termin\u00e9es au niveau national<small class=\"fine d-inline\">\u00a0<\/small>\u00bb<\/i> dans le jargon des diplomates. Malheureusement, faute de caract\u00e8re contraignant, seuls 10\u00a0des\u00a0195 signataires ont respect\u00e9 cette \u00e9ch\u00e9ance.<\/p>\n<p>En signant le trait\u00e9 international parisien, lors de la <span class=\"caps\">COP21<\/span> en 2015, les \u00c9tats s\u2019\u00e9taient engag\u00e9s \u00e0 soumettre tous les cinq ans une feuille de route d\u00e9taillant leurs objectifs climatiques \u00e0 l\u2019horizon 2035. Une premi\u00e8re s\u00e9rie a ainsi \u00e9t\u00e9 d\u00e9voil\u00e9e en 2015. Une autre en 2020, la troisi\u00e8me \u00e9tant attendue cette ann\u00e9e. Si cette mise \u00e0 jour tarde, <a target=\"_blank\" href=\"https:\/\/reporterre.net\/La-COP30-au-Bresil-ne-sera-pas-presidee-par-un-petrolier\">la <span class=\"caps\">COP30<\/span><\/a> \u2014 pr\u00e9vue en novembre <a target=\"_blank\" href=\"https:\/\/reporterre.net\/Termine-l-avion-Ils-iront-a-la-COP30-a-la-voile\">au Br\u00e9sil<\/a> \u2014 pourrait bien \u00eatre chaotique.<\/p>\n<p>Le pays de Lula da Silva a affich\u00e9 l\u2019ambition d\u2019intensifier la lutte contre le <a target=\"_blank\" href=\"Qu-est-ce-que-le-rechauffement-climatique\">changement climatique<\/a> lors de ce grand raout. Objectif\u00a0: que la Terre entre enfin dans les clous de l\u2019Accord de Paris, autrement dit que la temp\u00e9rature mondiale soit maintenue \u00e0 +1,5\u00a0\u00b0C au-dessus des niveaux pr\u00e9industriels d\u2019ici 2100. Seulement, tant que les nouveaux plans ne seront pas publi\u00e9s, les gouvernements continueront de s\u2019appuyer sur ceux \u00e9tablis il y a cinq ans. Or, d\u2019apr\u00e8s les Nations unies, ceux-ci nous m\u00e8nent droit vers une hausse des temp\u00e9ratures de 2,6\u00a0\u00e0\u00a02,8\u00a0\u00b0C d\u2019ici la fin du si\u00e8cle.<\/p>\n<h2 class=\"spip\">L\u2019<span class=\"caps\">UE<\/span> parmi les mauvais \u00e9l\u00e8ves<\/h2>\n<p>Parmi les dizaines de retardataires figurent notamment l\u2019Union europ\u00e9enne (<span class=\"caps\">UE<\/span>), le Japon, la Chine ou le Canada. Et chacun a son excuse\u00a0: tant\u00f4t des difficult\u00e9s techniques, tant\u00f4t des pressions \u00e9conomiques, tant\u00f4t des incertitudes diplomatiques. L\u2019\u00e9lection r\u00e9cente d\u2019un <a target=\"_blank\" href=\"https:\/\/reporterre.net\/Comment-les-incendies-en-Californie-renforcent-le-deni-climatique-de-Trump\">r\u00e9publicain climatod\u00e9nialiste<\/a> \u00e0 la t\u00eate des \u00c9tats-Unis a pouss\u00e9 les diplomates \u00e0 temporiser. Certains estiment, dans les colonnes du <a target=\"_blank\" href=\"https:\/\/www.theguardian.com\/environment\/article\/2024\/sep\/05\/australia-2035-climate-change-target-cca-net-zero\" class=\"spip_out\" rel=\"external\"><i>Guardian<\/i><\/a>, qu\u2019il est d\u00e9sormais pr\u00e9f\u00e9rable de reporter la publication une fois la temp\u00eate Trump calm\u00e9e.<\/p>\n<p>Premi\u00e8re \u00e9mettrice mondiale, la Chine n\u2019a pas communiqu\u00e9 la date \u00e0 laquelle elle entend sortir du silence. <i>\u00ab<small class=\"fine d-inline\">\u00a0<\/small>Son plan est extr\u00eamement important \u00e0 surveiller, mais elle montre rarement ses cartes en avance<small class=\"fine d-inline\">\u00a0<\/small>\u00bb<\/i>, d\u00e9plore \u00e0 <i>Reporterre<\/i> Ga\u00efa Febvre, du R\u00e9seau Action Climat (<span class=\"caps\">RAC<\/span>). Des sources officielles indiennes avancent, dans <a target=\"_blank\" href=\"https:\/\/indianexpress.com\/article\/india\/the-2035-targets-disappointment-cop29-outcome-climate-finance-baku-9818200\/\" class=\"spip_out\" rel=\"external\"><i>The Indian Express<\/i><\/a>, une parution de sa feuille de route entre juin et d\u00e9cembre. Et celle-ci devrait refl\u00e9ter <i>\u00ab<small class=\"fine d-inline\">\u00a0<\/small>la d\u00e9ception suscit\u00e9e par [\u2026] la <span class=\"caps\">COP29<\/span> \u00e0 Bakou [en Azerba\u00efdjan]<small class=\"fine d-inline\">\u00a0<\/small>\u00bb<\/i> et <a target=\"_blank\" href=\"https:\/\/reporterre.net\/Fin-de-la-COP29-les-pays-riches-imposent-un-accord-neocolonialiste\">son accord <i>\u00ab<small class=\"fine d-inline\">\u00a0<\/small>n\u00e9ocolonialiste<small class=\"fine d-inline\">\u00a0<\/small>\u00bb<\/i><\/a>. Traduction\u00a0: l\u2019Inde ne se foulera pas.<\/p>\n<blockquote class=\"spip\">\n<p>83<small class=\"fine d-inline\">\u00a0<\/small>% des \u00e9missions sont dus <br class=\"autobr\"\/><br \/>\naux pays retardataires<\/p>\n<\/blockquote>\n<p>Du c\u00f4t\u00e9 de <a target=\"_blank\" href=\"https:\/\/reporterre.net\/Accord-de-Paris-l-Europe-n-investit-pas-assez\">l\u2019Union europ\u00e9enne<\/a>, on justifie le non-respect de la deadline par la lenteur des processus d\u2019approbation. <i>\u00ab<small class=\"fine d-inline\">\u00a0<\/small>L\u2019<span class=\"caps\">UE<\/span> doit acc\u00e9l\u00e9rer la cadence pour ne pas arriver les mains vides \u00e0 Bel\u00e9m [\u00e0 la <span class=\"caps\">COP30<\/span>]<small class=\"fine d-inline\">\u00a0<\/small>\u00bb<\/i>, insiste Caroline Fran\u00e7ois-Marsal, charg\u00e9e des questions europ\u00e9ennes au <span class=\"caps\">RAC<\/span>. Qui regrette que ce dossier soit en attente depuis plus d\u2019un an\u00a0: <i>\u00ab<small class=\"fine d-inline\">\u00a0<\/small>Alors que les attaques contre l\u2019environnement s\u2019intensifient de toutes parts, l\u2019Europe doit tenir bon et constituer un rempart solide sur le climat en redevenant un pays moteur des n\u00e9gociations.<small class=\"fine d-inline\">\u00a0<\/small>\u00bb<\/i><\/p>\n<p>Au total, d\u2019apr\u00e8s <a target=\"_blank\" href=\"https:\/\/www.carbonbrief.org\/analysis-95-of-countries-miss-un-deadline-to-submit-2035-climate-pledges\/#:~:text=Countries%20missing%20the%20deadline%20represent,goals%20of%20the%20Paris%20Agreement\" class=\"spip_out\" rel=\"external\">une analyse<\/a> du m\u00e9dia sp\u00e9cialis\u00e9 Carbon Brief, les pays retardataires sont \u00e0 l\u2019origine de 83<small class=\"fine d-inline\">\u00a0<\/small>% des \u00e9missions plan\u00e9taires et p\u00e8sent pour pr\u00e8s de 80<small class=\"fine d-inline\">\u00a0<\/small>% de l\u2019\u00e9conomie mondiale. Pas de quoi troubler le secr\u00e9taire ex\u00e9cutif de l\u2019<span class=\"caps\">ONU<\/span> pour le climat, Simon Stiell\u00a0: <i>\u00ab<small class=\"fine d-inline\">\u00a0<\/small>D\u2019apr\u00e8s les conversations que j\u2019ai eues avec les pays, les gouvernements prennent cela tr\u00e8s au s\u00e9rieux<\/i>, a-t-il d\u00e9clar\u00e9 le 6\u00a0f\u00e9vrier. <i>Il est donc raisonnable de prendre un peu plus de temps pour s\u2019assurer que ces plans soient de premi\u00e8re qualit\u00e9 [\u2026] Au plus tard, l\u2019\u00e9quipe du secr\u00e9tariat doit les avoir re\u00e7us d\u2019ici septembre.<small class=\"fine d-inline\">\u00a0<\/small>\u00bb<\/i> Il faut dire que l\u2019<span class=\"caps\">ONU<\/span> s\u2019y est habitu\u00e9e\u00a0: en 2020 d\u00e9j\u00e0, seuls cinq \u00c9tats avaient tenu l\u2019\u00e9ch\u00e9ance de f\u00e9vrier.<\/p>\n<h2 class=\"spip\">Le travail de Biden balay\u00e9 par Trump<\/h2>\n<p>Reste \u00e0 savoir qui a rendu sa copie \u00e0 l\u2019heure. Du c\u00f4t\u00e9 du G7, le Royaume-Uni a soumis son nouveau plan\u2026 tout comme les \u00c9tats-Unis. Baroud d\u2019honneur climatique de Joe Biden, le texte d\u00e9voil\u00e9 par le d\u00e9mocrate juste avant de quitter ses fonctions est d\u00e9sormais purement symbolique. Si les \u00c9tats du pays peuvent s\u2019en inspirer pour leurs politiques locales, Donald Trump a lui <a target=\"_blank\" href=\"https:\/\/reporterre.net\/Trump-veut-retirer-les-Etats-Unis-de-l-Accord-de-Paris\">d\u00e9j\u00e0 amorc\u00e9 le processus<\/a> de sortie de l\u2019Accord de Paris \u00e0 l\u2019\u00e9chelle f\u00e9d\u00e9rale.<\/p>\n<p>Ont aussi rendu leur plan\u00a0: le Br\u00e9sil, les \u00c9mirats arabes unis, la Nouvelle-Z\u00e9lande, la Suisse, l\u2019Uruguay, Andorre, l\u2019\u00c9quateur et Sainte-Lucie. Malheureusement, m\u00eame dans ce lot, des pays sont r\u00e9fractaires \u00e0 se conformer \u00e0 l\u2019Accord de Paris.<\/p>\n<p>Dans une \u00e9tude men\u00e9e par le projet scientifique ind\u00e9pendant <a target=\"_blank\" href=\"https:\/\/climateactiontracker.org\/countries\/\" class=\"spip_out\" rel=\"external\">Climate Action Tracker<\/a>, les propositions br\u00e9siliennes, \u00e9miraties, \u00e9tasuniennes et suisses sont jug\u00e9es  <i>\u00ab<small class=\"fine d-inline\">\u00a0<\/small>non compatibles<small class=\"fine d-inline\">\u00a0<\/small>\u00bb<\/i> avec la trajectoire de +1,5\u00a0\u00b0C. Celles de la Nouvelle-Z\u00e9lande n\u2019ont pas encore \u00e9t\u00e9 analys\u00e9es, mais Carbon Brief pr\u00e9cise qu\u2019un expert climatique du pays les a d\u00e9crites comme <i>\u00ab<small class=\"fine d-inline\">\u00a0<\/small>incroyablement peu ambitieuses<small class=\"fine d-inline\">\u00a0<\/small>\u00bb<\/i>. Des projections bien tracassantes \u00e0 neuf mois de la <span class=\"caps\">COP30<\/span>.<\/p>\n<aside class=\"boite_encarts\">\n<div class=\"encart encart_gris noprint\">\n<p><strong>Puisque vous \u00eates l\u00e0&#8230;<\/strong><\/p>\n<p>&#8230; nous avons un petit service \u00e0 vous demander.<br class=\"autobr\"\/><br \/>\nEntre la pr\u00e9sence d\u2019un climatosceptique \u00e0 la t\u00eate de la premi\u00e8re puissance mondiale, un gouvernement fran\u00e7ais qui flirte avec l\u2019extr\u00eame-droite, et les catastrophes climatiques qui s\u2019enchainent&#8230; Faire vivre l\u2019\u00e9cologie dans le d\u00e9bat public est un enjeu crucial.<\/p>\n<p>Personne ne modifie ce que nous publions. Nous n\u2019avons ni actionnaire, ni propri\u00e9taire milliardaire \u2014 seulement une \u00e9quipe d\u2019irr\u00e9ductibles journalistes, pleine de d\u00e9termination.<\/p>\n<p>Nous avons la conviction que l\u2019urgence \u00e9cologique est l\u2019enjeu majeur de notre \u00e9poque. Et comme plus de 2 millions de lectrices et lecteurs chaque mois, vous partagez sans doute cette conviction&#8230;<\/p>\n<p><strong>Depuis 12 ans, nous publions des articles de qualit\u00e9 sur l\u2019\u00e9cologie, en acc\u00e8s libre et sans publicit\u00e9, pour tous.<\/strong><br class=\"autobr\"\/><br \/>\nMais ce travail demande beaucoup de temps et de ressources.<\/p>\n<p>Alors, si vous en avez les moyens, sachez qu\u2019un don, m\u00eame d\u20191\u20ac, est un acte de soutien fort pour l\u2019\u00e9cologie et le journalisme ind\u00e9pendant.<br class=\"autobr\"\/><br \/>\n(Et \u00e7a vous prendra moins de temps que la lecture de ce texte).<\/p>\n<p><strong>Si vous le pouvez, choisissez un soutien mensuel. Merci.<\/strong><\/p>\n<p><a target=\"_blank\" href=\"https:\/\/reporterre.net\/dons\" class=\"bt_soutenir\">Je soutiens <i>Reporterre<\/i><\/a><\/p>\n<\/p><\/div>\n<div class=\"encart encart_vert noprint montre_1023\">\n<div class=\"infolettre-form-container noprint\">\n<p>Abonnez-vous \u00e0 la lettre d\u2019info de Reporterre<\/p>\n<\/div><\/div>\n<\/aside>\n<aside class=\"boite_apresarticle encart_note\">\n<\/aside>\n<aside class=\"boite_complement texte\">\n<p>      <!-- zone_forum --><br \/>\n          <\/aside>\n<aside class=\"boite_lireaussi noprint\">\n<\/aside>\n<aside class=\"colonne\">\n<div class=\"article_info cache_1023 noprint\">\n<p>    <span class=\"date\">11 f\u00e9vrier 2025  \u00e0 09h18<\/span><\/p>\n<p class=\"duree_lecture\">\n        Dur\u00e9e de lecture : 5 minutes\n      <\/p>\n<\/p><\/div>\n<div class=\"bloc_infolettre\">\n<div class=\"infolettre-form-container noprint\">\n<p>Abonnez-vous \u00e0 la lettre d\u2019info de Reporterre<\/p>\n<\/div><\/div>\n<\/aside>\n<div id=\"galerie\">\n  <img decoding=\"async\" src=\"\" class=\"principale\" id=\"principale\"\/><\/p>\n<p id=\"legende\">legende<\/p>\n<\/div>\n<footer class=\"noprint\">\n<\/footer>\n<\/div>\n<p><br \/>\n<br \/><a href=\"https:\/\/reporterre.net\/Climat-une-echeance-cruciale-ignoree-par-95-des-pays\" target=\"_blank\"\">Source link <\/a><\/p>\n","protected":false},"excerpt":{"rendered":"<p>\u00c0 peine plus de 5\u00a0%. Telle est la proportion des pays signataires de l\u2019Accord de Paris sur le climat \u00e0 avoir rendu leur copie \u00e0 temps. Ils avaient jusqu\u2019au 10\u00a0f\u00e9vrier&hellip; <\/p>\n","protected":false},"author":1,"featured_media":2379,"comment_status":"open","ping_status":"open","sticky":false,"template":"","format":"standard","meta":{"footnotes":""},"categories":[1],"tags":[],"class_list":["post-2378","post","type-post","status-publish","format-standard","has-post-thumbnail","hentry","category-non-classe"],"_links":{"self":[{"href":"https:\/\/monde25.info\/index.php\/wp-json\/wp\/v2\/posts\/2378","targetHints":{"allow":["GET"]}}],"collection":[{"href":"https:\/\/monde25.info\/index.php\/wp-json\/wp\/v2\/posts"}],"about":[{"href":"https:\/\/monde25.info\/index.php\/wp-json\/wp\/v2\/types\/post"}],"author":[{"embeddable":true,"href":"https:\/\/monde25.info\/index.php\/wp-json\/wp\/v2\/users\/1"}],"replies":[{"embeddable":true,"href":"https:\/\/monde25.info\/index.php\/wp-json\/wp\/v2\/comments?post=2378"}],"version-history":[{"count":0,"href":"https:\/\/monde25.info\/index.php\/wp-json\/wp\/v2\/posts\/2378\/revisions"}],"wp:featuredmedia":[{"embeddable":true,"href":"https:\/\/monde25.info\/index.php\/wp-json\/wp\/v2\/media\/2379"}],"wp:attachment":[{"href":"https:\/\/monde25.info\/index.php\/wp-json\/wp\/v2\/media?parent=2378"}],"wp:term":[{"taxonomy":"category","embeddable":true,"href":"https:\/\/monde25.info\/index.php\/wp-json\/wp\/v2\/categories?post=2378"},{"taxonomy":"post_tag","embeddable":true,"href":"https:\/\/monde25.info\/index.php\/wp-json\/wp\/v2\/tags?post=2378"}],"curies":[{"name":"wp","href":"https:\/\/api.w.org\/{rel}","templated":true}]}}