{"id":2380,"date":"2025-02-11T13:58:15","date_gmt":"2025-02-11T12:58:15","guid":{"rendered":"https:\/\/monde25.info\/index.php\/2025\/02\/11\/80-anniversaire-de-la-liberation-du-camp-dauschwitz-birkenau\/"},"modified":"2025-02-11T13:58:15","modified_gmt":"2025-02-11T12:58:15","slug":"80-anniversaire-de-la-liberation-du-camp-dauschwitz-birkenau","status":"publish","type":"post","link":"https:\/\/monde25.info\/index.php\/2025\/02\/11\/80-anniversaire-de-la-liberation-du-camp-dauschwitz-birkenau\/","title":{"rendered":"80\u00b0 anniversaire de la lib\u00e9ration du camp d\u2019Auschwitz-Birkenau"},"content":{"rendered":"<p> <br \/>\n<\/p>\n<div id=\"article-text\">\n<div class=\"article-text-images crayon article-texte-221752 \">\n<div align=\"center\"><img loading=\"lazy\" decoding=\"async\" src=\"https:\/\/www.voltairenet.org\/local\/cache-vignettes\/L800xH500\/400_-_1_2_-192-b02fc.jpg?1738249595\" class=\"spip_logo\" width=\"800\" height=\"500\" alt=\"\"\/><\/div>\n<p>La Pologne a c\u00e9l\u00e9br\u00e9 le 80\u00b0 anniversaire de la lib\u00e9ration du camp d\u2019Auschwitz-Birkenau en l\u2019absence des repr\u00e9sentants russes qui n\u2019\u00e9taient pas les bienvenus.<\/p>\n<p>\u261e L\u2019arm\u00e9e rouge a lib\u00e9r\u00e9 ce camp et pris Berlin, cependant les autorit\u00e9s de l\u2019Occident collectif tentent de se persuader que l\u2019URSS n\u2019a jamais affront\u00e9 l\u2019id\u00e9ologie nazie et s\u2019est seulement d\u00e9fendue contre un ennemi qui mena\u00e7ait son existence. Depuis 2005, l\u2019UE ne s\u2019offusque plus des d\u00e9fil\u00e9s nazis et, depuis 2019, elle r\u00e9\u00e9crit l\u2019histoire en rendant Moscou responsable de la Seconde Guerre mondiale. Paradoxalement, c\u2019est la Russie qui exige la d\u00e9nazification de l\u2019Ukraine, tandis que l\u2019Occident ne voit pas les monuments \u00e0 la gloire des nazis en Ukraine et ne vote plus les r\u00e9solutions des Nations unies contre la glorification du nazisme.<\/p>\n<p>\u261e Il y a cinq ans, le 23 janvier 2020, le pr\u00e9sident russe, Vladimir Poutine, \u00e9tait l\u2019invit\u00e9 sp\u00e9cial du Forum international du m\u00e9morial Yad Vashem, en Isra\u00ebl.<\/p>\n<p>\u261e Le Premier ministre isra\u00e9lien, Benyamin Netanyahou, n\u2019a pas non plus \u00e9t\u00e9 invit\u00e9 alors qu\u2019environ neuf personnes assassin\u00e9es sur dix \u00e0 Auschwitz-Birkenau \u00e9taient consid\u00e9r\u00e9es comme de \u00ab\u00a0race juive\u00a0\u00bb. Le gouvernement et la di\u00e8te polonais s\u2019\u00e9taient pourtant engag\u00e9s \u00e0 ne pas appliquer le mandat d\u2019arr\u00eat de la Cour p\u00e9nale internationale contre lui et d\u2019autres responsables isra\u00e9liens. Mais, ils avaient \u00e9t\u00e9 rappel\u00e9s \u00e0 l\u2019ordre par la Commission europ\u00e9enne (cf. VAI 2688).<\/p>\n<p>\u261e Contrairement \u00e0 l\u2019Allemagne (accords de r\u00e9parations, 1952, revus \u00e0 la hausse en 2019, revus encore \u00e0 la hausse en 2023), \u00e0 la Lettonie (1993), \u00e0 la France (1995), \u00e0 la Lituanie (1995), \u00e0 la Roumanie (2004), \u00e0 la Croatie (2011), \u00e0 la Belgique (2012), au Luxembourg (2015), \u00e0 l\u2019Autriche (2018) et aux Pays-Bas (2020), la Pologne refuse de reconna\u00eetre la moindre responsabilit\u00e9 dans la Shoah.<\/p>\n<blockquote class=\"spip\">\n<p>Cet article est extrait du num\u00e9ro 118 de \u00ab\u00a0Voltaire, actualit\u00e9 internationale\u00a0\u00bb. Le monde change vite. <a target=\"_blank\" href=\"https:\/\/buy.stripe.com\/7sI16i222cRI4UgcN9\" class=\"spip_out\" rel=\"external\">Abonnez-vous<\/a> \u00e0 notre lettre confidentielle hebdomadaire\u00a0; une source exceptionnelle d\u2019information sur la transition vers un monde multipolaire.<\/p>\n<\/blockquote>\n<\/div>\n<aside>\n<\/aside>\n<div class=\"follow\" id=\"social\">\n<h4>Restez en contact<\/h4>\n<div class=\"follow-left\">\n<h5>Suivez-nous sur les r\u00e9seaux sociaux<\/h5>\n<p><a target=\"_blank\" href=\"https:\/\/www.facebook.com\/R%C3%A9seau-Voltaire-en-fran%C3%A7ais-106616878523973\" title=\"\" target=\"_blank\"><img decoding=\"async\" src=\"https:\/\/www.voltairenet.org\/squelettes\/images\/follow-fb.png\" alt=\"\"\/><\/a><br \/>\n<a target=\"_blank\" href=\"https:\/\/t.me\/reseauvoltaire\" title=\"\" target=\"_blank\"><img decoding=\"async\" src=\"https:\/\/www.voltairenet.org\/squelettes\/images\/follow-tg.png\" alt=\"\"\/><\/a><br \/>\n<a target=\"_blank\" href=\"https:\/\/twitter.com\/voltairenetFr\" title=\"\" target=\"_blank\"><img decoding=\"async\" src=\"https:\/\/www.voltairenet.org\/squelettes\/images\/follow-tw.png\" alt=\"\"\/><\/a>\n<\/div>\n<p><h5>Subscribe to weekly newsletter<\/h5>\n<\/p>\n<\/div>\n<p><!--\n\n<div><\/div>\n\n--><\/p>\n<\/div>\n<p><script async src=\"\/\/platform.twitter.com\/widgets.js\" charset=\"utf-8\"><\/script><br \/>\n<br \/><br \/>\n<br \/><a href=\"https:\/\/www.voltairenet.org\/article221752.html\" target=\"_blank\"\">Source link <\/a><\/p>\n","protected":false},"excerpt":{"rendered":"<p>La Pologne a c\u00e9l\u00e9br\u00e9 le 80\u00b0 anniversaire de la lib\u00e9ration du camp d\u2019Auschwitz-Birkenau en l\u2019absence des repr\u00e9sentants russes qui n\u2019\u00e9taient pas les bienvenus. \u261e L\u2019arm\u00e9e rouge a lib\u00e9r\u00e9 ce camp&hellip; <\/p>\n","protected":false},"author":1,"featured_media":2381,"comment_status":"open","ping_status":"open","sticky":false,"template":"","format":"standard","meta":{"footnotes":""},"categories":[1],"tags":[],"class_list":["post-2380","post","type-post","status-publish","format-standard","has-post-thumbnail","hentry","category-non-classe"],"_links":{"self":[{"href":"https:\/\/monde25.info\/index.php\/wp-json\/wp\/v2\/posts\/2380","targetHints":{"allow":["GET"]}}],"collection":[{"href":"https:\/\/monde25.info\/index.php\/wp-json\/wp\/v2\/posts"}],"about":[{"href":"https:\/\/monde25.info\/index.php\/wp-json\/wp\/v2\/types\/post"}],"author":[{"embeddable":true,"href":"https:\/\/monde25.info\/index.php\/wp-json\/wp\/v2\/users\/1"}],"replies":[{"embeddable":true,"href":"https:\/\/monde25.info\/index.php\/wp-json\/wp\/v2\/comments?post=2380"}],"version-history":[{"count":0,"href":"https:\/\/monde25.info\/index.php\/wp-json\/wp\/v2\/posts\/2380\/revisions"}],"wp:featuredmedia":[{"embeddable":true,"href":"https:\/\/monde25.info\/index.php\/wp-json\/wp\/v2\/media\/2381"}],"wp:attachment":[{"href":"https:\/\/monde25.info\/index.php\/wp-json\/wp\/v2\/media?parent=2380"}],"wp:term":[{"taxonomy":"category","embeddable":true,"href":"https:\/\/monde25.info\/index.php\/wp-json\/wp\/v2\/categories?post=2380"},{"taxonomy":"post_tag","embeddable":true,"href":"https:\/\/monde25.info\/index.php\/wp-json\/wp\/v2\/tags?post=2380"}],"curies":[{"name":"wp","href":"https:\/\/api.w.org\/{rel}","templated":true}]}}