{"id":2384,"date":"2025-02-11T15:05:58","date_gmt":"2025-02-11T14:05:58","guid":{"rendered":"https:\/\/monde25.info\/index.php\/2025\/02\/11\/le-siege-de-tesla-repeint-en-brun-nazi-a-paris\/"},"modified":"2025-02-11T15:05:58","modified_gmt":"2025-02-11T14:05:58","slug":"le-siege-de-tesla-repeint-en-brun-nazi-a-paris","status":"publish","type":"post","link":"https:\/\/monde25.info\/index.php\/2025\/02\/11\/le-siege-de-tesla-repeint-en-brun-nazi-a-paris\/","title":{"rendered":"le si\u00e8ge de Tesla repeint en \u00ab\u00a0brun nazi\u00a0\u00bb \u00e0 Paris"},"content":{"rendered":"<p> <br \/>\n<\/p>\n<div>\n<p class=\"indication_lieu\">Saint-Ouen (Seine-Saint-Denis), reportage<\/p>\n<p>La couleur <i>\u00ab<small class=\"fine d-inline\">\u00a0<\/small>brun nazi<small class=\"fine d-inline\">\u00a0<\/small>\u00bb<\/i> a \u00e9t\u00e9 concoct\u00e9e sp\u00e9cialement pour l\u2019occasion. Nous sommes le 11\u00a0f\u00e9vrier \u00e0 Saint-Ouen (Seine-Saint-Denis), il est un peu plus de 8\u00a0heures du matin et, sous le regard interloqu\u00e9 de passants, une dizaine d\u2019activistes d\u2019Action Justice Climat (<span class=\"caps\">AJC<\/span>, <a target=\"_blank\" href=\"https:\/\/reporterre.net\/Alternatiba-des-desaccords-strategiques-menent-a-la-scission\">ex-Alternatiba Paris<\/a>) tartinent la fa\u00e7ade du si\u00e8ge social de Tesla France d\u2019une peinture marronnasse. Perch\u00e9s sur la terrasse du b\u00e2timent du g\u00e9ant de l\u2019automobile \u00e9lectrique, deux autres d\u00e9ploient dans le m\u00eame temps une banderole. Sur celle-ci a \u00e9t\u00e9 dessin\u00e9 <a target=\"_blank\" href=\"https:\/\/reporterre.net\/Salut-nazi-et-conquete-de-Mars-Un-discours-qui-veut-reveiller-la-puissance-des-Etats-Unis\">Elon Musk faisant un salut nazi<\/a> \u2014 un geste fait lors de l\u2019investiture de Donald Trump \u00e0 la Maison Blanche, le 20\u00a0janvier\u00a0\u2014, le tout accompagn\u00e9 de ce message\u00a0: <i>\u00ab<small class=\"fine d-inline\">\u00a0<\/small>Le fascisme passe la seconde.<small class=\"fine d-inline\">\u00a0<\/small>\u00bb<\/i><\/p>\n<p><i>\u00ab<small class=\"fine d-inline\">\u00a0<\/small>Nous souhaitons alerter sur la mont\u00e9e du fascisme<small class=\"fine d-inline\">\u00a0<\/small>\u00bb<\/i>, rench\u00e9rit un des militants, avant de filer rapidement. L\u2019action, qui s\u2019inscrivait dans la lign\u00e9e d\u2019une op\u00e9ration similaire men\u00e9e par des <a target=\"_blank\" href=\"https:\/\/www.liberation.fr\/international\/europe\/heil-tesla-en-allemagne-le-salut-nazi-delon-musk-projete-sur-une-usine-tesla-20250124_WEJI7LPYURGG5AZ4QUPQX43JTE\/\" class=\"spip_out\" rel=\"external\">activistes allemands fin janvier<\/a>, n\u2019aura m\u00eame pas dur\u00e9 cinq minutes.<\/p>\n<p>Le calendrier n\u2019a pas \u00e9t\u00e9 choisi au hasard\u00a0: le patron de Tesla, convi\u00e9 par l\u2019\u00c9lys\u00e9e, devait th\u00e9oriquement participer ce jour-l\u00e0 \u00e0 la deuxi\u00e8me journ\u00e9e du <a target=\"_blank\" href=\"https:\/\/reporterre.net\/Ruee-sur-l-intelligence-artificielle-une-dangereuse-illusion-au-service-de-la-Big-Tech\">Sommet international sur l\u2019intelligence artificielle (<span class=\"caps\">IA<\/span>)<\/a>, \u00e0 Paris. Si le multimilliardaire n\u2019a finalement pas fait le d\u00e9placement, une chose est s\u00fbre pour <span class=\"caps\">AJC<\/span>, comme le dit un collage appliqu\u00e9 sur les baies vitr\u00e9es de l\u2019\u00e9difice\u00a0: <i>\u00ab<small class=\"fine d-inline\">\u00a0<\/small>On n\u2019invite pas les fascistes, on les combat.<small class=\"fine d-inline\">\u00a0<\/small>\u00bb<\/i><\/p>\n<div class=\"spip_document_88643 spip_document spip_documents spip_document_image spip_documents_center spip_document_center spip_document_avec_legende\" data-legende-len=\"91\" data-legende-lenx=\"xx\">\n<figure class=\"spip_doc_inner\">\n      <picture><source type=\"image\/webp\" srcset=\"https:\/\/reporterre.net\/local\/cache-vignettes\/L1050xH700\/3_-_collage_-_on_n_invite_pas_les_fascistes_on_les_combat_-ff619.jpg@.webp?1739274750\"><img decoding=\"async\" src=\"https:\/\/reporterre.net\/IMG\/jpg\/3_-_collage_-_on_n_invite_pas_les_fascistes_on_les_combat_.jpg\" width=\"1200\" height=\"800\" loading=\"lazy\" alt=\"\"\/><br \/>\n    <\/source><\/picture><figcaption class=\"spip_doc_legende\">\n<p>L\u2019op\u00e9ration des membres d\u2019<span class=\"caps\"><span class=\"caps\">AJC<\/span><\/span> a dur\u00e9 moins de cinq minutes.<br \/>\n<i>\u00a9 NnoMan Cadoret \/ Reporterre<\/i><\/p>\n<\/figcaption><\/figure>\n<\/p><\/div>\n<h2 class=\"spip\">\u00ab<small class=\"fine d-inline\">\u00a0<\/small>Fasciste notoire et revendiqu\u00e9<small class=\"fine d-inline\">\u00a0<\/small>\u00bb<\/h2>\n<p><i>\u00ab<small class=\"fine d-inline\">\u00a0<\/small>Musk est aujourd\u2019hui un fasciste notoire et revendiqu\u00e9, et ce encore plus depuis la r\u00e9\u00e9lection de Trump. Or, Tesla est la premi\u00e8re source de sa fortune, qui lui a permis de racheter X, de financer la campagne de Trump, et a fortiori de financer la mont\u00e9e du fascisme<small class=\"fine d-inline\">\u00a0<\/small>\u00bb<\/i>, indique L\u00e9a Za\u00efdat, porte-parole de l\u2019association.<\/p>\n<p>Et si des mesures d\u00e9l\u00e9t\u00e8res <a target=\"_blank\" href=\"https:\/\/reporterre.net\/Des-son-investiture-Donald-Trump-multiplie-les-decrets-anti-ecolo\">pour le climat<\/a> et les droits humains ont d\u00e9j\u00e0 \u00e9t\u00e9 prises par la nouvelle administration aux \u00c9tats-Unis, l\u2019organisation s\u2019inqui\u00e8te aussi de l\u2019exportation de telles politiques en Europe\u00a0: Musk, qui a \u00e9t\u00e9 nomm\u00e9 chef du d\u00e9partement \u00e9tasunien de <i>\u00ab<small class=\"fine d-inline\">\u00a0<\/small>l\u2019efficacit\u00e9 gouvernementale<small class=\"fine d-inline\">\u00a0<\/small>\u00bb<\/i>, ne cesse de multiplier <a target=\"_blank\" href=\"https:\/\/reporterre.net\/Salut-nazi-et-conquete-de-Mars-Un-discours-qui-veut-reveiller-la-puissance-des-Etats-Unis\">les d\u00e9clarations de soutien \u00e0 l\u2019extr\u00eame droite europ\u00e9enne<\/a>.<\/p>\n<div class=\"spip_document_88641 spip_document spip_documents spip_document_image spip_documents_center spip_document_center spip_document_avec_legende\" data-legende-len=\"117\" data-legende-lenx=\"xx\">\n<figure class=\"spip_doc_inner\">\n      <picture><source type=\"image\/webp\" srcset=\"https:\/\/reporterre.net\/local\/cache-vignettes\/L1050xH700\/1_-_banderole_sur_le_batiment_tesla_-682d1.jpg@.webp?1739274750\"><img decoding=\"async\" src=\"https:\/\/reporterre.net\/IMG\/jpg\/1_-_banderole_sur_le_batiment_tesla_.jpg\" width=\"1200\" height=\"800\" loading=\"lazy\" alt=\"\"\/><br \/>\n    <\/source><\/picture><figcaption class=\"spip_doc_legende\">\n<p>Elon Musk poss\u00e8de \u00ab<small class=\"fine d-inline\">\u00a0<\/small><small class=\"fine d-inline\">\u00a0<\/small>tous les moyens pour accompagner la mont\u00e9e de l\u2019extr\u00eame droite<small class=\"fine d-inline\">\u00a0<\/small><small class=\"fine d-inline\">\u00a0<\/small>\u00bb.<br \/>\n<i>\u00a9 NnoMan Cadoret \/ Reporterre<\/i><\/p>\n<\/figcaption><\/figure>\n<\/p><\/div>\n<p>Depuis d\u00e9cembre dernier, le propri\u00e9taire de Starlink, Neuralink ou encore xAI a ainsi vant\u00e9 \u00e0 plusieurs reprises les m\u00e9rites de l\u2019Alternative pour l\u2019Allemagne (AfD), un parti d\u2019extr\u00eame droite ayant notamment \u00e0 c\u0153ur de <i>\u00ab<small class=\"fine d-inline\">\u00a0<\/small>remigrer<small class=\"fine d-inline\">\u00a0<\/small>\u00bb<\/i> 2\u00a0millions d\u2019exil\u00e9s ou d\u2019Allemands d\u2019origine \u00e9trang\u00e8re en dehors du pays. Un appui public qui, semble-t-il, porte ses fruits\u00a0: ces derni\u00e8res semaines, alors que des \u00e9lections l\u00e9gislatives f\u00e9d\u00e9rales auront lieu le 23\u00a0f\u00e9vrier en Allemagne, les intentions de vote pour l\u2019AfD sont mont\u00e9es <a target=\"_blank\" href=\"https:\/\/www.lemonde.fr\/international\/article\/2025\/01\/13\/allemagne-remigration-sortie-de-l-euro-l-afd-assume-son-programme-d-extreme-droite_6495407_3210.html\" class=\"spip_out\" rel=\"external\">\u00e0 plus de 20<small class=\"fine d-inline\">\u00a0<\/small>%<\/a>, pla\u00e7ant le parti en seconde position dans les sondages derri\u00e8re les conservateurs du <span class=\"caps\">CDU<\/span>\/<span class=\"caps\">CSU<\/span> (30<small class=\"fine d-inline\">\u00a0<\/small>%).<\/p>\n<p><i>\u00ab<small class=\"fine d-inline\">\u00a0<\/small>Musk a le profil parfait du technofasciste\u00a0: il concentre \u00e0 lui seul les pouvoirs technologique, politique, m\u00e9diatique et \u00e9conomique, et poss\u00e8de ainsi tous les moyens pour accompagner la mont\u00e9e de l\u2019extr\u00eame droite. C\u2019est extr\u00eamement inqui\u00e9tant, de m\u00eame qu\u2019il est tr\u00e8s pr\u00e9occupant qu\u2019il soit convi\u00e9 en grande pompe par Emmanuel Macron au Sommet sur l\u2019<span class=\"caps\">IA<\/span><small class=\"fine d-inline\">\u00a0<\/small>\u00bb<\/i>, ajoute L\u00e9a Za\u00efdat, qui rappelle que pour <span class=\"caps\">AJC<\/span>, <i>\u00ab<small class=\"fine d-inline\">\u00a0<\/small>il n\u2019y a pas d\u2019\u00e9cologie sans lutte contre le fascisme<small class=\"fine d-inline\">\u00a0<\/small>\u00bb<\/i>.<\/p>\n<p>Alors que, <a target=\"_blank\" href=\"https:\/\/www.sudouest.fr\/economie\/auto-moto\/tesla-des-ventes-en-chute-libre-en-france-et-en-allemagne-la-faute-de-son-patron-elon-musk-23157686.php\" class=\"spip_out\" rel=\"external\">selon l\u2019<span class=\"caps\">AFP<\/span><\/a>, les ventes de Tesla ont \u00e9t\u00e9 divis\u00e9es par deux entre janvier 2024 et janvier 2025 en France et en Allemagne, l\u2019activiste l\u2019assure\u00a0: <i>\u00ab<small class=\"fine d-inline\">\u00a0<\/small>Musk est un adversaire, et on ne va rien l\u00e2cher.<small class=\"fine d-inline\">\u00a0<\/small>\u00bb<\/i><\/p>\n<div class=\"spip_document_88650 spip_document spip_documents spip_document_image spip_documents_center spip_document_center spip_document_avec_legende\" data-legende-len=\"105\" data-legende-lenx=\"xx\">\n<figure class=\"spip_doc_inner\">\n      <picture><source type=\"image\/webp\" srcset=\"https:\/\/reporterre.net\/local\/cache-vignettes\/L1050xH700\/4_-_facade_du_siege_tesla_-cad23.jpg@.webp?1739274806\"><img decoding=\"async\" src=\"https:\/\/reporterre.net\/IMG\/jpg\/4_-_facade_du_siege_tesla_.jpg\" width=\"1200\" height=\"800\" loading=\"lazy\" alt=\"\"\/><br \/>\n    <\/source><\/picture><figcaption class=\"spip_doc_legende\">\n<p>L\u2019action s\u2019est d\u00e9roul\u00e9e juste avant l\u2019ouverture du si\u00e8ge de Tesla France.<br \/>\n<i>\u00a9 NnoMan Cadoret \/ Reporterre<\/i><\/p>\n<\/figcaption><\/figure>\n<\/p><\/div>\n<h2 class=\"spip\">\u00ab<small class=\"fine d-inline\">\u00a0<\/small>Peur qu\u2019on d\u00e9grade mes Tesla<small class=\"fine d-inline\">\u00a0<\/small>\u00bb<\/h2>\n<p>Devant le si\u00e8ge de Tesla France, en tout cas, de nombreuses personnes s\u2019arr\u00eatent pour prendre en photo le collage. Comme Nicolas, 45\u00a0ans\u00a0: <i>\u00ab<small class=\"fine d-inline\">\u00a0<\/small>Je ne suis pas d\u2019accord avec le fait de faire des d\u00e9gradations, mais j\u2019approuve le fond du message\u00a0: avant, j\u2019admirais Musk, \u00e0 pr\u00e9sent, je le d\u00e9teste. La mont\u00e9e du fascisme fait peur.<small class=\"fine d-inline\">\u00a0<\/small>\u00bb<\/i><\/p>\n<p>L\u2019homme, venu acheter une pi\u00e8ce pour un de ses v\u00e9hicules, dit \u00eatre lui-m\u00eame propri\u00e9taire de\u2026 30 Tesla (!), qu\u2019il met en location. <i>\u00ab<small class=\"fine d-inline\">\u00a0<\/small>D\u00e9sormais, j\u2019ai peur qu\u2019on me les d\u00e9grade. Alors que je les ai achet\u00e9es avant ses discours de merde<small class=\"fine d-inline\">\u00a0<\/small>!<small class=\"fine d-inline\">\u00a0<\/small>\u00bb<\/i> Quelques minutes plus tard, vers 9\u00a0heures, des employ\u00e9s sortent du b\u00e2timent. Arm\u00e9s d\u2019essuie-tout bleu, ils tentent de retirer la peinture de la fa\u00e7ade. Probl\u00e8me\u00a0: plus ils l\u2019essuient, plus celle-ci s\u2019\u00e9tale.<\/p>\n<div class=\"spip_document_88648 spip_document spip_documents spip_document_image spip_documents_center spip_document_center spip_document_avec_legende\" data-legende-len=\"117\" data-legende-lenx=\"xx\">\n<figure class=\"spip_doc_inner\">\n      <picture><source type=\"image\/webp\" srcset=\"https:\/\/reporterre.net\/local\/cache-vignettes\/L1050xH700\/9_-_les_salaries_essayent_de_vite_nettoyer_la_vitrine_a_l_ouverture_-cdadf.jpg@.webp?1739274750\"><img decoding=\"async\" src=\"https:\/\/reporterre.net\/IMG\/jpg\/9_-_les_salaries_essayent_de_vite_nettoyer_la_vitrine_a_l_ouverture_.jpg\" width=\"1200\" height=\"800\" loading=\"lazy\" alt=\"\"\/><br \/>\n    <\/source><\/picture><figcaption class=\"spip_doc_legende\">\n<p>Les salari\u00e9s de Tesla tentent de nettoyer les vitres \u00e0 l\u2019ouverture du si\u00e8ge de Tesla.<br \/>\n<i>\u00a9 NnoMan Cadoret \/ Reporterre<\/i><\/p>\n<\/figcaption><\/figure>\n<\/p><\/div>\n<aside class=\"boite_encarts\">\n<div class=\"encart encart_gris noprint\">\n<p><strong>Puisque vous \u00eates l\u00e0&#8230;<\/strong><\/p>\n<p>&#8230; nous avons un petit service \u00e0 vous demander.<br class=\"autobr\"\/><br \/>\nEntre la pr\u00e9sence d\u2019un climatosceptique \u00e0 la t\u00eate de la premi\u00e8re puissance mondiale, un gouvernement fran\u00e7ais qui flirte avec l\u2019extr\u00eame-droite, et les catastrophes climatiques qui s\u2019enchainent&#8230; Faire vivre l\u2019\u00e9cologie dans le d\u00e9bat public est un enjeu crucial.<\/p>\n<p>Personne ne modifie ce que nous publions. Nous n\u2019avons ni actionnaire, ni propri\u00e9taire milliardaire \u2014 seulement une \u00e9quipe d\u2019irr\u00e9ductibles journalistes, pleine de d\u00e9termination.<\/p>\n<p>Nous avons la conviction que l\u2019urgence \u00e9cologique est l\u2019enjeu majeur de notre \u00e9poque. Et comme plus de 2 millions de lectrices et lecteurs chaque mois, vous partagez sans doute cette conviction&#8230;<\/p>\n<p><strong>Depuis 12 ans, nous publions des articles de qualit\u00e9 sur l\u2019\u00e9cologie, en acc\u00e8s libre et sans publicit\u00e9, pour tous.<\/strong><br class=\"autobr\"\/><br \/>\nMais ce travail demande beaucoup de temps et de ressources.<\/p>\n<p>Alors, si vous en avez les moyens, sachez qu\u2019un don, m\u00eame d\u20191\u20ac, est un acte de soutien fort pour l\u2019\u00e9cologie et le journalisme ind\u00e9pendant.<br class=\"autobr\"\/><br \/>\n(Et \u00e7a vous prendra moins de temps que la lecture de ce texte).<\/p>\n<p><strong>Si vous le pouvez, choisissez un soutien mensuel. Merci.<\/strong><\/p>\n<p><a target=\"_blank\" href=\"https:\/\/reporterre.net\/dons\" class=\"bt_soutenir\">Je soutiens <i>Reporterre<\/i><\/a><\/p>\n<\/p><\/div>\n<div class=\"encart encart_vert noprint montre_1023\">\n<div class=\"infolettre-form-container noprint\">\n<p>Abonnez-vous \u00e0 la lettre d\u2019info de Reporterre<\/p>\n<\/div><\/div>\n<\/aside>\n<aside class=\"boite_apresarticle encart_note\">\n<h4>Apr\u00e8s cet article<\/h4>\n<p>      <a target=\"_blank\" href=\"https:\/\/reporterre.net\/Salut-nazi-et-conquete-de-Mars-Un-discours-qui-veut-reveiller-la-puissance-des-Etats-Unis\" class=\"lien_article\">\n      <picture class=\"vignette_gauche\"><source type=\"image\/webp\" srcset=\"https:\/\/reporterre.net\/local\/cache-vignettes\/L450xH300\/bringmehisscalp-97371.jpg@.webp?1737477883\"><img decoding=\"async\" src=\"https:\/\/reporterre.net\/local\/cache-vignettes\/L450xH300\/bringmehisscalp-97371.jpg?1737477883\" width=\"450\" height=\"300\" alt=\"\" class=\"marge12\" loading=\"lazy\"\/><br \/>\n<\/source><\/picture>\n<p class=\"libelle\">\n<p>          Entretien \u2014<\/p>\n<p>      Monde\n    <\/p>\n<p class=\"titre pol20\">Salut nazi et conqu\u00eate de Mars\u00a0: \u00ab<small class=\"fine d-inline\">\u00a0<\/small>Un discours qui veut r\u00e9veiller la puissance des \u00c9tats-Unis<small class=\"fine d-inline\">\u00a0<\/small>\u00bb<\/p>\n<p>      <\/a><br \/>\n    <\/aside>\n<aside class=\"boite_complement texte\">\n<p>      <!-- zone_forum --><br \/>\n          <\/aside>\n<aside class=\"boite_lireaussi noprint\">\n<\/aside>\n<aside class=\"colonne\">\n<div class=\"article_info cache_1023 noprint\">\n<p>    <span class=\"date\">11 f\u00e9vrier 2025  \u00e0 14h42<\/span><\/p>\n<p class=\"duree_lecture\">\n        Dur\u00e9e de lecture : 4 minutes\n      <\/p>\n<\/p><\/div>\n<div class=\"bloc_infolettre\">\n<div class=\"infolettre-form-container noprint\">\n<p>Abonnez-vous \u00e0 la lettre d\u2019info de Reporterre<\/p>\n<\/div><\/div>\n<\/aside>\n<div id=\"galerie\">\n  <img decoding=\"async\" src=\"\" class=\"principale\" id=\"principale\"\/><\/p>\n<p id=\"legende\">legende<\/p>\n<\/div>\n<footer class=\"noprint\">\n<\/footer>\n<\/div>\n<p><br \/>\n<br \/><a href=\"https:\/\/reporterre.net\/Musk-est-un-fasciste-notoire-le-siege-de-Tesla-repeint-en-brun-nazi-a-Paris\" target=\"_blank\"\">Source link <\/a><\/p>\n","protected":false},"excerpt":{"rendered":"<p>Saint-Ouen (Seine-Saint-Denis), reportage La couleur \u00ab\u00a0brun nazi\u00a0\u00bb a \u00e9t\u00e9 concoct\u00e9e sp\u00e9cialement pour l\u2019occasion. Nous sommes le 11\u00a0f\u00e9vrier \u00e0 Saint-Ouen (Seine-Saint-Denis), il est un peu plus de 8\u00a0heures du matin et,&hellip; <\/p>\n","protected":false},"author":1,"featured_media":2385,"comment_status":"open","ping_status":"open","sticky":false,"template":"","format":"standard","meta":{"footnotes":""},"categories":[1],"tags":[],"class_list":["post-2384","post","type-post","status-publish","format-standard","has-post-thumbnail","hentry","category-non-classe"],"_links":{"self":[{"href":"https:\/\/monde25.info\/index.php\/wp-json\/wp\/v2\/posts\/2384","targetHints":{"allow":["GET"]}}],"collection":[{"href":"https:\/\/monde25.info\/index.php\/wp-json\/wp\/v2\/posts"}],"about":[{"href":"https:\/\/monde25.info\/index.php\/wp-json\/wp\/v2\/types\/post"}],"author":[{"embeddable":true,"href":"https:\/\/monde25.info\/index.php\/wp-json\/wp\/v2\/users\/1"}],"replies":[{"embeddable":true,"href":"https:\/\/monde25.info\/index.php\/wp-json\/wp\/v2\/comments?post=2384"}],"version-history":[{"count":0,"href":"https:\/\/monde25.info\/index.php\/wp-json\/wp\/v2\/posts\/2384\/revisions"}],"wp:featuredmedia":[{"embeddable":true,"href":"https:\/\/monde25.info\/index.php\/wp-json\/wp\/v2\/media\/2385"}],"wp:attachment":[{"href":"https:\/\/monde25.info\/index.php\/wp-json\/wp\/v2\/media?parent=2384"}],"wp:term":[{"taxonomy":"category","embeddable":true,"href":"https:\/\/monde25.info\/index.php\/wp-json\/wp\/v2\/categories?post=2384"},{"taxonomy":"post_tag","embeddable":true,"href":"https:\/\/monde25.info\/index.php\/wp-json\/wp\/v2\/tags?post=2384"}],"curies":[{"name":"wp","href":"https:\/\/api.w.org\/{rel}","templated":true}]}}